{"id":3924,"date":"2024-12-17T20:26:27","date_gmt":"2024-12-17T20:26:27","guid":{"rendered":"https:\/\/comision20dediciembrede1989.org.pa\/?p=3924"},"modified":"2025-02-05T23:31:32","modified_gmt":"2025-02-05T23:31:32","slug":"identifican-mas-victimas-de-la-invasion-del-20-de-diciembre-a-panama","status":"publish","type":"post","link":"https:\/\/comision20dediciembrede1989.org.pa\/index.php\/2024\/12\/17\/identifican-mas-victimas-de-la-invasion-del-20-de-diciembre-a-panama\/","title":{"rendered":"Identifican m\u00e1s v\u00edctimas de la invasi\u00f3n del 20 de diciembre a Panam\u00e1"},"content":{"rendered":"<p>La Comisi\u00f3n del 20 de Diciembre de 1989 present\u00f3 un informe en el que se da por confirmada la identidad de siete personas, v\u00edctimas de la invasi\u00f3n de los Estados Unidos a nuestro pa\u00eds.<\/p>\n<p>La comisi\u00f3n inform\u00f3 que estas siete v\u00edctimas corresponden a los restos ubicados en las sepulturas\u00a0No.2, No.3, No.5, No.21, No.22, No.38 y No.39; mismas que fueron exhumadas en enero de 2020, y que se encuentran en el\u00a0Cementerio Jard\u00edn de Paz de la ciudad capital.<\/p>\n<p>La identidad de\u00a0estas v\u00edctimas\u00a0fue confirmada a trav\u00e9s de estudios gen\u00e9ticos realizados en este a\u00f1o 2024 por el\u00a0Instituto de Medicina Legal y Ciencias Forenses\u00a0(Imelcf) y tambi\u00e9n por la\u00a0Fundaci\u00f3n de Antropolog\u00eda Forense de la Rep\u00fablica de Guatemala\u00a0(FAFG).<\/p>\n<p>Seg\u00fan el informe de la comisi\u00f3n, cada una de las familias a las cuales pertenecen los restos identificados, ser\u00e1n informadas sobre el proceso mediante el cual se produjo la identificaci\u00f3n, y adem\u00e1s, coordinar\u00e1 el acto de\u00a0entrega e inhumaci\u00f3n, procurando as\u00ed facilitar un procedimiento correcto para la restituci\u00f3n de los restos a sus respectivos familiares \u00absea humanitario, digno y, en cierta medida, reparador\u00bb.<\/p>\n<p>En el comunicado, se indica que lo actuado \u00abrepresent\u00f3 un desaf\u00edo significativo\u00bb para la identificaci\u00f3n de los restos, \u00abdebido a la degradaci\u00f3n molecular del material gen\u00e9tico; en los casos de calcinaci\u00f3n, las altas temperaturas fragmentan el ADN\u00bb, con lo cual \u00abse causan da\u00f1os irreparables\u00bb, pero \u00aba diferencia de restos deteriorados o antiguos, condiciones de humendad y temperatura aceleran la descomposici\u00f3n del ADN\u00bb.<\/p>\n<p>La comisi\u00f3n tambi\u00e9n inform\u00f3 que hay otros 4 casos de v\u00edctimas, cuyas identidades han sido confirmadas, sin embargo, a\u00fan est\u00e1 pendiente la elaboraci\u00f3n del informe oficial, a fin de formalizar los hallazgos, lo cual podr\u00eda ocurrir en los pr\u00f3ximos d\u00edas.<\/p>\n<p>Los familiares de v\u00edctimas del 20 de diciembre de 1989 han esperado m\u00e1s de tres d\u00e9cadas para conocer la identidad de quienes perdieron la vida en la invasi\u00f3n estadounidense a Panam\u00e1.<\/p>\n<p>Fuente: <a href=\"https:\/\/destinopanama.com.pa\/2024\/12\/identifican-mas-victimas-de-la-invasion-del-20-de-diciembre-a-panama\/\">Destino Panama<\/a><\/p>\n","protected":false},"excerpt":{"rendered":"<p>La Comisi\u00f3n del 20 de Diciembre de 1989 present\u00f3 un informe en el que se da por confirmada la identidad de siete personas, v\u00edctimas de la invasi\u00f3n de los Estados Unidos a nuestro pa\u00eds. La comisi\u00f3n inform\u00f3 que estas siete v\u00edctimas corresponden a los restos ubicados en las sepulturas\u00a0No.2, No.3, No.5, No.21, No.22, No.38 y No.39; mismas que fueron exhumadas en enero de 2020, y que se encuentran en el\u00a0Cementerio Jard\u00edn de Paz de la ciudad capital. La identidad de\u00a0estas v\u00edctimas\u00a0fue confirmada a trav\u00e9s de estudios gen\u00e9ticos realizados en este a\u00f1o 2024 por el\u00a0Instituto de Medicina Legal y Ciencias Forenses\u00a0(Imelcf) y tambi\u00e9n por la\u00a0Fundaci\u00f3n de Antropolog\u00eda Forense de la Rep\u00fablica de Guatemala\u00a0(FAFG). Seg\u00fan el informe de la comisi\u00f3n, cada una de las familias a las cuales pertenecen los restos identificados, ser\u00e1n informadas sobre el proceso mediante el cual se produjo la identificaci\u00f3n, y adem\u00e1s, coordinar\u00e1 el acto de\u00a0entrega e inhumaci\u00f3n, procurando as\u00ed facilitar un procedimiento correcto para la restituci\u00f3n de los restos a sus respectivos familiares \u00absea humanitario, digno y, en cierta medida, reparador\u00bb. En el comunicado, se indica que lo actuado \u00abrepresent\u00f3 un desaf\u00edo significativo\u00bb para la identificaci\u00f3n de los restos, \u00abdebido a la degradaci\u00f3n molecular del material gen\u00e9tico; en los casos de calcinaci\u00f3n, las altas temperaturas fragmentan el ADN\u00bb, con lo cual \u00abse causan da\u00f1os irreparables\u00bb, pero \u00aba diferencia de restos deteriorados o antiguos, condiciones de humendad y temperatura aceleran la descomposici\u00f3n del ADN\u00bb. La comisi\u00f3n tambi\u00e9n inform\u00f3 que hay otros 4 casos de v\u00edctimas, cuyas identidades han [&hellip;]<\/p>\n","protected":false},"author":6,"featured_media":0,"comment_status":"closed","ping_status":"closed","sticky":false,"template":"","format":"standard","meta":{"footnotes":""},"categories":[126,119],"tags":[],"class_list":["post-3924","post","type-post","status-publish","format-standard","hentry","category-12-2024","category-119"],"yoast_head":"<!-- This site is optimized with the Yoast SEO plugin v27.5 - https:\/\/yoast.com\/product\/yoast-seo-wordpress\/ -->\n<title>Identifican m\u00e1s v\u00edctimas de la invasi\u00f3n del 20 de diciembre<\/title>\n<meta name=\"description\" content=\"La Comisi\u00f3n del 20 de Diciembre de 1989 present\u00f3 un informe en el que se da por confirmada la identidad de siete personas, v\u00edctimas de\" \/>\n<meta name=\"robots\" content=\"index, follow, max-snippet:-1, max-image-preview:large, max-video-preview:-1\" \/>\n<link rel=\"canonical\" href=\"https:\/\/comision20dediciembrede1989.org.pa\/index.php\/2024\/12\/17\/identifican-mas-victimas-de-la-invasion-del-20-de-diciembre-a-panama\/\" \/>\n<meta property=\"og:locale\" content=\"es_ES\" \/>\n<meta property=\"og:type\" content=\"article\" \/>\n<meta property=\"og:title\" content=\"Identifican m\u00e1s v\u00edctimas de la invasi\u00f3n del 20 de diciembre\" \/>\n<meta property=\"og:description\" content=\"La Comisi\u00f3n del 20 de Diciembre de 1989 present\u00f3 un informe en el que se da por confirmada la identidad de siete personas, v\u00edctimas de\" \/>\n<meta property=\"og:url\" content=\"https:\/\/comision20dediciembrede1989.org.pa\/index.php\/2024\/12\/17\/identifican-mas-victimas-de-la-invasion-del-20-de-diciembre-a-panama\/\" \/>\n<meta property=\"og:site_name\" content=\"Comision 20 de diciembre\" \/>\n<meta property=\"article:published_time\" content=\"2024-12-17T20:26:27+00:00\" \/>\n<meta property=\"article:modified_time\" content=\"2025-02-05T23:31:32+00:00\" \/>\n<meta name=\"author\" content=\"a dg\" \/>\n<meta name=\"twitter:card\" content=\"summary_large_image\" \/>\n<meta name=\"twitter:label1\" content=\"Escrito por\" \/>\n\t<meta name=\"twitter:data1\" content=\"a dg\" \/>\n\t<meta name=\"twitter:label2\" content=\"Tiempo de lectura\" \/>\n\t<meta name=\"twitter:data2\" content=\"2 minutos\" \/>\n<script type=\"application\/ld+json\" class=\"yoast-schema-graph\">{\"@context\":\"https:\\\/\\\/schema.org\",\"@graph\":[{\"@type\":\"Article\",\"@id\":\"https:\\\/\\\/comision20dediciembrede1989.org.pa\\\/index.php\\\/2024\\\/12\\\/17\\\/identifican-mas-victimas-de-la-invasion-del-20-de-diciembre-a-panama\\\/#article\",\"isPartOf\":{\"@id\":\"https:\\\/\\\/comision20dediciembrede1989.org.pa\\\/index.php\\\/2024\\\/12\\\/17\\\/identifican-mas-victimas-de-la-invasion-del-20-de-diciembre-a-panama\\\/\"},\"author\":{\"name\":\"a dg\",\"@id\":\"https:\\\/\\\/comision20dediciembrede1989.org.pa\\\/#\\\/schema\\\/person\\\/2627c63c9634ca580036064042ce2c25\"},\"headline\":\"Identifican m\u00e1s v\u00edctimas de la invasi\u00f3n del 20 de diciembre a Panam\u00e1\",\"datePublished\":\"2024-12-17T20:26:27+00:00\",\"dateModified\":\"2025-02-05T23:31:32+00:00\",\"mainEntityOfPage\":{\"@id\":\"https:\\\/\\\/comision20dediciembrede1989.org.pa\\\/index.php\\\/2024\\\/12\\\/17\\\/identifican-mas-victimas-de-la-invasion-del-20-de-diciembre-a-panama\\\/\"},\"wordCount\":367,\"articleSection\":[\"12-2024\",\"2024\"],\"inLanguage\":\"es\"},{\"@type\":\"WebPage\",\"@id\":\"https:\\\/\\\/comision20dediciembrede1989.org.pa\\\/index.php\\\/2024\\\/12\\\/17\\\/identifican-mas-victimas-de-la-invasion-del-20-de-diciembre-a-panama\\\/\",\"url\":\"https:\\\/\\\/comision20dediciembrede1989.org.pa\\\/index.php\\\/2024\\\/12\\\/17\\\/identifican-mas-victimas-de-la-invasion-del-20-de-diciembre-a-panama\\\/\",\"name\":\"Identifican m\u00e1s v\u00edctimas de la invasi\u00f3n del 20 de diciembre\",\"isPartOf\":{\"@id\":\"https:\\\/\\\/comision20dediciembrede1989.org.pa\\\/#website\"},\"datePublished\":\"2024-12-17T20:26:27+00:00\",\"dateModified\":\"2025-02-05T23:31:32+00:00\",\"author\":{\"@id\":\"https:\\\/\\\/comision20dediciembrede1989.org.pa\\\/#\\\/schema\\\/person\\\/2627c63c9634ca580036064042ce2c25\"},\"description\":\"La Comisi\u00f3n del 20 de Diciembre de 1989 present\u00f3 un informe en el que se da por confirmada la identidad de siete personas, v\u00edctimas de\",\"breadcrumb\":{\"@id\":\"https:\\\/\\\/comision20dediciembrede1989.org.pa\\\/index.php\\\/2024\\\/12\\\/17\\\/identifican-mas-victimas-de-la-invasion-del-20-de-diciembre-a-panama\\\/#breadcrumb\"},\"inLanguage\":\"es\",\"potentialAction\":[{\"@type\":\"ReadAction\",\"target\":[\"https:\\\/\\\/comision20dediciembrede1989.org.pa\\\/index.php\\\/2024\\\/12\\\/17\\\/identifican-mas-victimas-de-la-invasion-del-20-de-diciembre-a-panama\\\/\"]}]},{\"@type\":\"BreadcrumbList\",\"@id\":\"https:\\\/\\\/comision20dediciembrede1989.org.pa\\\/index.php\\\/2024\\\/12\\\/17\\\/identifican-mas-victimas-de-la-invasion-del-20-de-diciembre-a-panama\\\/#breadcrumb\",\"itemListElement\":[{\"@type\":\"ListItem\",\"position\":1,\"name\":\"Portada\",\"item\":\"https:\\\/\\\/comision20dediciembrede1989.org.pa\\\/\"},{\"@type\":\"ListItem\",\"position\":2,\"name\":\"Identifican m\u00e1s v\u00edctimas de la invasi\u00f3n del 20 de diciembre a Panam\u00e1\"}]},{\"@type\":\"WebSite\",\"@id\":\"https:\\\/\\\/comision20dediciembrede1989.org.pa\\\/#website\",\"url\":\"https:\\\/\\\/comision20dediciembrede1989.org.pa\\\/\",\"name\":\"Comision 20 de diciembre\",\"description\":\"Por la Verdad, la Memoria y la Justicia\",\"potentialAction\":[{\"@type\":\"SearchAction\",\"target\":{\"@type\":\"EntryPoint\",\"urlTemplate\":\"https:\\\/\\\/comision20dediciembrede1989.org.pa\\\/?s={search_term_string}\"},\"query-input\":{\"@type\":\"PropertyValueSpecification\",\"valueRequired\":true,\"valueName\":\"search_term_string\"}}],\"inLanguage\":\"es\"},{\"@type\":\"Person\",\"@id\":\"https:\\\/\\\/comision20dediciembrede1989.org.pa\\\/#\\\/schema\\\/person\\\/2627c63c9634ca580036064042ce2c25\",\"name\":\"a dg\",\"url\":\"https:\\\/\\\/comision20dediciembrede1989.org.pa\\\/index.php\\\/author\\\/admina\\\/\"}]}<\/script>\n<!-- \/ Yoast SEO plugin. -->","yoast_head_json":{"title":"Identifican m\u00e1s v\u00edctimas de la invasi\u00f3n del 20 de diciembre","description":"La Comisi\u00f3n del 20 de Diciembre de 1989 present\u00f3 un informe en el que se da por confirmada la identidad de siete personas, v\u00edctimas de","robots":{"index":"index","follow":"follow","max-snippet":"max-snippet:-1","max-image-preview":"max-image-preview:large","max-video-preview":"max-video-preview:-1"},"canonical":"https:\/\/comision20dediciembrede1989.org.pa\/index.php\/2024\/12\/17\/identifican-mas-victimas-de-la-invasion-del-20-de-diciembre-a-panama\/","og_locale":"es_ES","og_type":"article","og_title":"Identifican m\u00e1s v\u00edctimas de la invasi\u00f3n del 20 de diciembre","og_description":"La Comisi\u00f3n del 20 de Diciembre de 1989 present\u00f3 un informe en el que se da por confirmada la identidad de siete personas, v\u00edctimas de","og_url":"https:\/\/comision20dediciembrede1989.org.pa\/index.php\/2024\/12\/17\/identifican-mas-victimas-de-la-invasion-del-20-de-diciembre-a-panama\/","og_site_name":"Comision 20 de diciembre","article_published_time":"2024-12-17T20:26:27+00:00","article_modified_time":"2025-02-05T23:31:32+00:00","author":"a dg","twitter_card":"summary_large_image","twitter_misc":{"Escrito por":"a dg","Tiempo de lectura":"2 minutos"},"schema":{"@context":"https:\/\/schema.org","@graph":[{"@type":"Article","@id":"https:\/\/comision20dediciembrede1989.org.pa\/index.php\/2024\/12\/17\/identifican-mas-victimas-de-la-invasion-del-20-de-diciembre-a-panama\/#article","isPartOf":{"@id":"https:\/\/comision20dediciembrede1989.org.pa\/index.php\/2024\/12\/17\/identifican-mas-victimas-de-la-invasion-del-20-de-diciembre-a-panama\/"},"author":{"name":"a dg","@id":"https:\/\/comision20dediciembrede1989.org.pa\/#\/schema\/person\/2627c63c9634ca580036064042ce2c25"},"headline":"Identifican m\u00e1s v\u00edctimas de la invasi\u00f3n del 20 de diciembre a Panam\u00e1","datePublished":"2024-12-17T20:26:27+00:00","dateModified":"2025-02-05T23:31:32+00:00","mainEntityOfPage":{"@id":"https:\/\/comision20dediciembrede1989.org.pa\/index.php\/2024\/12\/17\/identifican-mas-victimas-de-la-invasion-del-20-de-diciembre-a-panama\/"},"wordCount":367,"articleSection":["12-2024","2024"],"inLanguage":"es"},{"@type":"WebPage","@id":"https:\/\/comision20dediciembrede1989.org.pa\/index.php\/2024\/12\/17\/identifican-mas-victimas-de-la-invasion-del-20-de-diciembre-a-panama\/","url":"https:\/\/comision20dediciembrede1989.org.pa\/index.php\/2024\/12\/17\/identifican-mas-victimas-de-la-invasion-del-20-de-diciembre-a-panama\/","name":"Identifican m\u00e1s v\u00edctimas de la invasi\u00f3n del 20 de diciembre","isPartOf":{"@id":"https:\/\/comision20dediciembrede1989.org.pa\/#website"},"datePublished":"2024-12-17T20:26:27+00:00","dateModified":"2025-02-05T23:31:32+00:00","author":{"@id":"https:\/\/comision20dediciembrede1989.org.pa\/#\/schema\/person\/2627c63c9634ca580036064042ce2c25"},"description":"La Comisi\u00f3n del 20 de Diciembre de 1989 present\u00f3 un informe en el que se da por confirmada la identidad de siete personas, v\u00edctimas de","breadcrumb":{"@id":"https:\/\/comision20dediciembrede1989.org.pa\/index.php\/2024\/12\/17\/identifican-mas-victimas-de-la-invasion-del-20-de-diciembre-a-panama\/#breadcrumb"},"inLanguage":"es","potentialAction":[{"@type":"ReadAction","target":["https:\/\/comision20dediciembrede1989.org.pa\/index.php\/2024\/12\/17\/identifican-mas-victimas-de-la-invasion-del-20-de-diciembre-a-panama\/"]}]},{"@type":"BreadcrumbList","@id":"https:\/\/comision20dediciembrede1989.org.pa\/index.php\/2024\/12\/17\/identifican-mas-victimas-de-la-invasion-del-20-de-diciembre-a-panama\/#breadcrumb","itemListElement":[{"@type":"ListItem","position":1,"name":"Portada","item":"https:\/\/comision20dediciembrede1989.org.pa\/"},{"@type":"ListItem","position":2,"name":"Identifican m\u00e1s v\u00edctimas de la invasi\u00f3n del 20 de diciembre a Panam\u00e1"}]},{"@type":"WebSite","@id":"https:\/\/comision20dediciembrede1989.org.pa\/#website","url":"https:\/\/comision20dediciembrede1989.org.pa\/","name":"Comision 20 de diciembre","description":"Por la Verdad, la Memoria y la Justicia","potentialAction":[{"@type":"SearchAction","target":{"@type":"EntryPoint","urlTemplate":"https:\/\/comision20dediciembrede1989.org.pa\/?s={search_term_string}"},"query-input":{"@type":"PropertyValueSpecification","valueRequired":true,"valueName":"search_term_string"}}],"inLanguage":"es"},{"@type":"Person","@id":"https:\/\/comision20dediciembrede1989.org.pa\/#\/schema\/person\/2627c63c9634ca580036064042ce2c25","name":"a dg","url":"https:\/\/comision20dediciembrede1989.org.pa\/index.php\/author\/admina\/"}]}},"_links":{"self":[{"href":"https:\/\/comision20dediciembrede1989.org.pa\/index.php\/wp-json\/wp\/v2\/posts\/3924","targetHints":{"allow":["GET"]}}],"collection":[{"href":"https:\/\/comision20dediciembrede1989.org.pa\/index.php\/wp-json\/wp\/v2\/posts"}],"about":[{"href":"https:\/\/comision20dediciembrede1989.org.pa\/index.php\/wp-json\/wp\/v2\/types\/post"}],"author":[{"embeddable":true,"href":"https:\/\/comision20dediciembrede1989.org.pa\/index.php\/wp-json\/wp\/v2\/users\/6"}],"replies":[{"embeddable":true,"href":"https:\/\/comision20dediciembrede1989.org.pa\/index.php\/wp-json\/wp\/v2\/comments?post=3924"}],"version-history":[{"count":1,"href":"https:\/\/comision20dediciembrede1989.org.pa\/index.php\/wp-json\/wp\/v2\/posts\/3924\/revisions"}],"predecessor-version":[{"id":3928,"href":"https:\/\/comision20dediciembrede1989.org.pa\/index.php\/wp-json\/wp\/v2\/posts\/3924\/revisions\/3928"}],"wp:attachment":[{"href":"https:\/\/comision20dediciembrede1989.org.pa\/index.php\/wp-json\/wp\/v2\/media?parent=3924"}],"wp:term":[{"taxonomy":"category","embeddable":true,"href":"https:\/\/comision20dediciembrede1989.org.pa\/index.php\/wp-json\/wp\/v2\/categories?post=3924"},{"taxonomy":"post_tag","embeddable":true,"href":"https:\/\/comision20dediciembrede1989.org.pa\/index.php\/wp-json\/wp\/v2\/tags?post=3924"}],"curies":[{"name":"wp","href":"https:\/\/api.w.org\/{rel}","templated":true}]}}