{"id":3890,"date":"2024-12-20T18:00:25","date_gmt":"2024-12-20T18:00:25","guid":{"rendered":"https:\/\/comision20dediciembrede1989.org.pa\/?p=3890"},"modified":"2025-02-05T23:13:09","modified_gmt":"2025-02-05T23:13:09","slug":"exigen-justicia-en-panama-a-35-anos-de-la-invasion-de-estados-unidos","status":"publish","type":"post","link":"https:\/\/comision20dediciembrede1989.org.pa\/index.php\/2024\/12\/20\/exigen-justicia-en-panama-a-35-anos-de-la-invasion-de-estados-unidos\/","title":{"rendered":"Exigen justicia en Panam\u00e1 a 35 a\u00f1os de la invasi\u00f3n de Estados Unidos"},"content":{"rendered":"<p>A 35 a\u00f1os de la invasi\u00f3n a Panam\u00e1 el sindicato de la Central Nacional de Trabajadores de Panam\u00e1 advirti\u00f3 de una alarmante y creciente presencia de aviones militares estadounidenses en el pa\u00eds. Foto: Resumen Latinoamericano<\/p>\n<p>Diversas organizaciones en Panam\u00e1 se movilizaron este viernes exigiendo justicia ante las v\u00edctimas por la invasi\u00f3n de EE.UU. a Panam\u00e1 en 1989, que dej\u00f3 m\u00e1s de de 4.000 v\u00edctimas, cifra que no ha sido confirmada en su totalidad.<\/p>\n<p>En Chiriqu\u00ed, familiares y el Sindicato \u00danico Nacional de Trabajadores de la Industria de la Construcci\u00f3n y Similares (Suntracs) march\u00f3 en memoria de los ca\u00eddos del 20 de diciembre.<\/p>\n<p>Con la consigna \u201c35 a\u00f1os no olvido, no perdono\u201d y \u201cPueblo Unido por la Vida\u201d, el sindicato refiri\u00f3 que en esta fecha \u201cmiles de paname\u00f1os perdieron sus vidas, hogares y familias durante la invasi\u00f3n\u201d.<\/p>\n<figure class=\"wp-block-embed is-type-rich is-provider-twitter wp-block-embed-twitter\">\n<div class=\"wp-block-embed__wrapper\">\n<div class=\"twitter-tweet twitter-tweet-rendered\"><\/div>\n<\/div>\n<\/figure>\n<p>Ante publicaciones que intentaron minimizar lo que eso ha significado para el pueblo paname\u00f1o, Suntracs dijo que \u201crecordar esa fecha con una an\u00e9cdota superficial como ganar una rifa en una cena navide\u00f1a es un acto irrespetuoso hacia la memoria de las v\u00edctimas y sus familiares, quienes reclaman justicia\u201d.<\/p>\n<p>Negando el impacto que tuvo para el pa\u00eds, el medio La Estrella de Panam\u00e1 refiri\u00f3 que \u201ceste viernes se cumplen 35 a\u00f1os de la operaci\u00f3n \u201cCausa Justa\u201d de Estados Unidos\u201d, y justifica que \u201c moviliz\u00f3 a 26.000 soldados y us\u00f3 armamento de \u00faltima generaci\u00f3n para capturar al dictador Manuel Antonio Noriega (1934-2017), el \u00faltimo \u201chombre fuerte\u201d del r\u00e9gimen militar que gobern\u00f3 Panam\u00e1 entre 1968 y 1989\u201d.<\/p>\n<figure class=\"wp-block-embed is-type-rich is-provider-twitter wp-block-embed-twitter\">\n<div class=\"wp-block-embed__wrapper\">\n<div class=\"twitter-tweet twitter-tweet-rendered\"><\/div>\n<\/div>\n<\/figure>\n<p>De acuerdo a datos publicados por medios locales, los asesinados durante la invasi\u00f3n ascendieron a 500, de ellos 314 militares y la gran mayor\u00eda paname\u00f1os sin embargo organizaciones sociales refieren que se habla de entre 500 y 4.000 civiles fallecidos.<\/p>\n<p>\u201cUn D\u00eda de Luto y Resistencia. Hace 35 a\u00f1os, Panam\u00e1 sufri\u00f3 una de las p\u00e1ginas m\u00e1s tristes de su historia: la invasi\u00f3n militar de Estados Unidos. Miles de paname\u00f1os perdieron la vida, familias quedaron destrozadas\u201d, subray\u00f3 la Confederaci\u00f3n Nacional de Unidad Sindical Independiente.<\/p>\n<figure class=\"wp-block-embed is-type-video is-provider-youtube wp-block-embed-youtube wp-embed-aspect-16-9 wp-has-aspect-ratio\">\n<div class=\"wp-block-embed__wrapper\"><\/div>\n<\/figure>\n<p>De igual manera, el sindicato agreg\u00f3 que \u201cel barrio de Chorrillo fueron reducidos a cenizas \u00bfJusticia? Hasta hoy, seguimos esperando respuestas, reconocimiento y reparaci\u00f3n para las v\u00edctimas. Las denuncias de cr\u00edmenes de guerra, violaciones de DD.HH. y destrucci\u00f3n masiva contin\u00faan siendo ignoradas\u201d.<\/p>\n<p>FUENTE:<a href=\"https:\/\/www.telesurtv.net\/exigen-justicia-en-panama-a-35-anos-de-la-invasion-de-estados-unidos\/\"> TELESURTV<\/a><\/p>\n","protected":false},"excerpt":{"rendered":"<p>A 35 a\u00f1os de la invasi\u00f3n a Panam\u00e1 el sindicato de la Central Nacional de Trabajadores de Panam\u00e1 advirti\u00f3 de una alarmante y creciente presencia de aviones militares estadounidenses en el pa\u00eds. Foto: Resumen Latinoamericano Diversas organizaciones en Panam\u00e1 se movilizaron este viernes exigiendo justicia ante las v\u00edctimas por la invasi\u00f3n de EE.UU. a Panam\u00e1 en 1989, que dej\u00f3 m\u00e1s de de 4.000 v\u00edctimas, cifra que no ha sido confirmada en su totalidad. En Chiriqu\u00ed, familiares y el Sindicato \u00danico Nacional de Trabajadores de la Industria de la Construcci\u00f3n y Similares (Suntracs) march\u00f3 en memoria de los ca\u00eddos del 20 de diciembre. Con la consigna \u201c35 a\u00f1os no olvido, no perdono\u201d y \u201cPueblo Unido por la Vida\u201d, el sindicato refiri\u00f3 que en esta fecha \u201cmiles de paname\u00f1os perdieron sus vidas, hogares y familias durante la invasi\u00f3n\u201d. Ante publicaciones que intentaron minimizar lo que eso ha significado para el pueblo paname\u00f1o, Suntracs dijo que \u201crecordar esa fecha con una an\u00e9cdota superficial como ganar una rifa en una cena navide\u00f1a es un acto irrespetuoso hacia la memoria de las v\u00edctimas y sus familiares, quienes reclaman justicia\u201d. Negando el impacto que tuvo para el pa\u00eds, el medio La Estrella de Panam\u00e1 refiri\u00f3 que \u201ceste viernes se cumplen 35 a\u00f1os de la operaci\u00f3n \u201cCausa Justa\u201d de Estados Unidos\u201d, y justifica que \u201c moviliz\u00f3 a 26.000 soldados y us\u00f3 armamento de \u00faltima generaci\u00f3n para capturar al dictador Manuel Antonio Noriega (1934-2017), el \u00faltimo \u201chombre fuerte\u201d del r\u00e9gimen militar que gobern\u00f3 Panam\u00e1 entre 1968 y 1989\u201d. [&hellip;]<\/p>\n","protected":false},"author":6,"featured_media":3920,"comment_status":"closed","ping_status":"closed","sticky":false,"template":"","format":"standard","meta":{"footnotes":""},"categories":[126,119],"tags":[],"class_list":["post-3890","post","type-post","status-publish","format-standard","has-post-thumbnail","hentry","category-12-2024","category-119"],"yoast_head":"<!-- This site is optimized with the Yoast SEO plugin v27.4 - https:\/\/yoast.com\/product\/yoast-seo-wordpress\/ -->\n<title>Exigen justicia en Panam\u00e1 a 35 a\u00f1os de la invasi\u00f3n de EEUU<\/title>\n<meta name=\"description\" content=\"A 35 a\u00f1os de la invasi\u00f3n a Panam\u00e1 el sindicato de la Central Nacional de Trabajadores de Panam\u00e1 advirti\u00f3 de una alarmante y creciente\" \/>\n<meta name=\"robots\" content=\"index, follow, max-snippet:-1, max-image-preview:large, max-video-preview:-1\" \/>\n<link rel=\"canonical\" href=\"https:\/\/comision20dediciembrede1989.org.pa\/index.php\/2024\/12\/20\/exigen-justicia-en-panama-a-35-anos-de-la-invasion-de-estados-unidos\/\" \/>\n<meta property=\"og:locale\" content=\"es_ES\" \/>\n<meta property=\"og:type\" content=\"article\" \/>\n<meta property=\"og:title\" content=\"Exigen justicia en Panam\u00e1 a 35 a\u00f1os de la invasi\u00f3n de EEUU\" \/>\n<meta property=\"og:description\" content=\"A 35 a\u00f1os de la invasi\u00f3n a Panam\u00e1 el sindicato de la Central Nacional de Trabajadores de Panam\u00e1 advirti\u00f3 de una alarmante y creciente\" \/>\n<meta property=\"og:url\" content=\"https:\/\/comision20dediciembrede1989.org.pa\/index.php\/2024\/12\/20\/exigen-justicia-en-panama-a-35-anos-de-la-invasion-de-estados-unidos\/\" \/>\n<meta property=\"og:site_name\" content=\"Comision 20 de diciembre\" \/>\n<meta property=\"article:published_time\" content=\"2024-12-20T18:00:25+00:00\" \/>\n<meta property=\"article:modified_time\" content=\"2025-02-05T23:13:09+00:00\" \/>\n<meta property=\"og:image\" content=\"http:\/\/comision20dediciembrede1989.org.pa\/wp-content\/uploads\/2025\/01\/imgnsstlstv2012.png\" \/>\n\t<meta property=\"og:image:width\" content=\"783\" \/>\n\t<meta property=\"og:image:height\" content=\"441\" \/>\n\t<meta property=\"og:image:type\" content=\"image\/png\" \/>\n<meta name=\"author\" content=\"a dg\" \/>\n<meta name=\"twitter:card\" content=\"summary_large_image\" \/>\n<meta name=\"twitter:label1\" content=\"Escrito por\" \/>\n\t<meta name=\"twitter:data1\" content=\"a dg\" \/>\n\t<meta name=\"twitter:label2\" content=\"Tiempo de lectura\" \/>\n\t<meta name=\"twitter:data2\" content=\"2 minutos\" \/>\n<script type=\"application\/ld+json\" class=\"yoast-schema-graph\">{\"@context\":\"https:\\\/\\\/schema.org\",\"@graph\":[{\"@type\":\"Article\",\"@id\":\"https:\\\/\\\/comision20dediciembrede1989.org.pa\\\/index.php\\\/2024\\\/12\\\/20\\\/exigen-justicia-en-panama-a-35-anos-de-la-invasion-de-estados-unidos\\\/#article\",\"isPartOf\":{\"@id\":\"https:\\\/\\\/comision20dediciembrede1989.org.pa\\\/index.php\\\/2024\\\/12\\\/20\\\/exigen-justicia-en-panama-a-35-anos-de-la-invasion-de-estados-unidos\\\/\"},\"author\":{\"name\":\"a dg\",\"@id\":\"https:\\\/\\\/comision20dediciembrede1989.org.pa\\\/#\\\/schema\\\/person\\\/2627c63c9634ca580036064042ce2c25\"},\"headline\":\"Exigen justicia en Panam\u00e1 a 35 a\u00f1os de la invasi\u00f3n de Estados Unidos\",\"datePublished\":\"2024-12-20T18:00:25+00:00\",\"dateModified\":\"2025-02-05T23:13:09+00:00\",\"mainEntityOfPage\":{\"@id\":\"https:\\\/\\\/comision20dediciembrede1989.org.pa\\\/index.php\\\/2024\\\/12\\\/20\\\/exigen-justicia-en-panama-a-35-anos-de-la-invasion-de-estados-unidos\\\/\"},\"wordCount\":414,\"image\":{\"@id\":\"https:\\\/\\\/comision20dediciembrede1989.org.pa\\\/index.php\\\/2024\\\/12\\\/20\\\/exigen-justicia-en-panama-a-35-anos-de-la-invasion-de-estados-unidos\\\/#primaryimage\"},\"thumbnailUrl\":\"https:\\\/\\\/comision20dediciembrede1989.org.pa\\\/wp-content\\\/uploads\\\/2025\\\/01\\\/imgnsstlstv2012.png\",\"articleSection\":[\"12-2024\",\"2024\"],\"inLanguage\":\"es\"},{\"@type\":\"WebPage\",\"@id\":\"https:\\\/\\\/comision20dediciembrede1989.org.pa\\\/index.php\\\/2024\\\/12\\\/20\\\/exigen-justicia-en-panama-a-35-anos-de-la-invasion-de-estados-unidos\\\/\",\"url\":\"https:\\\/\\\/comision20dediciembrede1989.org.pa\\\/index.php\\\/2024\\\/12\\\/20\\\/exigen-justicia-en-panama-a-35-anos-de-la-invasion-de-estados-unidos\\\/\",\"name\":\"Exigen justicia en Panam\u00e1 a 35 a\u00f1os de la invasi\u00f3n de EEUU\",\"isPartOf\":{\"@id\":\"https:\\\/\\\/comision20dediciembrede1989.org.pa\\\/#website\"},\"primaryImageOfPage\":{\"@id\":\"https:\\\/\\\/comision20dediciembrede1989.org.pa\\\/index.php\\\/2024\\\/12\\\/20\\\/exigen-justicia-en-panama-a-35-anos-de-la-invasion-de-estados-unidos\\\/#primaryimage\"},\"image\":{\"@id\":\"https:\\\/\\\/comision20dediciembrede1989.org.pa\\\/index.php\\\/2024\\\/12\\\/20\\\/exigen-justicia-en-panama-a-35-anos-de-la-invasion-de-estados-unidos\\\/#primaryimage\"},\"thumbnailUrl\":\"https:\\\/\\\/comision20dediciembrede1989.org.pa\\\/wp-content\\\/uploads\\\/2025\\\/01\\\/imgnsstlstv2012.png\",\"datePublished\":\"2024-12-20T18:00:25+00:00\",\"dateModified\":\"2025-02-05T23:13:09+00:00\",\"author\":{\"@id\":\"https:\\\/\\\/comision20dediciembrede1989.org.pa\\\/#\\\/schema\\\/person\\\/2627c63c9634ca580036064042ce2c25\"},\"description\":\"A 35 a\u00f1os de la invasi\u00f3n a Panam\u00e1 el sindicato de la Central Nacional de Trabajadores de Panam\u00e1 advirti\u00f3 de una alarmante y creciente\",\"breadcrumb\":{\"@id\":\"https:\\\/\\\/comision20dediciembrede1989.org.pa\\\/index.php\\\/2024\\\/12\\\/20\\\/exigen-justicia-en-panama-a-35-anos-de-la-invasion-de-estados-unidos\\\/#breadcrumb\"},\"inLanguage\":\"es\",\"potentialAction\":[{\"@type\":\"ReadAction\",\"target\":[\"https:\\\/\\\/comision20dediciembrede1989.org.pa\\\/index.php\\\/2024\\\/12\\\/20\\\/exigen-justicia-en-panama-a-35-anos-de-la-invasion-de-estados-unidos\\\/\"]}]},{\"@type\":\"ImageObject\",\"inLanguage\":\"es\",\"@id\":\"https:\\\/\\\/comision20dediciembrede1989.org.pa\\\/index.php\\\/2024\\\/12\\\/20\\\/exigen-justicia-en-panama-a-35-anos-de-la-invasion-de-estados-unidos\\\/#primaryimage\",\"url\":\"https:\\\/\\\/comision20dediciembrede1989.org.pa\\\/wp-content\\\/uploads\\\/2025\\\/01\\\/imgnsstlstv2012.png\",\"contentUrl\":\"https:\\\/\\\/comision20dediciembrede1989.org.pa\\\/wp-content\\\/uploads\\\/2025\\\/01\\\/imgnsstlstv2012.png\",\"width\":783,\"height\":441},{\"@type\":\"BreadcrumbList\",\"@id\":\"https:\\\/\\\/comision20dediciembrede1989.org.pa\\\/index.php\\\/2024\\\/12\\\/20\\\/exigen-justicia-en-panama-a-35-anos-de-la-invasion-de-estados-unidos\\\/#breadcrumb\",\"itemListElement\":[{\"@type\":\"ListItem\",\"position\":1,\"name\":\"Portada\",\"item\":\"https:\\\/\\\/comision20dediciembrede1989.org.pa\\\/\"},{\"@type\":\"ListItem\",\"position\":2,\"name\":\"Exigen justicia en Panam\u00e1 a 35 a\u00f1os de la invasi\u00f3n de Estados Unidos\"}]},{\"@type\":\"WebSite\",\"@id\":\"https:\\\/\\\/comision20dediciembrede1989.org.pa\\\/#website\",\"url\":\"https:\\\/\\\/comision20dediciembrede1989.org.pa\\\/\",\"name\":\"Comision 20 de diciembre\",\"description\":\"Por la Verdad, la Memoria y la Justicia\",\"potentialAction\":[{\"@type\":\"SearchAction\",\"target\":{\"@type\":\"EntryPoint\",\"urlTemplate\":\"https:\\\/\\\/comision20dediciembrede1989.org.pa\\\/?s={search_term_string}\"},\"query-input\":{\"@type\":\"PropertyValueSpecification\",\"valueRequired\":true,\"valueName\":\"search_term_string\"}}],\"inLanguage\":\"es\"},{\"@type\":\"Person\",\"@id\":\"https:\\\/\\\/comision20dediciembrede1989.org.pa\\\/#\\\/schema\\\/person\\\/2627c63c9634ca580036064042ce2c25\",\"name\":\"a dg\",\"url\":\"https:\\\/\\\/comision20dediciembrede1989.org.pa\\\/index.php\\\/author\\\/admina\\\/\"}]}<\/script>\n<!-- \/ Yoast SEO plugin. -->","yoast_head_json":{"title":"Exigen justicia en Panam\u00e1 a 35 a\u00f1os de la invasi\u00f3n de EEUU","description":"A 35 a\u00f1os de la invasi\u00f3n a Panam\u00e1 el sindicato de la Central Nacional de Trabajadores de Panam\u00e1 advirti\u00f3 de una alarmante y creciente","robots":{"index":"index","follow":"follow","max-snippet":"max-snippet:-1","max-image-preview":"max-image-preview:large","max-video-preview":"max-video-preview:-1"},"canonical":"https:\/\/comision20dediciembrede1989.org.pa\/index.php\/2024\/12\/20\/exigen-justicia-en-panama-a-35-anos-de-la-invasion-de-estados-unidos\/","og_locale":"es_ES","og_type":"article","og_title":"Exigen justicia en Panam\u00e1 a 35 a\u00f1os de la invasi\u00f3n de EEUU","og_description":"A 35 a\u00f1os de la invasi\u00f3n a Panam\u00e1 el sindicato de la Central Nacional de Trabajadores de Panam\u00e1 advirti\u00f3 de una alarmante y creciente","og_url":"https:\/\/comision20dediciembrede1989.org.pa\/index.php\/2024\/12\/20\/exigen-justicia-en-panama-a-35-anos-de-la-invasion-de-estados-unidos\/","og_site_name":"Comision 20 de diciembre","article_published_time":"2024-12-20T18:00:25+00:00","article_modified_time":"2025-02-05T23:13:09+00:00","og_image":[{"width":783,"height":441,"url":"http:\/\/comision20dediciembrede1989.org.pa\/wp-content\/uploads\/2025\/01\/imgnsstlstv2012.png","type":"image\/png"}],"author":"a dg","twitter_card":"summary_large_image","twitter_misc":{"Escrito por":"a dg","Tiempo de lectura":"2 minutos"},"schema":{"@context":"https:\/\/schema.org","@graph":[{"@type":"Article","@id":"https:\/\/comision20dediciembrede1989.org.pa\/index.php\/2024\/12\/20\/exigen-justicia-en-panama-a-35-anos-de-la-invasion-de-estados-unidos\/#article","isPartOf":{"@id":"https:\/\/comision20dediciembrede1989.org.pa\/index.php\/2024\/12\/20\/exigen-justicia-en-panama-a-35-anos-de-la-invasion-de-estados-unidos\/"},"author":{"name":"a dg","@id":"https:\/\/comision20dediciembrede1989.org.pa\/#\/schema\/person\/2627c63c9634ca580036064042ce2c25"},"headline":"Exigen justicia en Panam\u00e1 a 35 a\u00f1os de la invasi\u00f3n de Estados Unidos","datePublished":"2024-12-20T18:00:25+00:00","dateModified":"2025-02-05T23:13:09+00:00","mainEntityOfPage":{"@id":"https:\/\/comision20dediciembrede1989.org.pa\/index.php\/2024\/12\/20\/exigen-justicia-en-panama-a-35-anos-de-la-invasion-de-estados-unidos\/"},"wordCount":414,"image":{"@id":"https:\/\/comision20dediciembrede1989.org.pa\/index.php\/2024\/12\/20\/exigen-justicia-en-panama-a-35-anos-de-la-invasion-de-estados-unidos\/#primaryimage"},"thumbnailUrl":"https:\/\/comision20dediciembrede1989.org.pa\/wp-content\/uploads\/2025\/01\/imgnsstlstv2012.png","articleSection":["12-2024","2024"],"inLanguage":"es"},{"@type":"WebPage","@id":"https:\/\/comision20dediciembrede1989.org.pa\/index.php\/2024\/12\/20\/exigen-justicia-en-panama-a-35-anos-de-la-invasion-de-estados-unidos\/","url":"https:\/\/comision20dediciembrede1989.org.pa\/index.php\/2024\/12\/20\/exigen-justicia-en-panama-a-35-anos-de-la-invasion-de-estados-unidos\/","name":"Exigen justicia en Panam\u00e1 a 35 a\u00f1os de la invasi\u00f3n de EEUU","isPartOf":{"@id":"https:\/\/comision20dediciembrede1989.org.pa\/#website"},"primaryImageOfPage":{"@id":"https:\/\/comision20dediciembrede1989.org.pa\/index.php\/2024\/12\/20\/exigen-justicia-en-panama-a-35-anos-de-la-invasion-de-estados-unidos\/#primaryimage"},"image":{"@id":"https:\/\/comision20dediciembrede1989.org.pa\/index.php\/2024\/12\/20\/exigen-justicia-en-panama-a-35-anos-de-la-invasion-de-estados-unidos\/#primaryimage"},"thumbnailUrl":"https:\/\/comision20dediciembrede1989.org.pa\/wp-content\/uploads\/2025\/01\/imgnsstlstv2012.png","datePublished":"2024-12-20T18:00:25+00:00","dateModified":"2025-02-05T23:13:09+00:00","author":{"@id":"https:\/\/comision20dediciembrede1989.org.pa\/#\/schema\/person\/2627c63c9634ca580036064042ce2c25"},"description":"A 35 a\u00f1os de la invasi\u00f3n a Panam\u00e1 el sindicato de la Central Nacional de Trabajadores de Panam\u00e1 advirti\u00f3 de una alarmante y creciente","breadcrumb":{"@id":"https:\/\/comision20dediciembrede1989.org.pa\/index.php\/2024\/12\/20\/exigen-justicia-en-panama-a-35-anos-de-la-invasion-de-estados-unidos\/#breadcrumb"},"inLanguage":"es","potentialAction":[{"@type":"ReadAction","target":["https:\/\/comision20dediciembrede1989.org.pa\/index.php\/2024\/12\/20\/exigen-justicia-en-panama-a-35-anos-de-la-invasion-de-estados-unidos\/"]}]},{"@type":"ImageObject","inLanguage":"es","@id":"https:\/\/comision20dediciembrede1989.org.pa\/index.php\/2024\/12\/20\/exigen-justicia-en-panama-a-35-anos-de-la-invasion-de-estados-unidos\/#primaryimage","url":"https:\/\/comision20dediciembrede1989.org.pa\/wp-content\/uploads\/2025\/01\/imgnsstlstv2012.png","contentUrl":"https:\/\/comision20dediciembrede1989.org.pa\/wp-content\/uploads\/2025\/01\/imgnsstlstv2012.png","width":783,"height":441},{"@type":"BreadcrumbList","@id":"https:\/\/comision20dediciembrede1989.org.pa\/index.php\/2024\/12\/20\/exigen-justicia-en-panama-a-35-anos-de-la-invasion-de-estados-unidos\/#breadcrumb","itemListElement":[{"@type":"ListItem","position":1,"name":"Portada","item":"https:\/\/comision20dediciembrede1989.org.pa\/"},{"@type":"ListItem","position":2,"name":"Exigen justicia en Panam\u00e1 a 35 a\u00f1os de la invasi\u00f3n de Estados Unidos"}]},{"@type":"WebSite","@id":"https:\/\/comision20dediciembrede1989.org.pa\/#website","url":"https:\/\/comision20dediciembrede1989.org.pa\/","name":"Comision 20 de diciembre","description":"Por la Verdad, la Memoria y la Justicia","potentialAction":[{"@type":"SearchAction","target":{"@type":"EntryPoint","urlTemplate":"https:\/\/comision20dediciembrede1989.org.pa\/?s={search_term_string}"},"query-input":{"@type":"PropertyValueSpecification","valueRequired":true,"valueName":"search_term_string"}}],"inLanguage":"es"},{"@type":"Person","@id":"https:\/\/comision20dediciembrede1989.org.pa\/#\/schema\/person\/2627c63c9634ca580036064042ce2c25","name":"a dg","url":"https:\/\/comision20dediciembrede1989.org.pa\/index.php\/author\/admina\/"}]}},"_links":{"self":[{"href":"https:\/\/comision20dediciembrede1989.org.pa\/index.php\/wp-json\/wp\/v2\/posts\/3890","targetHints":{"allow":["GET"]}}],"collection":[{"href":"https:\/\/comision20dediciembrede1989.org.pa\/index.php\/wp-json\/wp\/v2\/posts"}],"about":[{"href":"https:\/\/comision20dediciembrede1989.org.pa\/index.php\/wp-json\/wp\/v2\/types\/post"}],"author":[{"embeddable":true,"href":"https:\/\/comision20dediciembrede1989.org.pa\/index.php\/wp-json\/wp\/v2\/users\/6"}],"replies":[{"embeddable":true,"href":"https:\/\/comision20dediciembrede1989.org.pa\/index.php\/wp-json\/wp\/v2\/comments?post=3890"}],"version-history":[{"count":1,"href":"https:\/\/comision20dediciembrede1989.org.pa\/index.php\/wp-json\/wp\/v2\/posts\/3890\/revisions"}],"predecessor-version":[{"id":3921,"href":"https:\/\/comision20dediciembrede1989.org.pa\/index.php\/wp-json\/wp\/v2\/posts\/3890\/revisions\/3921"}],"wp:featuredmedia":[{"embeddable":true,"href":"https:\/\/comision20dediciembrede1989.org.pa\/index.php\/wp-json\/wp\/v2\/media\/3920"}],"wp:attachment":[{"href":"https:\/\/comision20dediciembrede1989.org.pa\/index.php\/wp-json\/wp\/v2\/media?parent=3890"}],"wp:term":[{"taxonomy":"category","embeddable":true,"href":"https:\/\/comision20dediciembrede1989.org.pa\/index.php\/wp-json\/wp\/v2\/categories?post=3890"},{"taxonomy":"post_tag","embeddable":true,"href":"https:\/\/comision20dediciembrede1989.org.pa\/index.php\/wp-json\/wp\/v2\/tags?post=3890"}],"curies":[{"name":"wp","href":"https:\/\/api.w.org\/{rel}","templated":true}]}}