{"id":3850,"date":"2024-12-20T00:09:44","date_gmt":"2024-12-20T00:09:44","guid":{"rendered":"https:\/\/comision20dediciembrede1989.org.pa\/?p=3850"},"modified":"2025-01-27T21:03:52","modified_gmt":"2025-01-27T21:03:52","slug":"a-35-anos-de-la-invasion-de-ee-uu-a-panama-avanza-la-esperanza-de-identificar-victimas","status":"publish","type":"post","link":"https:\/\/comision20dediciembrede1989.org.pa\/index.php\/2024\/12\/20\/a-35-anos-de-la-invasion-de-ee-uu-a-panama-avanza-la-esperanza-de-identificar-victimas\/","title":{"rendered":"A 35 a\u00f1os de la invasi\u00f3n de EE.UU. a Panam\u00e1 avanza la esperanza de identificar v\u00edctimas"},"content":{"rendered":"<p style=\"text-align: justify;\">Treinta y cinco a\u00f1os despu\u00e9s de que Estados Unidos invadiera Panam\u00e1 para\u00a0capturar al general Manuel Antonio Noriega, las familias de los desaparecidos han tenido una \u00abesperanza\u00bb este 2024 con la identificaci\u00f3n \u00abpositiva\u00bb de siete nuevas v\u00edctimas, un n\u00famero \u00abimportante\u00bb, pero no \u00absuficiente\u00bb.<\/p>\n<p style=\"text-align: justify;\">Esas siete v\u00edctimas identificadas \u00abson importantes porque de uno que ten\u00edamos el a\u00f1o pasado (ahora) tenemos siete m\u00e1s. Pero desde luego no es suficiente, hay muchas familias que todav\u00eda no tienen la certeza de d\u00f3nde est\u00e1 su muerto\u00bb, coment\u00f3 a EFE el presidente de la Comisi\u00f3n 20 de diciembre de 1989, Rolando Murgas.<\/p>\n<p style=\"text-align: justify;\">El Instituto de Medicina Legal y Ciencias Forenses de Panam\u00e1 (IMELCF) y la Fundaci\u00f3n de Antropolog\u00eda Forense de Guatemala (FAFG)\u00a0identificaron en 2024 siete v\u00edctimas de la invasi\u00f3n, despu\u00e9s de que el a\u00f1o pasado se lograra determinar a un solo desaparecido, seg\u00fan anunci\u00f3 esa comisi\u00f3n esta semana.<\/p>\n<p style=\"text-align: justify;\">Y, justamente, este viernes se cumplen 35 a\u00f1os de aquel 20 de diciembre de 1989, cuando Estados Unidos invadi\u00f3 Panam\u00e1 para capturar al entonces general Noriega (1934-2017) en una misi\u00f3n que los estadounidenses bautizaron como \u00abCausa Justa\u00bb. Ese hecho es uno de los cap\u00edtulos m\u00e1s negros de la historia paname\u00f1a reciente.<\/p>\n<p style=\"text-align: justify;\">Aquel d\u00eda, el Ej\u00e9rcito estadounidense moviliz\u00f3 26.000 soldados y us\u00f3 armamento de \u00faltima generaci\u00f3n en una cruenta invasi\u00f3n que deja un indeterminado n\u00famero de v\u00edctimas m\u00e1s de tres d\u00e9cadas despu\u00e9s: la comisi\u00f3n tiene un registro de 441 muertos, pero extraoficialmente se habla en Panam\u00e1 de hasta 4.000 civiles fallecidos.<\/p>\n<p style=\"text-align: justify;\">Sin embargo, documentos estadounidenses\u00a0desclasificados a lo largo de los a\u00f1os y publicados por primera vez en diciembre de 2019 se\u00f1alan que hubo 516 muertos durante la invasi\u00f3n, de ellos 314 militares y la gran mayor\u00eda paname\u00f1os.<\/p>\n<p style=\"text-align: justify;\">Gran parte de los cuerpos fueron enterrados en fosas comunes, muchas de ellas ubicadas en el Jard\u00edn de Paz de Ciudad de Panam\u00e1. A\u00f1os despu\u00e9s a\u00fan se hallan restos humanos, pero la identificaci\u00f3n es un trabajo lento pues incluye procesos complejos como las pruebas de ADN.<\/p>\n<p style=\"text-align: justify;\">En esos procesos, como explica Murgas, la identificaci\u00f3n puede ser \u00abpositiva\u00bb o \u00abnegativa, es decir, que supuestamente tendr\u00eda una identificaci\u00f3n en las tumbas no correspond\u00eda con el ADN de sus familiares\u00bb.<\/p>\n<p style=\"text-align: justify;\">A\u00fan as\u00ed, Murgas no pierde la \u00abesperanza\u00bb de identificar m\u00e1s v\u00edctimas en los pr\u00f3ximos meses pese al estado deteriorado de los cuerpos.<\/p>\n<p style=\"text-align: justify;\">\u00abEst\u00e1n por llegarnos, adem\u00e1s de estos siete, otros resultados de Guatemala porque hemos repetido el env\u00edo de muestras tomando de otras partes de los restos que est\u00e1n m\u00e1s deteriorados. Y tenemos esperanza de que pueda ser un n\u00famero plural de aqu\u00ed a principios de enero\u00bb, afirma.<\/p>\n<p style=\"text-align: justify;\">Un avance \u00abnotable\u00bb en la compensaci\u00f3n<br \/>\n\u00abS\u00ed ha habido un avance notable porque casi por tres d\u00e9cadas este fue un tema que de una manera a otra se esquiv\u00f3 considerarlo e, incluso, valorarlo en Panam\u00e1. Muchos miraron hacia otro lado, (pero) hubo la persistencia de los familiares y grupos dentro de la sociedad que mantuvieron el tema de la memoria hist\u00f3rica\u00bb, detalla Murgas.<\/p>\n<p style=\"text-align: justify;\">Este 2024 se conmemora por tercer a\u00f1o como jornada de Duelo Nacional, no laborable, un hecho que, seg\u00fan recuerda Murgas, fue \u00abrecomendado\u00bb a varios gobiernos por la Comisi\u00f3n 20 de diciembre de 1989.<\/p>\n<p style=\"text-align: justify;\">\u00abEntonces all\u00ed hubo un paso positivo y muy importante y que vino a llenar una reivindicaci\u00f3n que hab\u00eda sido enarbolada por muchas personas en Panam\u00e1\u00bb, apunta el presidente de dicha comisi\u00f3n, creada en 2016.<\/p>\n<p style=\"text-align: justify;\">El 20 de diciembre se conmemora como Duelo Nacional gracias a una ley firmada en 2022 por el entonces presidente Laurentino Cortizo (2019-2024) del Partido Revolucionario Democr\u00e1tico (PRD), el brazo pol\u00edtico de la dictadura que vivi\u00f3 Panam\u00e1 entre 1968 y 1989, iniciada por el general Omar Torrijos y que tuvo a Noriega como su \u00faltimo caudillo.<\/p>\n<p style=\"text-align: justify;\">Murgas tambi\u00e9n apunta que \u00ablas cosas cambiaron\u00bb porque hubo\u00a0\u00abun conjunto de situaciones y de persistencia por parte de mucha gente en Panam\u00e1\u00bb, y ahora \u00abhay una corriente de opini\u00f3n en la sociedad paname\u00f1a m\u00e1s receptiva y es creciente e incluso en las nuevas generaciones\u00bb.<\/p>\n<p style=\"text-align: justify;\">Adem\u00e1s, Murgas argumenta que cada vez crece m\u00e1s el inter\u00e9s entre los j\u00f3venes estudiantes de las escuelas tras varias campa\u00f1as de divulgaci\u00f3n para conocer \u00abqu\u00e9 es lo que pas\u00f3\u00bb ese 20 de diciembre de 1989.<\/p>\n<p>Fuente: <a href=\"https:\/\/www.panamaamerica.com.pa\/sociedad\/35-anos-de-la-invasion-de-eeuu-panama-avanza-la-esperanza-de-identificar-victimas-1244351\">Panama America<\/a><\/p>\n","protected":false},"excerpt":{"rendered":"<p>Treinta y cinco a\u00f1os despu\u00e9s de que Estados Unidos invadiera Panam\u00e1 para\u00a0capturar al general Manuel Antonio Noriega, las familias de los desaparecidos han tenido una \u00abesperanza\u00bb este 2024 con la identificaci\u00f3n \u00abpositiva\u00bb de siete nuevas v\u00edctimas, un n\u00famero \u00abimportante\u00bb, pero no \u00absuficiente\u00bb. Esas siete v\u00edctimas identificadas \u00abson importantes porque de uno que ten\u00edamos el a\u00f1o pasado (ahora) tenemos siete m\u00e1s. Pero desde luego no es suficiente, hay muchas familias que todav\u00eda no tienen la certeza de d\u00f3nde est\u00e1 su muerto\u00bb, coment\u00f3 a EFE el presidente de la Comisi\u00f3n 20 de diciembre de 1989, Rolando Murgas. El Instituto de Medicina Legal y Ciencias Forenses de Panam\u00e1 (IMELCF) y la Fundaci\u00f3n de Antropolog\u00eda Forense de Guatemala (FAFG)\u00a0identificaron en 2024 siete v\u00edctimas de la invasi\u00f3n, despu\u00e9s de que el a\u00f1o pasado se lograra determinar a un solo desaparecido, seg\u00fan anunci\u00f3 esa comisi\u00f3n esta semana. Y, justamente, este viernes se cumplen 35 a\u00f1os de aquel 20 de diciembre de 1989, cuando Estados Unidos invadi\u00f3 Panam\u00e1 para capturar al entonces general Noriega (1934-2017) en una misi\u00f3n que los estadounidenses bautizaron como \u00abCausa Justa\u00bb. Ese hecho es uno de los cap\u00edtulos m\u00e1s negros de la historia paname\u00f1a reciente. Aquel d\u00eda, el Ej\u00e9rcito estadounidense moviliz\u00f3 26.000 soldados y us\u00f3 armamento de \u00faltima generaci\u00f3n en una cruenta invasi\u00f3n que deja un indeterminado n\u00famero de v\u00edctimas m\u00e1s de tres d\u00e9cadas despu\u00e9s: la comisi\u00f3n tiene un registro de 441 muertos, pero extraoficialmente se habla en Panam\u00e1 de hasta 4.000 civiles fallecidos. Sin embargo, documentos estadounidenses\u00a0desclasificados a lo largo de los [&hellip;]<\/p>\n","protected":false},"author":6,"featured_media":3802,"comment_status":"closed","ping_status":"closed","sticky":false,"template":"","format":"standard","meta":{"footnotes":""},"categories":[126,119],"tags":[],"class_list":["post-3850","post","type-post","status-publish","format-standard","has-post-thumbnail","hentry","category-12-2024","category-119"],"yoast_head":"<!-- This site is optimized with the Yoast SEO plugin v27.4 - https:\/\/yoast.com\/product\/yoast-seo-wordpress\/ -->\n<title>35 despu\u00e9s Panam\u00e1 avanza la esperanza de identificar v\u00edctimas<\/title>\n<meta name=\"description\" content=\"Esas siete v\u00edctimas identificadas &quot;son importantes porque de uno que ten\u00edamos el a\u00f1o pasado (ahora) tenemos siete m\u00e1s.\" \/>\n<meta name=\"robots\" content=\"index, follow, max-snippet:-1, max-image-preview:large, max-video-preview:-1\" \/>\n<link rel=\"canonical\" href=\"https:\/\/comision20dediciembrede1989.org.pa\/index.php\/2024\/12\/20\/a-35-anos-de-la-invasion-de-ee-uu-a-panama-avanza-la-esperanza-de-identificar-victimas\/\" \/>\n<meta property=\"og:locale\" content=\"es_ES\" \/>\n<meta property=\"og:type\" content=\"article\" \/>\n<meta property=\"og:title\" content=\"35 despu\u00e9s Panam\u00e1 avanza la esperanza de identificar v\u00edctimas\" \/>\n<meta property=\"og:description\" content=\"Esas siete v\u00edctimas identificadas &quot;son importantes porque de uno que ten\u00edamos el a\u00f1o pasado (ahora) tenemos siete m\u00e1s.\" \/>\n<meta property=\"og:url\" content=\"https:\/\/comision20dediciembrede1989.org.pa\/index.php\/2024\/12\/20\/a-35-anos-de-la-invasion-de-ee-uu-a-panama-avanza-la-esperanza-de-identificar-victimas\/\" \/>\n<meta property=\"og:site_name\" content=\"Comision 20 de diciembre\" \/>\n<meta property=\"article:published_time\" content=\"2024-12-20T00:09:44+00:00\" \/>\n<meta property=\"article:modified_time\" content=\"2025-01-27T21:03:52+00:00\" \/>\n<meta property=\"og:image\" content=\"http:\/\/comision20dediciembrede1989.org.pa\/wp-content\/uploads\/2025\/01\/plscreenshotfotosimgen.png\" \/>\n\t<meta property=\"og:image:width\" content=\"749\" \/>\n\t<meta property=\"og:image:height\" content=\"343\" \/>\n\t<meta property=\"og:image:type\" content=\"image\/png\" \/>\n<meta name=\"author\" content=\"a dg\" \/>\n<meta name=\"twitter:card\" content=\"summary_large_image\" \/>\n<meta name=\"twitter:label1\" content=\"Escrito por\" \/>\n\t<meta name=\"twitter:data1\" content=\"a dg\" \/>\n\t<meta name=\"twitter:label2\" content=\"Tiempo de lectura\" \/>\n\t<meta name=\"twitter:data2\" content=\"4 minutos\" \/>\n<script type=\"application\/ld+json\" class=\"yoast-schema-graph\">{\"@context\":\"https:\\\/\\\/schema.org\",\"@graph\":[{\"@type\":\"Article\",\"@id\":\"https:\\\/\\\/comision20dediciembrede1989.org.pa\\\/index.php\\\/2024\\\/12\\\/20\\\/a-35-anos-de-la-invasion-de-ee-uu-a-panama-avanza-la-esperanza-de-identificar-victimas\\\/#article\",\"isPartOf\":{\"@id\":\"https:\\\/\\\/comision20dediciembrede1989.org.pa\\\/index.php\\\/2024\\\/12\\\/20\\\/a-35-anos-de-la-invasion-de-ee-uu-a-panama-avanza-la-esperanza-de-identificar-victimas\\\/\"},\"author\":{\"name\":\"a dg\",\"@id\":\"https:\\\/\\\/comision20dediciembrede1989.org.pa\\\/#\\\/schema\\\/person\\\/2627c63c9634ca580036064042ce2c25\"},\"headline\":\"A 35 a\u00f1os de la invasi\u00f3n de EE.UU. a Panam\u00e1 avanza la esperanza de identificar v\u00edctimas\",\"datePublished\":\"2024-12-20T00:09:44+00:00\",\"dateModified\":\"2025-01-27T21:03:52+00:00\",\"mainEntityOfPage\":{\"@id\":\"https:\\\/\\\/comision20dediciembrede1989.org.pa\\\/index.php\\\/2024\\\/12\\\/20\\\/a-35-anos-de-la-invasion-de-ee-uu-a-panama-avanza-la-esperanza-de-identificar-victimas\\\/\"},\"wordCount\":770,\"image\":{\"@id\":\"https:\\\/\\\/comision20dediciembrede1989.org.pa\\\/index.php\\\/2024\\\/12\\\/20\\\/a-35-anos-de-la-invasion-de-ee-uu-a-panama-avanza-la-esperanza-de-identificar-victimas\\\/#primaryimage\"},\"thumbnailUrl\":\"https:\\\/\\\/comision20dediciembrede1989.org.pa\\\/wp-content\\\/uploads\\\/2025\\\/01\\\/plscreenshotfotosimgen.png\",\"articleSection\":[\"12-2024\",\"2024\"],\"inLanguage\":\"es\"},{\"@type\":\"WebPage\",\"@id\":\"https:\\\/\\\/comision20dediciembrede1989.org.pa\\\/index.php\\\/2024\\\/12\\\/20\\\/a-35-anos-de-la-invasion-de-ee-uu-a-panama-avanza-la-esperanza-de-identificar-victimas\\\/\",\"url\":\"https:\\\/\\\/comision20dediciembrede1989.org.pa\\\/index.php\\\/2024\\\/12\\\/20\\\/a-35-anos-de-la-invasion-de-ee-uu-a-panama-avanza-la-esperanza-de-identificar-victimas\\\/\",\"name\":\"35 despu\u00e9s Panam\u00e1 avanza la esperanza de identificar v\u00edctimas\",\"isPartOf\":{\"@id\":\"https:\\\/\\\/comision20dediciembrede1989.org.pa\\\/#website\"},\"primaryImageOfPage\":{\"@id\":\"https:\\\/\\\/comision20dediciembrede1989.org.pa\\\/index.php\\\/2024\\\/12\\\/20\\\/a-35-anos-de-la-invasion-de-ee-uu-a-panama-avanza-la-esperanza-de-identificar-victimas\\\/#primaryimage\"},\"image\":{\"@id\":\"https:\\\/\\\/comision20dediciembrede1989.org.pa\\\/index.php\\\/2024\\\/12\\\/20\\\/a-35-anos-de-la-invasion-de-ee-uu-a-panama-avanza-la-esperanza-de-identificar-victimas\\\/#primaryimage\"},\"thumbnailUrl\":\"https:\\\/\\\/comision20dediciembrede1989.org.pa\\\/wp-content\\\/uploads\\\/2025\\\/01\\\/plscreenshotfotosimgen.png\",\"datePublished\":\"2024-12-20T00:09:44+00:00\",\"dateModified\":\"2025-01-27T21:03:52+00:00\",\"author\":{\"@id\":\"https:\\\/\\\/comision20dediciembrede1989.org.pa\\\/#\\\/schema\\\/person\\\/2627c63c9634ca580036064042ce2c25\"},\"description\":\"Esas siete v\u00edctimas identificadas \\\"son importantes porque de uno que ten\u00edamos el a\u00f1o pasado (ahora) tenemos siete m\u00e1s.\",\"breadcrumb\":{\"@id\":\"https:\\\/\\\/comision20dediciembrede1989.org.pa\\\/index.php\\\/2024\\\/12\\\/20\\\/a-35-anos-de-la-invasion-de-ee-uu-a-panama-avanza-la-esperanza-de-identificar-victimas\\\/#breadcrumb\"},\"inLanguage\":\"es\",\"potentialAction\":[{\"@type\":\"ReadAction\",\"target\":[\"https:\\\/\\\/comision20dediciembrede1989.org.pa\\\/index.php\\\/2024\\\/12\\\/20\\\/a-35-anos-de-la-invasion-de-ee-uu-a-panama-avanza-la-esperanza-de-identificar-victimas\\\/\"]}]},{\"@type\":\"ImageObject\",\"inLanguage\":\"es\",\"@id\":\"https:\\\/\\\/comision20dediciembrede1989.org.pa\\\/index.php\\\/2024\\\/12\\\/20\\\/a-35-anos-de-la-invasion-de-ee-uu-a-panama-avanza-la-esperanza-de-identificar-victimas\\\/#primaryimage\",\"url\":\"https:\\\/\\\/comision20dediciembrede1989.org.pa\\\/wp-content\\\/uploads\\\/2025\\\/01\\\/plscreenshotfotosimgen.png\",\"contentUrl\":\"https:\\\/\\\/comision20dediciembrede1989.org.pa\\\/wp-content\\\/uploads\\\/2025\\\/01\\\/plscreenshotfotosimgen.png\",\"width\":749,\"height\":343},{\"@type\":\"BreadcrumbList\",\"@id\":\"https:\\\/\\\/comision20dediciembrede1989.org.pa\\\/index.php\\\/2024\\\/12\\\/20\\\/a-35-anos-de-la-invasion-de-ee-uu-a-panama-avanza-la-esperanza-de-identificar-victimas\\\/#breadcrumb\",\"itemListElement\":[{\"@type\":\"ListItem\",\"position\":1,\"name\":\"Portada\",\"item\":\"https:\\\/\\\/comision20dediciembrede1989.org.pa\\\/\"},{\"@type\":\"ListItem\",\"position\":2,\"name\":\"A 35 a\u00f1os de la invasi\u00f3n de EE.UU. a Panam\u00e1 avanza la esperanza de identificar v\u00edctimas\"}]},{\"@type\":\"WebSite\",\"@id\":\"https:\\\/\\\/comision20dediciembrede1989.org.pa\\\/#website\",\"url\":\"https:\\\/\\\/comision20dediciembrede1989.org.pa\\\/\",\"name\":\"Comision 20 de diciembre\",\"description\":\"Por la Verdad, la Memoria y la Justicia\",\"potentialAction\":[{\"@type\":\"SearchAction\",\"target\":{\"@type\":\"EntryPoint\",\"urlTemplate\":\"https:\\\/\\\/comision20dediciembrede1989.org.pa\\\/?s={search_term_string}\"},\"query-input\":{\"@type\":\"PropertyValueSpecification\",\"valueRequired\":true,\"valueName\":\"search_term_string\"}}],\"inLanguage\":\"es\"},{\"@type\":\"Person\",\"@id\":\"https:\\\/\\\/comision20dediciembrede1989.org.pa\\\/#\\\/schema\\\/person\\\/2627c63c9634ca580036064042ce2c25\",\"name\":\"a dg\",\"url\":\"https:\\\/\\\/comision20dediciembrede1989.org.pa\\\/index.php\\\/author\\\/admina\\\/\"}]}<\/script>\n<!-- \/ Yoast SEO plugin. -->","yoast_head_json":{"title":"35 despu\u00e9s Panam\u00e1 avanza la esperanza de identificar v\u00edctimas","description":"Esas siete v\u00edctimas identificadas \"son importantes porque de uno que ten\u00edamos el a\u00f1o pasado (ahora) tenemos siete m\u00e1s.","robots":{"index":"index","follow":"follow","max-snippet":"max-snippet:-1","max-image-preview":"max-image-preview:large","max-video-preview":"max-video-preview:-1"},"canonical":"https:\/\/comision20dediciembrede1989.org.pa\/index.php\/2024\/12\/20\/a-35-anos-de-la-invasion-de-ee-uu-a-panama-avanza-la-esperanza-de-identificar-victimas\/","og_locale":"es_ES","og_type":"article","og_title":"35 despu\u00e9s Panam\u00e1 avanza la esperanza de identificar v\u00edctimas","og_description":"Esas siete v\u00edctimas identificadas \"son importantes porque de uno que ten\u00edamos el a\u00f1o pasado (ahora) tenemos siete m\u00e1s.","og_url":"https:\/\/comision20dediciembrede1989.org.pa\/index.php\/2024\/12\/20\/a-35-anos-de-la-invasion-de-ee-uu-a-panama-avanza-la-esperanza-de-identificar-victimas\/","og_site_name":"Comision 20 de diciembre","article_published_time":"2024-12-20T00:09:44+00:00","article_modified_time":"2025-01-27T21:03:52+00:00","og_image":[{"width":749,"height":343,"url":"http:\/\/comision20dediciembrede1989.org.pa\/wp-content\/uploads\/2025\/01\/plscreenshotfotosimgen.png","type":"image\/png"}],"author":"a dg","twitter_card":"summary_large_image","twitter_misc":{"Escrito por":"a dg","Tiempo de lectura":"4 minutos"},"schema":{"@context":"https:\/\/schema.org","@graph":[{"@type":"Article","@id":"https:\/\/comision20dediciembrede1989.org.pa\/index.php\/2024\/12\/20\/a-35-anos-de-la-invasion-de-ee-uu-a-panama-avanza-la-esperanza-de-identificar-victimas\/#article","isPartOf":{"@id":"https:\/\/comision20dediciembrede1989.org.pa\/index.php\/2024\/12\/20\/a-35-anos-de-la-invasion-de-ee-uu-a-panama-avanza-la-esperanza-de-identificar-victimas\/"},"author":{"name":"a dg","@id":"https:\/\/comision20dediciembrede1989.org.pa\/#\/schema\/person\/2627c63c9634ca580036064042ce2c25"},"headline":"A 35 a\u00f1os de la invasi\u00f3n de EE.UU. a Panam\u00e1 avanza la esperanza de identificar v\u00edctimas","datePublished":"2024-12-20T00:09:44+00:00","dateModified":"2025-01-27T21:03:52+00:00","mainEntityOfPage":{"@id":"https:\/\/comision20dediciembrede1989.org.pa\/index.php\/2024\/12\/20\/a-35-anos-de-la-invasion-de-ee-uu-a-panama-avanza-la-esperanza-de-identificar-victimas\/"},"wordCount":770,"image":{"@id":"https:\/\/comision20dediciembrede1989.org.pa\/index.php\/2024\/12\/20\/a-35-anos-de-la-invasion-de-ee-uu-a-panama-avanza-la-esperanza-de-identificar-victimas\/#primaryimage"},"thumbnailUrl":"https:\/\/comision20dediciembrede1989.org.pa\/wp-content\/uploads\/2025\/01\/plscreenshotfotosimgen.png","articleSection":["12-2024","2024"],"inLanguage":"es"},{"@type":"WebPage","@id":"https:\/\/comision20dediciembrede1989.org.pa\/index.php\/2024\/12\/20\/a-35-anos-de-la-invasion-de-ee-uu-a-panama-avanza-la-esperanza-de-identificar-victimas\/","url":"https:\/\/comision20dediciembrede1989.org.pa\/index.php\/2024\/12\/20\/a-35-anos-de-la-invasion-de-ee-uu-a-panama-avanza-la-esperanza-de-identificar-victimas\/","name":"35 despu\u00e9s Panam\u00e1 avanza la esperanza de identificar v\u00edctimas","isPartOf":{"@id":"https:\/\/comision20dediciembrede1989.org.pa\/#website"},"primaryImageOfPage":{"@id":"https:\/\/comision20dediciembrede1989.org.pa\/index.php\/2024\/12\/20\/a-35-anos-de-la-invasion-de-ee-uu-a-panama-avanza-la-esperanza-de-identificar-victimas\/#primaryimage"},"image":{"@id":"https:\/\/comision20dediciembrede1989.org.pa\/index.php\/2024\/12\/20\/a-35-anos-de-la-invasion-de-ee-uu-a-panama-avanza-la-esperanza-de-identificar-victimas\/#primaryimage"},"thumbnailUrl":"https:\/\/comision20dediciembrede1989.org.pa\/wp-content\/uploads\/2025\/01\/plscreenshotfotosimgen.png","datePublished":"2024-12-20T00:09:44+00:00","dateModified":"2025-01-27T21:03:52+00:00","author":{"@id":"https:\/\/comision20dediciembrede1989.org.pa\/#\/schema\/person\/2627c63c9634ca580036064042ce2c25"},"description":"Esas siete v\u00edctimas identificadas \"son importantes porque de uno que ten\u00edamos el a\u00f1o pasado (ahora) tenemos siete m\u00e1s.","breadcrumb":{"@id":"https:\/\/comision20dediciembrede1989.org.pa\/index.php\/2024\/12\/20\/a-35-anos-de-la-invasion-de-ee-uu-a-panama-avanza-la-esperanza-de-identificar-victimas\/#breadcrumb"},"inLanguage":"es","potentialAction":[{"@type":"ReadAction","target":["https:\/\/comision20dediciembrede1989.org.pa\/index.php\/2024\/12\/20\/a-35-anos-de-la-invasion-de-ee-uu-a-panama-avanza-la-esperanza-de-identificar-victimas\/"]}]},{"@type":"ImageObject","inLanguage":"es","@id":"https:\/\/comision20dediciembrede1989.org.pa\/index.php\/2024\/12\/20\/a-35-anos-de-la-invasion-de-ee-uu-a-panama-avanza-la-esperanza-de-identificar-victimas\/#primaryimage","url":"https:\/\/comision20dediciembrede1989.org.pa\/wp-content\/uploads\/2025\/01\/plscreenshotfotosimgen.png","contentUrl":"https:\/\/comision20dediciembrede1989.org.pa\/wp-content\/uploads\/2025\/01\/plscreenshotfotosimgen.png","width":749,"height":343},{"@type":"BreadcrumbList","@id":"https:\/\/comision20dediciembrede1989.org.pa\/index.php\/2024\/12\/20\/a-35-anos-de-la-invasion-de-ee-uu-a-panama-avanza-la-esperanza-de-identificar-victimas\/#breadcrumb","itemListElement":[{"@type":"ListItem","position":1,"name":"Portada","item":"https:\/\/comision20dediciembrede1989.org.pa\/"},{"@type":"ListItem","position":2,"name":"A 35 a\u00f1os de la invasi\u00f3n de EE.UU. a Panam\u00e1 avanza la esperanza de identificar v\u00edctimas"}]},{"@type":"WebSite","@id":"https:\/\/comision20dediciembrede1989.org.pa\/#website","url":"https:\/\/comision20dediciembrede1989.org.pa\/","name":"Comision 20 de diciembre","description":"Por la Verdad, la Memoria y la Justicia","potentialAction":[{"@type":"SearchAction","target":{"@type":"EntryPoint","urlTemplate":"https:\/\/comision20dediciembrede1989.org.pa\/?s={search_term_string}"},"query-input":{"@type":"PropertyValueSpecification","valueRequired":true,"valueName":"search_term_string"}}],"inLanguage":"es"},{"@type":"Person","@id":"https:\/\/comision20dediciembrede1989.org.pa\/#\/schema\/person\/2627c63c9634ca580036064042ce2c25","name":"a dg","url":"https:\/\/comision20dediciembrede1989.org.pa\/index.php\/author\/admina\/"}]}},"_links":{"self":[{"href":"https:\/\/comision20dediciembrede1989.org.pa\/index.php\/wp-json\/wp\/v2\/posts\/3850","targetHints":{"allow":["GET"]}}],"collection":[{"href":"https:\/\/comision20dediciembrede1989.org.pa\/index.php\/wp-json\/wp\/v2\/posts"}],"about":[{"href":"https:\/\/comision20dediciembrede1989.org.pa\/index.php\/wp-json\/wp\/v2\/types\/post"}],"author":[{"embeddable":true,"href":"https:\/\/comision20dediciembrede1989.org.pa\/index.php\/wp-json\/wp\/v2\/users\/6"}],"replies":[{"embeddable":true,"href":"https:\/\/comision20dediciembrede1989.org.pa\/index.php\/wp-json\/wp\/v2\/comments?post=3850"}],"version-history":[{"count":3,"href":"https:\/\/comision20dediciembrede1989.org.pa\/index.php\/wp-json\/wp\/v2\/posts\/3850\/revisions"}],"predecessor-version":[{"id":3883,"href":"https:\/\/comision20dediciembrede1989.org.pa\/index.php\/wp-json\/wp\/v2\/posts\/3850\/revisions\/3883"}],"wp:featuredmedia":[{"embeddable":true,"href":"https:\/\/comision20dediciembrede1989.org.pa\/index.php\/wp-json\/wp\/v2\/media\/3802"}],"wp:attachment":[{"href":"https:\/\/comision20dediciembrede1989.org.pa\/index.php\/wp-json\/wp\/v2\/media?parent=3850"}],"wp:term":[{"taxonomy":"category","embeddable":true,"href":"https:\/\/comision20dediciembrede1989.org.pa\/index.php\/wp-json\/wp\/v2\/categories?post=3850"},{"taxonomy":"post_tag","embeddable":true,"href":"https:\/\/comision20dediciembrede1989.org.pa\/index.php\/wp-json\/wp\/v2\/tags?post=3850"}],"curies":[{"name":"wp","href":"https:\/\/api.w.org\/{rel}","templated":true}]}}