{"id":3807,"date":"2024-12-19T08:44:49","date_gmt":"2024-12-19T08:44:49","guid":{"rendered":"https:\/\/comision20dediciembrede1989.org.pa\/?p=3807"},"modified":"2025-01-27T20:33:06","modified_gmt":"2025-01-27T20:33:06","slug":"familiares-de-victimas-de-la-invasion-de-1989-hay-una-juventud-deseosa-por-conocer-la-historia","status":"publish","type":"post","link":"https:\/\/comision20dediciembrede1989.org.pa\/index.php\/2024\/12\/19\/familiares-de-victimas-de-la-invasion-de-1989-hay-una-juventud-deseosa-por-conocer-la-historia\/","title":{"rendered":"Familiares de v\u00edctimas de la invasi\u00f3n de 1989: Hay una juventud deseosa por conocer la historia"},"content":{"rendered":"<h3 class=\"subtitle\">En el transcurso de estos 35 a\u00f1os, han percibido un cambio en la poblaci\u00f3n, hay una juventud deseosa de conocer los acontecimientos, que viene con otra mentalidad, y se han ido apartando de esas confrontaciones que nos llevaron a esos sucesos tr\u00e1gicos.<\/h3>\n<p><span class=\"place\">Ciudad de Panam\u00e1, Panam\u00e1\/<\/span>Han pasado 35 a\u00f1os de la<a href=\"https:\/\/www.tvn-2.com\/temas\/invasion-a-panama\/\" target=\"_blank\" rel=\"noopener\">\u00a0invasi\u00f3n de Estados Unidos a Panam\u00e1\u00a0<\/a>y las heridas abiertas de los familiares de v\u00edctimas como T<strong>rinidad Oyola, presidenta de la Asociaci\u00f3n de Familiares y Amigos de los Ca\u00eddos el 20 de diciembre<\/strong>, no cierran.<\/p>\n<p>Ahora, el 20 de diciembre es feriado, pero la fecha es propicia para hacer memoria hist\u00f3rica.<\/p>\n<h2 class=\"heading\">Le puede interesar:\u00a0<a href=\"https:\/\/www.tvn-2.com\/nacionales\/invasion-de-estados-unidos-a-panama-cine-en-panama-exgeneral-manuel-antonio-noriega-victimas-de-la-invasion_1_2169622.html\" target=\"_blank\" rel=\"noopener\">Muestra cinematogr\u00e1fica busca perpetuar memoria sobre la invasi\u00f3n de 1989<\/a><\/h2>\n<p>Oyola expres\u00f3 que la asociaci\u00f3n que representa no solamente busca lograr la identificaci\u00f3n de esas personas desaparecidas, sino que no se pierda esa memoria hist\u00f3rica.<\/p>\n<p>En cuanto a la nueva revelaci\u00f3n de siete casos que han logrado ser identificados, Oyola expres\u00f3 que el resto de los familiares de las v\u00edctimas desaparecidas est\u00e1n muy ansiosos por conocer la ubicaci\u00f3n de sus parientes y rendirles homenaje.<\/p>\n<blockquote class=\"quote\"><p><span class=\"quote-text\">Es una herida que no sana. Sab\u00edamos que este proceso de identificaci\u00f3n era un proceso doloroso, pero que hab\u00eda que seguir para que algunos familiares pudi\u00e9ramos tener un poco de paz.<\/span><span class=\"quote-author\">\u2014 Trinidad Oyola &#8211; Asociaci\u00f3n de Familiares y Amigos de los Ca\u00eddos el 20 de diciembre<\/span><\/p><\/blockquote>\n<p>De acuerdo con Oyola, en el transcurso de estos 35 a\u00f1os, han percibido un cambio en la poblaci\u00f3n, hay una juventud deseosa de conocer los acontecimientos, que viene con otra mentalidad, y se han ido apartando de esas confrontaciones que nos llevaron a esos sucesos tr\u00e1gicos.<\/p>\n<h2 class=\"heading\">Lea tambi\u00e9n:\u00a0<a href=\"https:\/\/www.tvn-2.com\/nacionales\/identifican-siete-victimas-de-la-invasion-militar-estudios-geneticos-comision-20-de-diciembre-exhumacion-victimas-invasion_1_2169463.html\" target=\"_blank\" rel=\"noopener\">Comisi\u00f3n 20 de Diciembre: Identifican siete v\u00edctimas de la invasi\u00f3n de 1989 tras estudios gen\u00e9ticos durante el 2024<\/a><\/h2>\n<h2 class=\"heading\"><strong>Investigaci\u00f3n en curso<\/strong><\/h2>\n<p>La Comisi\u00f3n 20 de Diciembre de 1989 contin\u00faa impulsando la investigaci\u00f3n\u00a0<strong>para determinar el paradero de al menos 23 personas reportadas como desaparecidas y resolver 10 casos de cuerpos inhumados desconocidos que son consecuencia directa de la invasi\u00f3n<\/strong>.<\/p>\n<p><strong>Desde el a\u00f1o 2020, se han realizado exhumaciones en el Cementerio Jard\u00edn de Paz, y en 2021, en Monte Esperanza, Col\u00f3n, como parte de los esfuerzos para dar respuestas a las familias<\/strong>.<\/p>\n<p><strong>Hasta la fecha, las familias de las v\u00edctimas han aportado 105 muestras de ADN<\/strong>, que han sido utilizadas para la creaci\u00f3n de una base de perfiles gen\u00e9ticos. Estos perfiles se comparan con las muestras de las sepulturas exhumadas, buscando coincidencias que permitan continuar identificando a las v\u00edctimas y devolvi\u00e9ndolas a sus seres queridos.<\/p>\n<p>Fuente: <a href=\"https:\/\/www.tvn-2.com\/nacionales\/invasion-de-estados-unidos-a-panama-20-de-diciembre-de-1989-familiares-de-victimas-de-la-invasion_1_2169698.html\">TVN<\/a><\/p>\n","protected":false},"excerpt":{"rendered":"<p>En el transcurso de estos 35 a\u00f1os, han percibido un cambio en la poblaci\u00f3n, hay una juventud deseosa de conocer los acontecimientos, que viene con otra mentalidad, y se han ido apartando de esas confrontaciones que nos llevaron a esos sucesos tr\u00e1gicos. Ciudad de Panam\u00e1, Panam\u00e1\/Han pasado 35 a\u00f1os de la\u00a0invasi\u00f3n de Estados Unidos a Panam\u00e1\u00a0y las heridas abiertas de los familiares de v\u00edctimas como Trinidad Oyola, presidenta de la Asociaci\u00f3n de Familiares y Amigos de los Ca\u00eddos el 20 de diciembre, no cierran. Ahora, el 20 de diciembre es feriado, pero la fecha es propicia para hacer memoria hist\u00f3rica. Le puede interesar:\u00a0Muestra cinematogr\u00e1fica busca perpetuar memoria sobre la invasi\u00f3n de 1989 Oyola expres\u00f3 que la asociaci\u00f3n que representa no solamente busca lograr la identificaci\u00f3n de esas personas desaparecidas, sino que no se pierda esa memoria hist\u00f3rica. En cuanto a la nueva revelaci\u00f3n de siete casos que han logrado ser identificados, Oyola expres\u00f3 que el resto de los familiares de las v\u00edctimas desaparecidas est\u00e1n muy ansiosos por conocer la ubicaci\u00f3n de sus parientes y rendirles homenaje. Es una herida que no sana. Sab\u00edamos que este proceso de identificaci\u00f3n era un proceso doloroso, pero que hab\u00eda que seguir para que algunos familiares pudi\u00e9ramos tener un poco de paz.\u2014 Trinidad Oyola &#8211; Asociaci\u00f3n de Familiares y Amigos de los Ca\u00eddos el 20 de diciembre De acuerdo con Oyola, en el transcurso de estos 35 a\u00f1os, han percibido un cambio en la poblaci\u00f3n, hay una juventud deseosa de conocer los acontecimientos, que viene [&hellip;]<\/p>\n","protected":false},"author":6,"featured_media":3808,"comment_status":"closed","ping_status":"closed","sticky":false,"template":"","format":"standard","meta":{"footnotes":""},"categories":[126,119],"tags":[],"class_list":["post-3807","post","type-post","status-publish","format-standard","has-post-thumbnail","hentry","category-12-2024","category-119"],"yoast_head":"<!-- This site is optimized with the Yoast SEO plugin v27.4 - https:\/\/yoast.com\/product\/yoast-seo-wordpress\/ -->\n<title>Familias de v\u00edctimas de la invasi\u00f3n: Juventud desea saber historia<\/title>\n<meta name=\"description\" content=\"En el transcurso de estos 35 a\u00f1os, han percibido un cambio en la poblaci\u00f3n, hay una juventud deseosa de conocer los acontecimientos,\" \/>\n<meta name=\"robots\" content=\"index, follow, max-snippet:-1, max-image-preview:large, max-video-preview:-1\" \/>\n<link rel=\"canonical\" href=\"https:\/\/comision20dediciembrede1989.org.pa\/index.php\/2024\/12\/19\/familiares-de-victimas-de-la-invasion-de-1989-hay-una-juventud-deseosa-por-conocer-la-historia\/\" \/>\n<meta property=\"og:locale\" content=\"es_ES\" \/>\n<meta property=\"og:type\" content=\"article\" \/>\n<meta property=\"og:title\" content=\"Familias de v\u00edctimas de la invasi\u00f3n: Juventud desea saber historia\" \/>\n<meta property=\"og:description\" content=\"En el transcurso de estos 35 a\u00f1os, han percibido un cambio en la poblaci\u00f3n, hay una juventud deseosa de conocer los acontecimientos,\" \/>\n<meta property=\"og:url\" content=\"https:\/\/comision20dediciembrede1989.org.pa\/index.php\/2024\/12\/19\/familiares-de-victimas-de-la-invasion-de-1989-hay-una-juventud-deseosa-por-conocer-la-historia\/\" \/>\n<meta property=\"og:site_name\" content=\"Comision 20 de diciembre\" \/>\n<meta property=\"article:published_time\" content=\"2024-12-19T08:44:49+00:00\" \/>\n<meta property=\"article:modified_time\" content=\"2025-01-27T20:33:06+00:00\" \/>\n<meta property=\"og:image\" content=\"http:\/\/comision20dediciembrede1989.org.pa\/wp-content\/uploads\/2025\/01\/tvn2imgn2012300.webp\" \/>\n\t<meta property=\"og:image:width\" content=\"850\" \/>\n\t<meta property=\"og:image:height\" content=\"478\" \/>\n\t<meta property=\"og:image:type\" content=\"image\/webp\" \/>\n<meta name=\"author\" content=\"a dg\" \/>\n<meta name=\"twitter:card\" content=\"summary_large_image\" \/>\n<meta name=\"twitter:label1\" content=\"Escrito por\" \/>\n\t<meta name=\"twitter:data1\" content=\"a dg\" \/>\n\t<meta name=\"twitter:label2\" content=\"Tiempo de lectura\" \/>\n\t<meta name=\"twitter:data2\" content=\"2 minutos\" \/>\n<script type=\"application\/ld+json\" class=\"yoast-schema-graph\">{\"@context\":\"https:\\\/\\\/schema.org\",\"@graph\":[{\"@type\":\"Article\",\"@id\":\"https:\\\/\\\/comision20dediciembrede1989.org.pa\\\/index.php\\\/2024\\\/12\\\/19\\\/familiares-de-victimas-de-la-invasion-de-1989-hay-una-juventud-deseosa-por-conocer-la-historia\\\/#article\",\"isPartOf\":{\"@id\":\"https:\\\/\\\/comision20dediciembrede1989.org.pa\\\/index.php\\\/2024\\\/12\\\/19\\\/familiares-de-victimas-de-la-invasion-de-1989-hay-una-juventud-deseosa-por-conocer-la-historia\\\/\"},\"author\":{\"name\":\"a dg\",\"@id\":\"https:\\\/\\\/comision20dediciembrede1989.org.pa\\\/#\\\/schema\\\/person\\\/2627c63c9634ca580036064042ce2c25\"},\"headline\":\"Familiares de v\u00edctimas de la invasi\u00f3n de 1989: Hay una juventud deseosa por conocer la historia\",\"datePublished\":\"2024-12-19T08:44:49+00:00\",\"dateModified\":\"2025-01-27T20:33:06+00:00\",\"mainEntityOfPage\":{\"@id\":\"https:\\\/\\\/comision20dediciembrede1989.org.pa\\\/index.php\\\/2024\\\/12\\\/19\\\/familiares-de-victimas-de-la-invasion-de-1989-hay-una-juventud-deseosa-por-conocer-la-historia\\\/\"},\"wordCount\":465,\"image\":{\"@id\":\"https:\\\/\\\/comision20dediciembrede1989.org.pa\\\/index.php\\\/2024\\\/12\\\/19\\\/familiares-de-victimas-de-la-invasion-de-1989-hay-una-juventud-deseosa-por-conocer-la-historia\\\/#primaryimage\"},\"thumbnailUrl\":\"https:\\\/\\\/comision20dediciembrede1989.org.pa\\\/wp-content\\\/uploads\\\/2025\\\/01\\\/tvn2imgn2012300.webp\",\"articleSection\":[\"12-2024\",\"2024\"],\"inLanguage\":\"es\"},{\"@type\":\"WebPage\",\"@id\":\"https:\\\/\\\/comision20dediciembrede1989.org.pa\\\/index.php\\\/2024\\\/12\\\/19\\\/familiares-de-victimas-de-la-invasion-de-1989-hay-una-juventud-deseosa-por-conocer-la-historia\\\/\",\"url\":\"https:\\\/\\\/comision20dediciembrede1989.org.pa\\\/index.php\\\/2024\\\/12\\\/19\\\/familiares-de-victimas-de-la-invasion-de-1989-hay-una-juventud-deseosa-por-conocer-la-historia\\\/\",\"name\":\"Familias de v\u00edctimas de la invasi\u00f3n: Juventud desea saber historia\",\"isPartOf\":{\"@id\":\"https:\\\/\\\/comision20dediciembrede1989.org.pa\\\/#website\"},\"primaryImageOfPage\":{\"@id\":\"https:\\\/\\\/comision20dediciembrede1989.org.pa\\\/index.php\\\/2024\\\/12\\\/19\\\/familiares-de-victimas-de-la-invasion-de-1989-hay-una-juventud-deseosa-por-conocer-la-historia\\\/#primaryimage\"},\"image\":{\"@id\":\"https:\\\/\\\/comision20dediciembrede1989.org.pa\\\/index.php\\\/2024\\\/12\\\/19\\\/familiares-de-victimas-de-la-invasion-de-1989-hay-una-juventud-deseosa-por-conocer-la-historia\\\/#primaryimage\"},\"thumbnailUrl\":\"https:\\\/\\\/comision20dediciembrede1989.org.pa\\\/wp-content\\\/uploads\\\/2025\\\/01\\\/tvn2imgn2012300.webp\",\"datePublished\":\"2024-12-19T08:44:49+00:00\",\"dateModified\":\"2025-01-27T20:33:06+00:00\",\"author\":{\"@id\":\"https:\\\/\\\/comision20dediciembrede1989.org.pa\\\/#\\\/schema\\\/person\\\/2627c63c9634ca580036064042ce2c25\"},\"description\":\"En el transcurso de estos 35 a\u00f1os, han percibido un cambio en la poblaci\u00f3n, hay una juventud deseosa de conocer los acontecimientos,\",\"breadcrumb\":{\"@id\":\"https:\\\/\\\/comision20dediciembrede1989.org.pa\\\/index.php\\\/2024\\\/12\\\/19\\\/familiares-de-victimas-de-la-invasion-de-1989-hay-una-juventud-deseosa-por-conocer-la-historia\\\/#breadcrumb\"},\"inLanguage\":\"es\",\"potentialAction\":[{\"@type\":\"ReadAction\",\"target\":[\"https:\\\/\\\/comision20dediciembrede1989.org.pa\\\/index.php\\\/2024\\\/12\\\/19\\\/familiares-de-victimas-de-la-invasion-de-1989-hay-una-juventud-deseosa-por-conocer-la-historia\\\/\"]}]},{\"@type\":\"ImageObject\",\"inLanguage\":\"es\",\"@id\":\"https:\\\/\\\/comision20dediciembrede1989.org.pa\\\/index.php\\\/2024\\\/12\\\/19\\\/familiares-de-victimas-de-la-invasion-de-1989-hay-una-juventud-deseosa-por-conocer-la-historia\\\/#primaryimage\",\"url\":\"https:\\\/\\\/comision20dediciembrede1989.org.pa\\\/wp-content\\\/uploads\\\/2025\\\/01\\\/tvn2imgn2012300.webp\",\"contentUrl\":\"https:\\\/\\\/comision20dediciembrede1989.org.pa\\\/wp-content\\\/uploads\\\/2025\\\/01\\\/tvn2imgn2012300.webp\",\"width\":850,\"height\":478},{\"@type\":\"BreadcrumbList\",\"@id\":\"https:\\\/\\\/comision20dediciembrede1989.org.pa\\\/index.php\\\/2024\\\/12\\\/19\\\/familiares-de-victimas-de-la-invasion-de-1989-hay-una-juventud-deseosa-por-conocer-la-historia\\\/#breadcrumb\",\"itemListElement\":[{\"@type\":\"ListItem\",\"position\":1,\"name\":\"Portada\",\"item\":\"https:\\\/\\\/comision20dediciembrede1989.org.pa\\\/\"},{\"@type\":\"ListItem\",\"position\":2,\"name\":\"Familiares de v\u00edctimas de la invasi\u00f3n de 1989: Hay una juventud deseosa por conocer la historia\"}]},{\"@type\":\"WebSite\",\"@id\":\"https:\\\/\\\/comision20dediciembrede1989.org.pa\\\/#website\",\"url\":\"https:\\\/\\\/comision20dediciembrede1989.org.pa\\\/\",\"name\":\"Comision 20 de diciembre\",\"description\":\"Por la Verdad, la Memoria y la Justicia\",\"potentialAction\":[{\"@type\":\"SearchAction\",\"target\":{\"@type\":\"EntryPoint\",\"urlTemplate\":\"https:\\\/\\\/comision20dediciembrede1989.org.pa\\\/?s={search_term_string}\"},\"query-input\":{\"@type\":\"PropertyValueSpecification\",\"valueRequired\":true,\"valueName\":\"search_term_string\"}}],\"inLanguage\":\"es\"},{\"@type\":\"Person\",\"@id\":\"https:\\\/\\\/comision20dediciembrede1989.org.pa\\\/#\\\/schema\\\/person\\\/2627c63c9634ca580036064042ce2c25\",\"name\":\"a dg\",\"url\":\"https:\\\/\\\/comision20dediciembrede1989.org.pa\\\/index.php\\\/author\\\/admina\\\/\"}]}<\/script>\n<!-- \/ Yoast SEO plugin. -->","yoast_head_json":{"title":"Familias de v\u00edctimas de la invasi\u00f3n: Juventud desea saber historia","description":"En el transcurso de estos 35 a\u00f1os, han percibido un cambio en la poblaci\u00f3n, hay una juventud deseosa de conocer los acontecimientos,","robots":{"index":"index","follow":"follow","max-snippet":"max-snippet:-1","max-image-preview":"max-image-preview:large","max-video-preview":"max-video-preview:-1"},"canonical":"https:\/\/comision20dediciembrede1989.org.pa\/index.php\/2024\/12\/19\/familiares-de-victimas-de-la-invasion-de-1989-hay-una-juventud-deseosa-por-conocer-la-historia\/","og_locale":"es_ES","og_type":"article","og_title":"Familias de v\u00edctimas de la invasi\u00f3n: Juventud desea saber historia","og_description":"En el transcurso de estos 35 a\u00f1os, han percibido un cambio en la poblaci\u00f3n, hay una juventud deseosa de conocer los acontecimientos,","og_url":"https:\/\/comision20dediciembrede1989.org.pa\/index.php\/2024\/12\/19\/familiares-de-victimas-de-la-invasion-de-1989-hay-una-juventud-deseosa-por-conocer-la-historia\/","og_site_name":"Comision 20 de diciembre","article_published_time":"2024-12-19T08:44:49+00:00","article_modified_time":"2025-01-27T20:33:06+00:00","og_image":[{"width":850,"height":478,"url":"http:\/\/comision20dediciembrede1989.org.pa\/wp-content\/uploads\/2025\/01\/tvn2imgn2012300.webp","type":"image\/webp"}],"author":"a dg","twitter_card":"summary_large_image","twitter_misc":{"Escrito por":"a dg","Tiempo de lectura":"2 minutos"},"schema":{"@context":"https:\/\/schema.org","@graph":[{"@type":"Article","@id":"https:\/\/comision20dediciembrede1989.org.pa\/index.php\/2024\/12\/19\/familiares-de-victimas-de-la-invasion-de-1989-hay-una-juventud-deseosa-por-conocer-la-historia\/#article","isPartOf":{"@id":"https:\/\/comision20dediciembrede1989.org.pa\/index.php\/2024\/12\/19\/familiares-de-victimas-de-la-invasion-de-1989-hay-una-juventud-deseosa-por-conocer-la-historia\/"},"author":{"name":"a dg","@id":"https:\/\/comision20dediciembrede1989.org.pa\/#\/schema\/person\/2627c63c9634ca580036064042ce2c25"},"headline":"Familiares de v\u00edctimas de la invasi\u00f3n de 1989: Hay una juventud deseosa por conocer la historia","datePublished":"2024-12-19T08:44:49+00:00","dateModified":"2025-01-27T20:33:06+00:00","mainEntityOfPage":{"@id":"https:\/\/comision20dediciembrede1989.org.pa\/index.php\/2024\/12\/19\/familiares-de-victimas-de-la-invasion-de-1989-hay-una-juventud-deseosa-por-conocer-la-historia\/"},"wordCount":465,"image":{"@id":"https:\/\/comision20dediciembrede1989.org.pa\/index.php\/2024\/12\/19\/familiares-de-victimas-de-la-invasion-de-1989-hay-una-juventud-deseosa-por-conocer-la-historia\/#primaryimage"},"thumbnailUrl":"https:\/\/comision20dediciembrede1989.org.pa\/wp-content\/uploads\/2025\/01\/tvn2imgn2012300.webp","articleSection":["12-2024","2024"],"inLanguage":"es"},{"@type":"WebPage","@id":"https:\/\/comision20dediciembrede1989.org.pa\/index.php\/2024\/12\/19\/familiares-de-victimas-de-la-invasion-de-1989-hay-una-juventud-deseosa-por-conocer-la-historia\/","url":"https:\/\/comision20dediciembrede1989.org.pa\/index.php\/2024\/12\/19\/familiares-de-victimas-de-la-invasion-de-1989-hay-una-juventud-deseosa-por-conocer-la-historia\/","name":"Familias de v\u00edctimas de la invasi\u00f3n: Juventud desea saber historia","isPartOf":{"@id":"https:\/\/comision20dediciembrede1989.org.pa\/#website"},"primaryImageOfPage":{"@id":"https:\/\/comision20dediciembrede1989.org.pa\/index.php\/2024\/12\/19\/familiares-de-victimas-de-la-invasion-de-1989-hay-una-juventud-deseosa-por-conocer-la-historia\/#primaryimage"},"image":{"@id":"https:\/\/comision20dediciembrede1989.org.pa\/index.php\/2024\/12\/19\/familiares-de-victimas-de-la-invasion-de-1989-hay-una-juventud-deseosa-por-conocer-la-historia\/#primaryimage"},"thumbnailUrl":"https:\/\/comision20dediciembrede1989.org.pa\/wp-content\/uploads\/2025\/01\/tvn2imgn2012300.webp","datePublished":"2024-12-19T08:44:49+00:00","dateModified":"2025-01-27T20:33:06+00:00","author":{"@id":"https:\/\/comision20dediciembrede1989.org.pa\/#\/schema\/person\/2627c63c9634ca580036064042ce2c25"},"description":"En el transcurso de estos 35 a\u00f1os, han percibido un cambio en la poblaci\u00f3n, hay una juventud deseosa de conocer los acontecimientos,","breadcrumb":{"@id":"https:\/\/comision20dediciembrede1989.org.pa\/index.php\/2024\/12\/19\/familiares-de-victimas-de-la-invasion-de-1989-hay-una-juventud-deseosa-por-conocer-la-historia\/#breadcrumb"},"inLanguage":"es","potentialAction":[{"@type":"ReadAction","target":["https:\/\/comision20dediciembrede1989.org.pa\/index.php\/2024\/12\/19\/familiares-de-victimas-de-la-invasion-de-1989-hay-una-juventud-deseosa-por-conocer-la-historia\/"]}]},{"@type":"ImageObject","inLanguage":"es","@id":"https:\/\/comision20dediciembrede1989.org.pa\/index.php\/2024\/12\/19\/familiares-de-victimas-de-la-invasion-de-1989-hay-una-juventud-deseosa-por-conocer-la-historia\/#primaryimage","url":"https:\/\/comision20dediciembrede1989.org.pa\/wp-content\/uploads\/2025\/01\/tvn2imgn2012300.webp","contentUrl":"https:\/\/comision20dediciembrede1989.org.pa\/wp-content\/uploads\/2025\/01\/tvn2imgn2012300.webp","width":850,"height":478},{"@type":"BreadcrumbList","@id":"https:\/\/comision20dediciembrede1989.org.pa\/index.php\/2024\/12\/19\/familiares-de-victimas-de-la-invasion-de-1989-hay-una-juventud-deseosa-por-conocer-la-historia\/#breadcrumb","itemListElement":[{"@type":"ListItem","position":1,"name":"Portada","item":"https:\/\/comision20dediciembrede1989.org.pa\/"},{"@type":"ListItem","position":2,"name":"Familiares de v\u00edctimas de la invasi\u00f3n de 1989: Hay una juventud deseosa por conocer la historia"}]},{"@type":"WebSite","@id":"https:\/\/comision20dediciembrede1989.org.pa\/#website","url":"https:\/\/comision20dediciembrede1989.org.pa\/","name":"Comision 20 de diciembre","description":"Por la Verdad, la Memoria y la Justicia","potentialAction":[{"@type":"SearchAction","target":{"@type":"EntryPoint","urlTemplate":"https:\/\/comision20dediciembrede1989.org.pa\/?s={search_term_string}"},"query-input":{"@type":"PropertyValueSpecification","valueRequired":true,"valueName":"search_term_string"}}],"inLanguage":"es"},{"@type":"Person","@id":"https:\/\/comision20dediciembrede1989.org.pa\/#\/schema\/person\/2627c63c9634ca580036064042ce2c25","name":"a dg","url":"https:\/\/comision20dediciembrede1989.org.pa\/index.php\/author\/admina\/"}]}},"_links":{"self":[{"href":"https:\/\/comision20dediciembrede1989.org.pa\/index.php\/wp-json\/wp\/v2\/posts\/3807","targetHints":{"allow":["GET"]}}],"collection":[{"href":"https:\/\/comision20dediciembrede1989.org.pa\/index.php\/wp-json\/wp\/v2\/posts"}],"about":[{"href":"https:\/\/comision20dediciembrede1989.org.pa\/index.php\/wp-json\/wp\/v2\/types\/post"}],"author":[{"embeddable":true,"href":"https:\/\/comision20dediciembrede1989.org.pa\/index.php\/wp-json\/wp\/v2\/users\/6"}],"replies":[{"embeddable":true,"href":"https:\/\/comision20dediciembrede1989.org.pa\/index.php\/wp-json\/wp\/v2\/comments?post=3807"}],"version-history":[{"count":3,"href":"https:\/\/comision20dediciembrede1989.org.pa\/index.php\/wp-json\/wp\/v2\/posts\/3807\/revisions"}],"predecessor-version":[{"id":3866,"href":"https:\/\/comision20dediciembrede1989.org.pa\/index.php\/wp-json\/wp\/v2\/posts\/3807\/revisions\/3866"}],"wp:featuredmedia":[{"embeddable":true,"href":"https:\/\/comision20dediciembrede1989.org.pa\/index.php\/wp-json\/wp\/v2\/media\/3808"}],"wp:attachment":[{"href":"https:\/\/comision20dediciembrede1989.org.pa\/index.php\/wp-json\/wp\/v2\/media?parent=3807"}],"wp:term":[{"taxonomy":"category","embeddable":true,"href":"https:\/\/comision20dediciembrede1989.org.pa\/index.php\/wp-json\/wp\/v2\/categories?post=3807"},{"taxonomy":"post_tag","embeddable":true,"href":"https:\/\/comision20dediciembrede1989.org.pa\/index.php\/wp-json\/wp\/v2\/tags?post=3807"}],"curies":[{"name":"wp","href":"https:\/\/api.w.org\/{rel}","templated":true}]}}