{"id":3680,"date":"2024-06-28T22:49:11","date_gmt":"2024-06-28T22:49:11","guid":{"rendered":"https:\/\/comision20dediciembrede1989.org.pa\/?p=3680"},"modified":"2024-09-08T22:54:44","modified_gmt":"2024-09-08T22:54:44","slug":"nuevas-aristas-obligan-a-darle-mas-tiempo-a-comision-20-de-diciembre","status":"publish","type":"post","link":"https:\/\/comision20dediciembrede1989.org.pa\/index.php\/2024\/06\/28\/nuevas-aristas-obligan-a-darle-mas-tiempo-a-comision-20-de-diciembre\/","title":{"rendered":"Nuevas aristas obligan a darle m\u00e1s tiempo a Comisi\u00f3n 20 de diciembre"},"content":{"rendered":"<p>A la tarea de darle identidad a v\u00edctimas de la invasi\u00f3n, se suma establecer la memoria hist\u00f3rica de este hecho e investigar los perjuicios econ\u00f3micos.<\/p>\n<p>\u00abTodav\u00eda tenemos que seguir en esta tarea\u00bb, fueron las palabras del presidente de la\u00a0<strong>Comisi\u00f3n 20 de diciembre, Rolando Murgas Torraza<\/strong>, al justificar la \u00faltima pr\u00f3rroga que otorg\u00f3 el presidente Laurentino Cortizo para que operen hasta enero de 2027.<\/p>\n<p>El reconocido abogado y catedr\u00e1tico reconoci\u00f3 que cada vez que pasa el tiempo est\u00e1n surgiendo\u00a0<strong>nuevas aristas\u00a0<\/strong>que obligan a hacer necesario tener m\u00e1s tiempo.<\/p>\n<p>Aclar\u00f3 que la\u00a0<strong>pr\u00f3rroga se solicit\u00f3 desde hace varios meses\u00a0<\/strong>y no es una decisi\u00f3n de \u00faltima hora del gobierno saliente, que se la otorg\u00f3 el pasado lunes mediante un decreto.<\/p>\n<p>La Comisi\u00f3n 20 de diciembre se ha concentrado en darle identidad a los restos \u00f3seos exhumados del\u00a0<strong>Jard\u00edn de Paz y Monte Esperanza\u00a0<\/strong>y para dicha finalidad se enviaron 28 muestras a Guatemala, mientras que otras 10 est\u00e1n siendo tratadas en el pa\u00eds.<\/p>\n<div class=\"teads-adCall\"><\/div>\n<p>Esperamos tener <strong>de aqu\u00ed a fin de a\u00f1o\u00a0<\/strong>los resultados de las pruebas de ADN\u00bb, estima Murgas Torraza.<\/p>\n<p>Por otra parte, est\u00e1n requiriendo<strong>\u00a0ampliar el banco de datos<\/strong>\u00a0de las muestras de ADN tomadas a los familiares de las v\u00edctimas.<\/p>\n<p>Y es que mientras m\u00e1s<strong>\u00a0familiares se tomen muestras de ADN<\/strong>, las comparaciones pueden ser m\u00e1s efectivas.&#8217;<\/p>\n<p>\u00abLos integrantes de la Comisi\u00f3n 20 de diciembre son Ad honoren y no cobran ni vi\u00e1ticos.<\/p>\n<p>La Comisi\u00f3n 20 de diciembre fue creada en enero de 2016 en el gobierno de Juan Carlos Varela.<\/p>\n<p>Se desconoce cuantos paname\u00f1os murieron como consecuencia de la invasi\u00f3n del 20 de diciembre y esta pregunta tampoco ha podido ser resuelta por la comisi\u00f3n.<\/p>\n<p>Desde 2023, el 20 de diciembre es D\u00eda de Duelo Nacional y de descanso obligatorio, con el respectivo recargo que se les debe reconocer a quienes laboren en esa fecha.<\/p>\n<p>\u00abYa\u00a0<strong>estamos recibiendo m\u00e1s familiares\u00a0<\/strong>que llegan a que se les tomen ADN\u00bb, inform\u00f3 Murgas Torraza.<\/p>\n<p>Por otra parte, se trabaja en la\u00a0<strong>memoria hist\u00f3rica de los hechos registrados en torno a la invasi\u00f3n\u00a0<\/strong>y para tal finalidad, recientemente, los integrantes de la comisi\u00f3n firmaron un acuerdo con los Archivos Nacionales.<\/p>\n<p>El prop\u00f3sito es que la instituci\u00f3n resguarde la\u00a0<strong>parte documental,<\/strong> para que si la comisi\u00f3n desaparece se le entregue toda la documentaci\u00f3n recopilada en ocho a\u00f1os de trabajo.<\/p>\n<p>Seg\u00fan el presidente de la Comisi\u00f3n 20 de diciembre, m\u00e1s adelante ser\u00e1\u00a0<strong>necesaria una ley que regule la custodia<\/strong>\u00a0de todas las pruebas documentales que se obtengan sobre la invasi\u00f3n estadounidense.<\/p>\n<p>Otra arista que se est\u00e1 investigando son las\u00a0<strong>afectaciones econ\u00f3micas\u00a0<\/strong>que sufrieron paname\u00f1os como consecuencia de la agresi\u00f3n armada.<\/p>\n<p>Murgas Torraza explic\u00f3 que el saqueo que se dio durante la invasi\u00f3n afect\u00f3 a muchos empresarios y los\u00a0<strong>Estados Unidos son responsables.<\/strong><\/p>\n<p>Y es que los norteamericanos no cumplieron con las normas internacionales de que el pa\u00eds que ocupa militarmente otro est\u00e1 obligado a garantizar la vida y la<strong>\u00a0seguridad de las personas y los bienes.<\/strong><\/p>\n<h4><b>Fondos<\/b><\/h4>\n<p>A la comisi\u00f3n se le venc\u00eda el periodo en enero de 2025, sin embargo, la nueva pr\u00f3rroga se da con antelaci\u00f3n para que en el presupuesto del\u00a0<strong>Ministerio de Relaciones Exteriores<\/strong>\u00a0del pr\u00f3ximo a\u00f1o, puedan incluirse los recursos que necesita.<\/p>\n<p>\u00abEn el periodo que se supone deber\u00edamos estar activos, en cada ocasi\u00f3n, resulta que por esa temporalidad ya el presupuesto estaba aprobado y<strong>\u00a0ten\u00edamos que estar gestionando cr\u00e9ditos extraordinarios<\/strong>\u00ab, explic\u00f3 Murgas Torraza.<\/p>\n<p>Fuente: <a href=\"https:\/\/www.panamaamerica.com.pa\/judicial\/nuevas-aristas-obligan-darle-mas-tiempo-comision-20-de-diciembre-1237388\" target=\"_blank\" rel=\"noopener\">Panam\u00e1 Am\u00e9rica<\/a><\/p>\n","protected":false},"excerpt":{"rendered":"<p>A la tarea de darle identidad a v\u00edctimas de la invasi\u00f3n, se suma establecer la memoria hist\u00f3rica de este hecho e investigar los perjuicios econ\u00f3micos. \u00abTodav\u00eda tenemos que seguir en esta tarea\u00bb, fueron las palabras del presidente de la\u00a0Comisi\u00f3n 20 de diciembre, Rolando Murgas Torraza, al justificar la \u00faltima pr\u00f3rroga que otorg\u00f3 el presidente Laurentino Cortizo para que operen hasta enero de 2027. El reconocido abogado y catedr\u00e1tico reconoci\u00f3 que cada vez que pasa el tiempo est\u00e1n surgiendo\u00a0nuevas aristas\u00a0que obligan a hacer necesario tener m\u00e1s tiempo. Aclar\u00f3 que la\u00a0pr\u00f3rroga se solicit\u00f3 desde hace varios meses\u00a0y no es una decisi\u00f3n de \u00faltima hora del gobierno saliente, que se la otorg\u00f3 el pasado lunes mediante un decreto. La Comisi\u00f3n 20 de diciembre se ha concentrado en darle identidad a los restos \u00f3seos exhumados del\u00a0Jard\u00edn de Paz y Monte Esperanza\u00a0y para dicha finalidad se enviaron 28 muestras a Guatemala, mientras que otras 10 est\u00e1n siendo tratadas en el pa\u00eds. Esperamos tener de aqu\u00ed a fin de a\u00f1o\u00a0los resultados de las pruebas de ADN\u00bb, estima Murgas Torraza. Por otra parte, est\u00e1n requiriendo\u00a0ampliar el banco de datos\u00a0de las muestras de ADN tomadas a los familiares de las v\u00edctimas. Y es que mientras m\u00e1s\u00a0familiares se tomen muestras de ADN, las comparaciones pueden ser m\u00e1s efectivas.&#8217; \u00abLos integrantes de la Comisi\u00f3n 20 de diciembre son Ad honoren y no cobran ni vi\u00e1ticos. La Comisi\u00f3n 20 de diciembre fue creada en enero de 2016 en el gobierno de Juan Carlos Varela. Se desconoce cuantos paname\u00f1os murieron como consecuencia [&hellip;]<\/p>\n","protected":false},"author":7,"featured_media":3681,"comment_status":"closed","ping_status":"closed","sticky":false,"template":"","format":"standard","meta":{"footnotes":""},"categories":[122,119],"tags":[],"class_list":["post-3680","post","type-post","status-publish","format-standard","has-post-thumbnail","hentry","category-06-2024","category-119"],"yoast_head":"<!-- This site is optimized with the Yoast SEO plugin v27.5 - https:\/\/yoast.com\/product\/yoast-seo-wordpress\/ -->\n<title>Nuevas aristas obligan a darle m\u00e1s tiempo a Comisi\u00f3n 20 de dic<\/title>\n<meta name=\"description\" content=\"A la tarea de darle identidad a v\u00edctimas de la invasi\u00f3n, se suma establecer la memoria hist\u00f3rica de este hecho e investigar los perjuicios\" \/>\n<meta name=\"robots\" content=\"index, follow, max-snippet:-1, max-image-preview:large, max-video-preview:-1\" \/>\n<link rel=\"canonical\" href=\"https:\/\/comision20dediciembrede1989.org.pa\/index.php\/2024\/06\/28\/nuevas-aristas-obligan-a-darle-mas-tiempo-a-comision-20-de-diciembre\/\" \/>\n<meta property=\"og:locale\" content=\"es_ES\" \/>\n<meta property=\"og:type\" content=\"article\" \/>\n<meta property=\"og:title\" content=\"Nuevas aristas obligan a darle m\u00e1s tiempo a Comisi\u00f3n 20 de dic\" \/>\n<meta property=\"og:description\" content=\"A la tarea de darle identidad a v\u00edctimas de la invasi\u00f3n, se suma establecer la memoria hist\u00f3rica de este hecho e investigar los perjuicios\" \/>\n<meta property=\"og:url\" content=\"https:\/\/comision20dediciembrede1989.org.pa\/index.php\/2024\/06\/28\/nuevas-aristas-obligan-a-darle-mas-tiempo-a-comision-20-de-diciembre\/\" \/>\n<meta property=\"og:site_name\" content=\"Comision 20 de diciembre\" \/>\n<meta property=\"article:published_time\" content=\"2024-06-28T22:49:11+00:00\" \/>\n<meta property=\"article:modified_time\" content=\"2024-09-08T22:54:44+00:00\" \/>\n<meta property=\"og:image\" content=\"https:\/\/comision20dediciembrede1989.org.pa\/wp-content\/uploads\/2024\/09\/mastiempo.jpg\" \/>\n\t<meta property=\"og:image:width\" content=\"910\" \/>\n\t<meta property=\"og:image:height\" content=\"481\" \/>\n\t<meta property=\"og:image:type\" content=\"image\/jpeg\" \/>\n<meta name=\"author\" content=\"MFadmin\" \/>\n<meta name=\"twitter:card\" content=\"summary_large_image\" \/>\n<meta name=\"twitter:label1\" content=\"Escrito por\" \/>\n\t<meta name=\"twitter:data1\" content=\"MFadmin\" \/>\n\t<meta name=\"twitter:label2\" content=\"Tiempo de lectura\" \/>\n\t<meta name=\"twitter:data2\" content=\"3 minutos\" \/>\n<script type=\"application\/ld+json\" class=\"yoast-schema-graph\">{\"@context\":\"https:\\\/\\\/schema.org\",\"@graph\":[{\"@type\":\"Article\",\"@id\":\"https:\\\/\\\/comision20dediciembrede1989.org.pa\\\/index.php\\\/2024\\\/06\\\/28\\\/nuevas-aristas-obligan-a-darle-mas-tiempo-a-comision-20-de-diciembre\\\/#article\",\"isPartOf\":{\"@id\":\"https:\\\/\\\/comision20dediciembrede1989.org.pa\\\/index.php\\\/2024\\\/06\\\/28\\\/nuevas-aristas-obligan-a-darle-mas-tiempo-a-comision-20-de-diciembre\\\/\"},\"author\":{\"name\":\"MFadmin\",\"@id\":\"https:\\\/\\\/comision20dediciembrede1989.org.pa\\\/#\\\/schema\\\/person\\\/0fea7be82c37e17f1362e93ba4ef2c6c\"},\"headline\":\"Nuevas aristas obligan a darle m\u00e1s tiempo a Comisi\u00f3n 20 de diciembre\",\"datePublished\":\"2024-06-28T22:49:11+00:00\",\"dateModified\":\"2024-09-08T22:54:44+00:00\",\"mainEntityOfPage\":{\"@id\":\"https:\\\/\\\/comision20dediciembrede1989.org.pa\\\/index.php\\\/2024\\\/06\\\/28\\\/nuevas-aristas-obligan-a-darle-mas-tiempo-a-comision-20-de-diciembre\\\/\"},\"wordCount\":627,\"image\":{\"@id\":\"https:\\\/\\\/comision20dediciembrede1989.org.pa\\\/index.php\\\/2024\\\/06\\\/28\\\/nuevas-aristas-obligan-a-darle-mas-tiempo-a-comision-20-de-diciembre\\\/#primaryimage\"},\"thumbnailUrl\":\"https:\\\/\\\/comision20dediciembrede1989.org.pa\\\/wp-content\\\/uploads\\\/2024\\\/09\\\/mastiempo.jpg\",\"articleSection\":[\"06-2024\",\"2024\"],\"inLanguage\":\"es\"},{\"@type\":\"WebPage\",\"@id\":\"https:\\\/\\\/comision20dediciembrede1989.org.pa\\\/index.php\\\/2024\\\/06\\\/28\\\/nuevas-aristas-obligan-a-darle-mas-tiempo-a-comision-20-de-diciembre\\\/\",\"url\":\"https:\\\/\\\/comision20dediciembrede1989.org.pa\\\/index.php\\\/2024\\\/06\\\/28\\\/nuevas-aristas-obligan-a-darle-mas-tiempo-a-comision-20-de-diciembre\\\/\",\"name\":\"Nuevas aristas obligan a darle m\u00e1s tiempo a Comisi\u00f3n 20 de dic\",\"isPartOf\":{\"@id\":\"https:\\\/\\\/comision20dediciembrede1989.org.pa\\\/#website\"},\"primaryImageOfPage\":{\"@id\":\"https:\\\/\\\/comision20dediciembrede1989.org.pa\\\/index.php\\\/2024\\\/06\\\/28\\\/nuevas-aristas-obligan-a-darle-mas-tiempo-a-comision-20-de-diciembre\\\/#primaryimage\"},\"image\":{\"@id\":\"https:\\\/\\\/comision20dediciembrede1989.org.pa\\\/index.php\\\/2024\\\/06\\\/28\\\/nuevas-aristas-obligan-a-darle-mas-tiempo-a-comision-20-de-diciembre\\\/#primaryimage\"},\"thumbnailUrl\":\"https:\\\/\\\/comision20dediciembrede1989.org.pa\\\/wp-content\\\/uploads\\\/2024\\\/09\\\/mastiempo.jpg\",\"datePublished\":\"2024-06-28T22:49:11+00:00\",\"dateModified\":\"2024-09-08T22:54:44+00:00\",\"author\":{\"@id\":\"https:\\\/\\\/comision20dediciembrede1989.org.pa\\\/#\\\/schema\\\/person\\\/0fea7be82c37e17f1362e93ba4ef2c6c\"},\"description\":\"A la tarea de darle identidad a v\u00edctimas de la invasi\u00f3n, se suma establecer la memoria hist\u00f3rica de este hecho e investigar los perjuicios\",\"breadcrumb\":{\"@id\":\"https:\\\/\\\/comision20dediciembrede1989.org.pa\\\/index.php\\\/2024\\\/06\\\/28\\\/nuevas-aristas-obligan-a-darle-mas-tiempo-a-comision-20-de-diciembre\\\/#breadcrumb\"},\"inLanguage\":\"es\",\"potentialAction\":[{\"@type\":\"ReadAction\",\"target\":[\"https:\\\/\\\/comision20dediciembrede1989.org.pa\\\/index.php\\\/2024\\\/06\\\/28\\\/nuevas-aristas-obligan-a-darle-mas-tiempo-a-comision-20-de-diciembre\\\/\"]}]},{\"@type\":\"ImageObject\",\"inLanguage\":\"es\",\"@id\":\"https:\\\/\\\/comision20dediciembrede1989.org.pa\\\/index.php\\\/2024\\\/06\\\/28\\\/nuevas-aristas-obligan-a-darle-mas-tiempo-a-comision-20-de-diciembre\\\/#primaryimage\",\"url\":\"https:\\\/\\\/comision20dediciembrede1989.org.pa\\\/wp-content\\\/uploads\\\/2024\\\/09\\\/mastiempo.jpg\",\"contentUrl\":\"https:\\\/\\\/comision20dediciembrede1989.org.pa\\\/wp-content\\\/uploads\\\/2024\\\/09\\\/mastiempo.jpg\",\"width\":910,\"height\":481,\"caption\":\"mas tiempo\"},{\"@type\":\"BreadcrumbList\",\"@id\":\"https:\\\/\\\/comision20dediciembrede1989.org.pa\\\/index.php\\\/2024\\\/06\\\/28\\\/nuevas-aristas-obligan-a-darle-mas-tiempo-a-comision-20-de-diciembre\\\/#breadcrumb\",\"itemListElement\":[{\"@type\":\"ListItem\",\"position\":1,\"name\":\"Portada\",\"item\":\"https:\\\/\\\/comision20dediciembrede1989.org.pa\\\/\"},{\"@type\":\"ListItem\",\"position\":2,\"name\":\"Nuevas aristas obligan a darle m\u00e1s tiempo a Comisi\u00f3n 20 de diciembre\"}]},{\"@type\":\"WebSite\",\"@id\":\"https:\\\/\\\/comision20dediciembrede1989.org.pa\\\/#website\",\"url\":\"https:\\\/\\\/comision20dediciembrede1989.org.pa\\\/\",\"name\":\"Comision 20 de diciembre\",\"description\":\"Por la Verdad, la Memoria y la Justicia\",\"potentialAction\":[{\"@type\":\"SearchAction\",\"target\":{\"@type\":\"EntryPoint\",\"urlTemplate\":\"https:\\\/\\\/comision20dediciembrede1989.org.pa\\\/?s={search_term_string}\"},\"query-input\":{\"@type\":\"PropertyValueSpecification\",\"valueRequired\":true,\"valueName\":\"search_term_string\"}}],\"inLanguage\":\"es\"},{\"@type\":\"Person\",\"@id\":\"https:\\\/\\\/comision20dediciembrede1989.org.pa\\\/#\\\/schema\\\/person\\\/0fea7be82c37e17f1362e93ba4ef2c6c\",\"name\":\"MFadmin\",\"url\":\"https:\\\/\\\/comision20dediciembrede1989.org.pa\\\/index.php\\\/author\\\/mfadmin\\\/\"}]}<\/script>\n<!-- \/ Yoast SEO plugin. -->","yoast_head_json":{"title":"Nuevas aristas obligan a darle m\u00e1s tiempo a Comisi\u00f3n 20 de dic","description":"A la tarea de darle identidad a v\u00edctimas de la invasi\u00f3n, se suma establecer la memoria hist\u00f3rica de este hecho e investigar los perjuicios","robots":{"index":"index","follow":"follow","max-snippet":"max-snippet:-1","max-image-preview":"max-image-preview:large","max-video-preview":"max-video-preview:-1"},"canonical":"https:\/\/comision20dediciembrede1989.org.pa\/index.php\/2024\/06\/28\/nuevas-aristas-obligan-a-darle-mas-tiempo-a-comision-20-de-diciembre\/","og_locale":"es_ES","og_type":"article","og_title":"Nuevas aristas obligan a darle m\u00e1s tiempo a Comisi\u00f3n 20 de dic","og_description":"A la tarea de darle identidad a v\u00edctimas de la invasi\u00f3n, se suma establecer la memoria hist\u00f3rica de este hecho e investigar los perjuicios","og_url":"https:\/\/comision20dediciembrede1989.org.pa\/index.php\/2024\/06\/28\/nuevas-aristas-obligan-a-darle-mas-tiempo-a-comision-20-de-diciembre\/","og_site_name":"Comision 20 de diciembre","article_published_time":"2024-06-28T22:49:11+00:00","article_modified_time":"2024-09-08T22:54:44+00:00","og_image":[{"width":910,"height":481,"url":"https:\/\/comision20dediciembrede1989.org.pa\/wp-content\/uploads\/2024\/09\/mastiempo.jpg","type":"image\/jpeg"}],"author":"MFadmin","twitter_card":"summary_large_image","twitter_misc":{"Escrito por":"MFadmin","Tiempo de lectura":"3 minutos"},"schema":{"@context":"https:\/\/schema.org","@graph":[{"@type":"Article","@id":"https:\/\/comision20dediciembrede1989.org.pa\/index.php\/2024\/06\/28\/nuevas-aristas-obligan-a-darle-mas-tiempo-a-comision-20-de-diciembre\/#article","isPartOf":{"@id":"https:\/\/comision20dediciembrede1989.org.pa\/index.php\/2024\/06\/28\/nuevas-aristas-obligan-a-darle-mas-tiempo-a-comision-20-de-diciembre\/"},"author":{"name":"MFadmin","@id":"https:\/\/comision20dediciembrede1989.org.pa\/#\/schema\/person\/0fea7be82c37e17f1362e93ba4ef2c6c"},"headline":"Nuevas aristas obligan a darle m\u00e1s tiempo a Comisi\u00f3n 20 de diciembre","datePublished":"2024-06-28T22:49:11+00:00","dateModified":"2024-09-08T22:54:44+00:00","mainEntityOfPage":{"@id":"https:\/\/comision20dediciembrede1989.org.pa\/index.php\/2024\/06\/28\/nuevas-aristas-obligan-a-darle-mas-tiempo-a-comision-20-de-diciembre\/"},"wordCount":627,"image":{"@id":"https:\/\/comision20dediciembrede1989.org.pa\/index.php\/2024\/06\/28\/nuevas-aristas-obligan-a-darle-mas-tiempo-a-comision-20-de-diciembre\/#primaryimage"},"thumbnailUrl":"https:\/\/comision20dediciembrede1989.org.pa\/wp-content\/uploads\/2024\/09\/mastiempo.jpg","articleSection":["06-2024","2024"],"inLanguage":"es"},{"@type":"WebPage","@id":"https:\/\/comision20dediciembrede1989.org.pa\/index.php\/2024\/06\/28\/nuevas-aristas-obligan-a-darle-mas-tiempo-a-comision-20-de-diciembre\/","url":"https:\/\/comision20dediciembrede1989.org.pa\/index.php\/2024\/06\/28\/nuevas-aristas-obligan-a-darle-mas-tiempo-a-comision-20-de-diciembre\/","name":"Nuevas aristas obligan a darle m\u00e1s tiempo a Comisi\u00f3n 20 de dic","isPartOf":{"@id":"https:\/\/comision20dediciembrede1989.org.pa\/#website"},"primaryImageOfPage":{"@id":"https:\/\/comision20dediciembrede1989.org.pa\/index.php\/2024\/06\/28\/nuevas-aristas-obligan-a-darle-mas-tiempo-a-comision-20-de-diciembre\/#primaryimage"},"image":{"@id":"https:\/\/comision20dediciembrede1989.org.pa\/index.php\/2024\/06\/28\/nuevas-aristas-obligan-a-darle-mas-tiempo-a-comision-20-de-diciembre\/#primaryimage"},"thumbnailUrl":"https:\/\/comision20dediciembrede1989.org.pa\/wp-content\/uploads\/2024\/09\/mastiempo.jpg","datePublished":"2024-06-28T22:49:11+00:00","dateModified":"2024-09-08T22:54:44+00:00","author":{"@id":"https:\/\/comision20dediciembrede1989.org.pa\/#\/schema\/person\/0fea7be82c37e17f1362e93ba4ef2c6c"},"description":"A la tarea de darle identidad a v\u00edctimas de la invasi\u00f3n, se suma establecer la memoria hist\u00f3rica de este hecho e investigar los perjuicios","breadcrumb":{"@id":"https:\/\/comision20dediciembrede1989.org.pa\/index.php\/2024\/06\/28\/nuevas-aristas-obligan-a-darle-mas-tiempo-a-comision-20-de-diciembre\/#breadcrumb"},"inLanguage":"es","potentialAction":[{"@type":"ReadAction","target":["https:\/\/comision20dediciembrede1989.org.pa\/index.php\/2024\/06\/28\/nuevas-aristas-obligan-a-darle-mas-tiempo-a-comision-20-de-diciembre\/"]}]},{"@type":"ImageObject","inLanguage":"es","@id":"https:\/\/comision20dediciembrede1989.org.pa\/index.php\/2024\/06\/28\/nuevas-aristas-obligan-a-darle-mas-tiempo-a-comision-20-de-diciembre\/#primaryimage","url":"https:\/\/comision20dediciembrede1989.org.pa\/wp-content\/uploads\/2024\/09\/mastiempo.jpg","contentUrl":"https:\/\/comision20dediciembrede1989.org.pa\/wp-content\/uploads\/2024\/09\/mastiempo.jpg","width":910,"height":481,"caption":"mas tiempo"},{"@type":"BreadcrumbList","@id":"https:\/\/comision20dediciembrede1989.org.pa\/index.php\/2024\/06\/28\/nuevas-aristas-obligan-a-darle-mas-tiempo-a-comision-20-de-diciembre\/#breadcrumb","itemListElement":[{"@type":"ListItem","position":1,"name":"Portada","item":"https:\/\/comision20dediciembrede1989.org.pa\/"},{"@type":"ListItem","position":2,"name":"Nuevas aristas obligan a darle m\u00e1s tiempo a Comisi\u00f3n 20 de diciembre"}]},{"@type":"WebSite","@id":"https:\/\/comision20dediciembrede1989.org.pa\/#website","url":"https:\/\/comision20dediciembrede1989.org.pa\/","name":"Comision 20 de diciembre","description":"Por la Verdad, la Memoria y la Justicia","potentialAction":[{"@type":"SearchAction","target":{"@type":"EntryPoint","urlTemplate":"https:\/\/comision20dediciembrede1989.org.pa\/?s={search_term_string}"},"query-input":{"@type":"PropertyValueSpecification","valueRequired":true,"valueName":"search_term_string"}}],"inLanguage":"es"},{"@type":"Person","@id":"https:\/\/comision20dediciembrede1989.org.pa\/#\/schema\/person\/0fea7be82c37e17f1362e93ba4ef2c6c","name":"MFadmin","url":"https:\/\/comision20dediciembrede1989.org.pa\/index.php\/author\/mfadmin\/"}]}},"_links":{"self":[{"href":"https:\/\/comision20dediciembrede1989.org.pa\/index.php\/wp-json\/wp\/v2\/posts\/3680","targetHints":{"allow":["GET"]}}],"collection":[{"href":"https:\/\/comision20dediciembrede1989.org.pa\/index.php\/wp-json\/wp\/v2\/posts"}],"about":[{"href":"https:\/\/comision20dediciembrede1989.org.pa\/index.php\/wp-json\/wp\/v2\/types\/post"}],"author":[{"embeddable":true,"href":"https:\/\/comision20dediciembrede1989.org.pa\/index.php\/wp-json\/wp\/v2\/users\/7"}],"replies":[{"embeddable":true,"href":"https:\/\/comision20dediciembrede1989.org.pa\/index.php\/wp-json\/wp\/v2\/comments?post=3680"}],"version-history":[{"count":1,"href":"https:\/\/comision20dediciembrede1989.org.pa\/index.php\/wp-json\/wp\/v2\/posts\/3680\/revisions"}],"predecessor-version":[{"id":3682,"href":"https:\/\/comision20dediciembrede1989.org.pa\/index.php\/wp-json\/wp\/v2\/posts\/3680\/revisions\/3682"}],"wp:featuredmedia":[{"embeddable":true,"href":"https:\/\/comision20dediciembrede1989.org.pa\/index.php\/wp-json\/wp\/v2\/media\/3681"}],"wp:attachment":[{"href":"https:\/\/comision20dediciembrede1989.org.pa\/index.php\/wp-json\/wp\/v2\/media?parent=3680"}],"wp:term":[{"taxonomy":"category","embeddable":true,"href":"https:\/\/comision20dediciembrede1989.org.pa\/index.php\/wp-json\/wp\/v2\/categories?post=3680"},{"taxonomy":"post_tag","embeddable":true,"href":"https:\/\/comision20dediciembrede1989.org.pa\/index.php\/wp-json\/wp\/v2\/tags?post=3680"}],"curies":[{"name":"wp","href":"https:\/\/api.w.org\/{rel}","templated":true}]}}