{"id":3485,"date":"2023-12-20T21:42:07","date_gmt":"2023-12-20T21:42:07","guid":{"rendered":"https:\/\/comision20dediciembrede1989.org.pa\/?p=3485"},"modified":"2024-03-16T17:19:55","modified_gmt":"2024-03-16T17:19:55","slug":"especial-llaman-a-justicia-y-superacion-de-trauma-34-anos-despues-de-invasion-de-ee-uu-a-panama","status":"publish","type":"post","link":"https:\/\/comision20dediciembrede1989.org.pa\/index.php\/2023\/12\/20\/especial-llaman-a-justicia-y-superacion-de-trauma-34-anos-despues-de-invasion-de-ee-uu-a-panama\/","title":{"rendered":"ESPECIAL: Llaman a justicia y superaci\u00f3n de trauma 34 a\u00f1os despu\u00e9s de invasi\u00f3n de EE. UU. a Panam\u00e1"},"content":{"rendered":"<div id=\"detail\" class=\"content\">\n<div id=\"detailContent\">\n<p>PANAM\u00c1, 20 dic (Xinhua) &#8212; Al cumplirse hoy 34 a\u00f1os de la invasi\u00f3n estadounidense a Panam\u00e1, representantes de organizaciones civiles y gubernamentales de este pa\u00eds de Am\u00e9rica Central trasladaron mensajes demandando justicia, a favor de superar el trauma y para que este luctuoso hecho no vuelva a tener lugar.<\/p>\n<p>Las voces tuvieron como escenario principal el Cementerio Jard\u00edn de Paz, en Ciudad de Panam\u00e1, donde reposan los restos de los fallecidos en este suceso y se rinde homenaje p\u00f3stumo a las v\u00edctimas. Adem\u00e1s, frente a la Embajada de Estados Unidos en Panam\u00e1, tambi\u00e9n tuvieron lugar varias manifestaciones.<\/p>\n<p>Banderas a media asta, los disparos de salva y una ofrenda floral en memoria de los ca\u00eddos se contaron entre los gestos para rendir homenaje a las v\u00edctimas de la incursi\u00f3n.<\/p>\n<p>La Comisi\u00f3n del 20 de diciembre de 1989 se cre\u00f3 en julio de 2016, durante el mandato del entonces presidente paname\u00f1o Juan Carlos Varela (2014-2019), con el objetivo de investigar en qu\u00e9 consistieron las violaciones a los derechos humanos y al derecho penal humanitario, adem\u00e1s de establecer la identidad de los muertos.<\/p>\n<p>\u00abConfiamos en que ha de llegar el d\u00eda en que esa naci\u00f3n (EE. UU.), inspir\u00e1ndose en sus dolores, haga lo mismo con Panam\u00e1\u00bb, declar\u00f3 durante el acto el presidente de la mencionada comisi\u00f3n, Rolando Murgas, en alusi\u00f3n a la posibilidad de que Washington pida perd\u00f3n por los errores y excesos hist\u00f3ricos, reconsiderando la invasi\u00f3n del 20 de diciembre de 1989.<\/p>\n<p>Murgas se\u00f1al\u00f3 que, para llegar a los Tratados Torrijos-Carter de 1977, en cumplimiento de los cuales culmin\u00f3, a finales de 1999, la presencia militar que EE. UU. mantuvo por d\u00e9cadas en las riberas del Canal de Panam\u00e1, pasando su administraci\u00f3n de manos estadounidenses a paname\u00f1as, \u00abel pueblo paname\u00f1o sufri\u00f3 situaciones de ignominia y mantuvo una permanente y valerosa lucha generacional\u00bb.<\/p>\n<p>Remarc\u00f3 que est\u00e1 pendiente el reconocimiento de la injusticia de la intervenci\u00f3n militar y el deber moral y jur\u00eddico de entregar las compensaciones econ\u00f3micas correspondientes.<\/p>\n<p>Murgas consider\u00f3 adem\u00e1s que, con la declaraci\u00f3n del 20 de diciembre como D\u00eda de Duelo Nacional, se cumpli\u00f3 un objetivo de gran significaci\u00f3n, en concordancia con una ley de marzo de 2022.<\/p>\n<p>\u00abAsimismo, se ha alcanzado un notable avance cualitativo en el correcto entendimiento de la verdad hist\u00f3rica y, poco a poco, se est\u00e1 dando identidad a nuestros muertos (por la invasi\u00f3n)\u00bb, afirm\u00f3.<\/p>\n<p>Murgas apunt\u00f3 que los retos de lo que falta por hacer y la preservaci\u00f3n presente y futura de la memoria hist\u00f3rica hacen necesario dar permanencia por ley a la Comisi\u00f3n, m\u00e1s all\u00e1 de sus actuales integrantes, garantizando un presupuesto adecuado.<\/p>\n<p>La canciller paname\u00f1a, Janaina Tewaney, reiter\u00f3 por su parte la propuesta que hizo hace dos a\u00f1os, cuando fung\u00eda como ministra de Gobierno, \u00abpara considerar esta fecha como uno de los eventos cardinales en que pivota nuestra historia, junto a la separaci\u00f3n de Colombia, la firma de los Tratados del Canal (1977) y el 31 de diciembre de 1999\u00bb.<\/p>\n<p>Expuso que la idea considera \u00abque hac\u00eda falta algo en la f\u00e1bula nacional y que se hace notar en muchos de los males que aquejan hoy al tejido social e institucional y a la autoestima que como pa\u00eds, en los momentos clave, a veces sentimos afectada\u00bb.<\/p>\n<p>La jefa la de la diplomacia paname\u00f1a subray\u00f3 que lo que hac\u00eda falta era la superaci\u00f3n colectiva del trauma, de lo ocurrido aquella noche del 20 de diciembre de 1989 y los d\u00edas que siguieron.<\/p>\n<p>\u00abLa invasi\u00f3n es un evento al que a\u00fan nos cuesta mirar fijamente a los ojos, porque aquella noche las bombas desnudaron nuestra patria y lo que vimos al ser desnudados ha dejado marcas que a\u00fan nos cuesta penetrar\u00bb, remarc\u00f3 la funcionaria.<\/p>\n<p>Reconoci\u00f3, adem\u00e1s, que la invasi\u00f3n fue un evento desnacionalizador, con una sociedad que emergi\u00f3 a partir de enero de 1990 impactada por ese trauma, pero tambi\u00e9n disminuida en su actuar.<\/p>\n<p>La ministra de Exteriores afirm\u00f3 que el Panam\u00e1 posterior a la invasi\u00f3n est\u00e1 agotado. Y se\u00f1al\u00f3 que se avecina un cambio generacional con el que ese Panam\u00e1 disminuido est\u00e1 quedando en el pasado.<\/p>\n<p>Frente a la Embajada de EE. UU., el secretario general del Sindicato \u00danico de Trabajadores de la Construcci\u00f3n y Similares (Suntracs), Sa\u00fal M\u00e9ndez, declar\u00f3 que 34 a\u00f1os despu\u00e9s de una invasi\u00f3n injustificable, hace falta construir una democracia verdadera, la real y participativa, con una mejor equidad.<\/p>\n<p>A su vez, Leonardo Batista, del Bloque de Unidad Magisterial de Panam\u00e1, explic\u00f3 que varias organizaciones populares fueron este mi\u00e9rcoles a la sede de la legaci\u00f3n diplom\u00e1tica de EE. UU. para decir que no quieren m\u00e1s intervenciones en ning\u00fan pa\u00eds del mundo y que todos ellos tienen derecho a su autodeterminaci\u00f3n, soberan\u00eda y libertad.<\/p>\n<\/div>\n<\/div>\n<div class=\"more-con domPC\">\n<div class=\"bshare-custom icon-medium\">\n<div class=\"bsPromo bsPromo2\">Fuente: <a href=\"https:\/\/spanish.xinhuanet.com\/20231221\/909649dca93640e697d9a5dc009869a0\/c.html\">Xinhua Espanol<\/a><\/div>\n<\/div>\n<div class=\"jiuwrong domPC\">\n<div class=\"jc-img\"><\/div>\n<\/div>\n<\/div>\n<div class=\"domPC\"><\/div>\n","protected":false},"excerpt":{"rendered":"<p>PANAM\u00c1, 20 dic (Xinhua) &#8212; Al cumplirse hoy 34 a\u00f1os de la invasi\u00f3n estadounidense a Panam\u00e1, representantes de organizaciones civiles y gubernamentales de este pa\u00eds de Am\u00e9rica Central trasladaron mensajes demandando justicia, a favor de superar el trauma y para que este luctuoso hecho no vuelva a tener lugar. Las voces tuvieron como escenario principal el Cementerio Jard\u00edn de Paz, en Ciudad de Panam\u00e1, donde reposan los restos de los fallecidos en este suceso y se rinde homenaje p\u00f3stumo a las v\u00edctimas. Adem\u00e1s, frente a la Embajada de Estados Unidos en Panam\u00e1, tambi\u00e9n tuvieron lugar varias manifestaciones. Banderas a media asta, los disparos de salva y una ofrenda floral en memoria de los ca\u00eddos se contaron entre los gestos para rendir homenaje a las v\u00edctimas de la incursi\u00f3n. La Comisi\u00f3n del 20 de diciembre de 1989 se cre\u00f3 en julio de 2016, durante el mandato del entonces presidente paname\u00f1o Juan Carlos Varela (2014-2019), con el objetivo de investigar en qu\u00e9 consistieron las violaciones a los derechos humanos y al derecho penal humanitario, adem\u00e1s de establecer la identidad de los muertos. \u00abConfiamos en que ha de llegar el d\u00eda en que esa naci\u00f3n (EE. UU.), inspir\u00e1ndose en sus dolores, haga lo mismo con Panam\u00e1\u00bb, declar\u00f3 durante el acto el presidente de la mencionada comisi\u00f3n, Rolando Murgas, en alusi\u00f3n a la posibilidad de que Washington pida perd\u00f3n por los errores y excesos hist\u00f3ricos, reconsiderando la invasi\u00f3n del 20 de diciembre de 1989. Murgas se\u00f1al\u00f3 que, para llegar a los Tratados Torrijos-Carter de [&hellip;]<\/p>\n","protected":false},"author":6,"featured_media":0,"comment_status":"closed","ping_status":"closed","sticky":false,"template":"","format":"standard","meta":{"footnotes":""},"categories":[103,91],"tags":[],"class_list":["post-3485","post","type-post","status-publish","format-standard","hentry","category-12-2023","category-91"],"yoast_head":"<!-- This site is optimized with the Yoast SEO plugin v27.4 - https:\/\/yoast.com\/product\/yoast-seo-wordpress\/ -->\n<title>ESPECIAL: Llaman a justicia y superaci\u00f3n de trauma 34 a\u00f1os<\/title>\n<meta name=\"description\" content=\"La jefa la de la diplomacia paname\u00f1a subray\u00f3 que lo que hac\u00eda falta era la superaci\u00f3n colectiva del trauma, de lo ocurrido aquella noche\" \/>\n<meta name=\"robots\" content=\"index, follow, max-snippet:-1, max-image-preview:large, max-video-preview:-1\" \/>\n<link rel=\"canonical\" href=\"https:\/\/comision20dediciembrede1989.org.pa\/index.php\/2023\/12\/20\/especial-llaman-a-justicia-y-superacion-de-trauma-34-anos-despues-de-invasion-de-ee-uu-a-panama\/\" \/>\n<meta property=\"og:locale\" content=\"es_ES\" \/>\n<meta property=\"og:type\" content=\"article\" \/>\n<meta property=\"og:title\" content=\"ESPECIAL: Llaman a justicia y superaci\u00f3n de trauma 34 a\u00f1os\" \/>\n<meta property=\"og:description\" content=\"La jefa la de la diplomacia paname\u00f1a subray\u00f3 que lo que hac\u00eda falta era la superaci\u00f3n colectiva del trauma, de lo ocurrido aquella noche\" \/>\n<meta property=\"og:url\" content=\"https:\/\/comision20dediciembrede1989.org.pa\/index.php\/2023\/12\/20\/especial-llaman-a-justicia-y-superacion-de-trauma-34-anos-despues-de-invasion-de-ee-uu-a-panama\/\" \/>\n<meta property=\"og:site_name\" content=\"Comision 20 de diciembre\" \/>\n<meta property=\"article:published_time\" content=\"2023-12-20T21:42:07+00:00\" \/>\n<meta property=\"article:modified_time\" content=\"2024-03-16T17:19:55+00:00\" \/>\n<meta name=\"author\" content=\"a dg\" \/>\n<meta name=\"twitter:card\" content=\"summary_large_image\" \/>\n<meta name=\"twitter:label1\" content=\"Escrito por\" \/>\n\t<meta name=\"twitter:data1\" content=\"a dg\" \/>\n\t<meta name=\"twitter:label2\" content=\"Tiempo de lectura\" \/>\n\t<meta name=\"twitter:data2\" content=\"4 minutos\" \/>\n<script type=\"application\/ld+json\" class=\"yoast-schema-graph\">{\"@context\":\"https:\\\/\\\/schema.org\",\"@graph\":[{\"@type\":\"Article\",\"@id\":\"https:\\\/\\\/comision20dediciembrede1989.org.pa\\\/index.php\\\/2023\\\/12\\\/20\\\/especial-llaman-a-justicia-y-superacion-de-trauma-34-anos-despues-de-invasion-de-ee-uu-a-panama\\\/#article\",\"isPartOf\":{\"@id\":\"https:\\\/\\\/comision20dediciembrede1989.org.pa\\\/index.php\\\/2023\\\/12\\\/20\\\/especial-llaman-a-justicia-y-superacion-de-trauma-34-anos-despues-de-invasion-de-ee-uu-a-panama\\\/\"},\"author\":{\"name\":\"a dg\",\"@id\":\"https:\\\/\\\/comision20dediciembrede1989.org.pa\\\/#\\\/schema\\\/person\\\/2627c63c9634ca580036064042ce2c25\"},\"headline\":\"ESPECIAL: Llaman a justicia y superaci\u00f3n de trauma 34 a\u00f1os despu\u00e9s de invasi\u00f3n de EE. UU. a Panam\u00e1\",\"datePublished\":\"2023-12-20T21:42:07+00:00\",\"dateModified\":\"2024-03-16T17:19:55+00:00\",\"mainEntityOfPage\":{\"@id\":\"https:\\\/\\\/comision20dediciembrede1989.org.pa\\\/index.php\\\/2023\\\/12\\\/20\\\/especial-llaman-a-justicia-y-superacion-de-trauma-34-anos-despues-de-invasion-de-ee-uu-a-panama\\\/\"},\"wordCount\":851,\"articleSection\":[\"12-2023\",\"2023\"],\"inLanguage\":\"es\"},{\"@type\":\"WebPage\",\"@id\":\"https:\\\/\\\/comision20dediciembrede1989.org.pa\\\/index.php\\\/2023\\\/12\\\/20\\\/especial-llaman-a-justicia-y-superacion-de-trauma-34-anos-despues-de-invasion-de-ee-uu-a-panama\\\/\",\"url\":\"https:\\\/\\\/comision20dediciembrede1989.org.pa\\\/index.php\\\/2023\\\/12\\\/20\\\/especial-llaman-a-justicia-y-superacion-de-trauma-34-anos-despues-de-invasion-de-ee-uu-a-panama\\\/\",\"name\":\"ESPECIAL: Llaman a justicia y superaci\u00f3n de trauma 34 a\u00f1os\",\"isPartOf\":{\"@id\":\"https:\\\/\\\/comision20dediciembrede1989.org.pa\\\/#website\"},\"datePublished\":\"2023-12-20T21:42:07+00:00\",\"dateModified\":\"2024-03-16T17:19:55+00:00\",\"author\":{\"@id\":\"https:\\\/\\\/comision20dediciembrede1989.org.pa\\\/#\\\/schema\\\/person\\\/2627c63c9634ca580036064042ce2c25\"},\"description\":\"La jefa la de la diplomacia paname\u00f1a subray\u00f3 que lo que hac\u00eda falta era la superaci\u00f3n colectiva del trauma, de lo ocurrido aquella noche\",\"breadcrumb\":{\"@id\":\"https:\\\/\\\/comision20dediciembrede1989.org.pa\\\/index.php\\\/2023\\\/12\\\/20\\\/especial-llaman-a-justicia-y-superacion-de-trauma-34-anos-despues-de-invasion-de-ee-uu-a-panama\\\/#breadcrumb\"},\"inLanguage\":\"es\",\"potentialAction\":[{\"@type\":\"ReadAction\",\"target\":[\"https:\\\/\\\/comision20dediciembrede1989.org.pa\\\/index.php\\\/2023\\\/12\\\/20\\\/especial-llaman-a-justicia-y-superacion-de-trauma-34-anos-despues-de-invasion-de-ee-uu-a-panama\\\/\"]}]},{\"@type\":\"BreadcrumbList\",\"@id\":\"https:\\\/\\\/comision20dediciembrede1989.org.pa\\\/index.php\\\/2023\\\/12\\\/20\\\/especial-llaman-a-justicia-y-superacion-de-trauma-34-anos-despues-de-invasion-de-ee-uu-a-panama\\\/#breadcrumb\",\"itemListElement\":[{\"@type\":\"ListItem\",\"position\":1,\"name\":\"Portada\",\"item\":\"https:\\\/\\\/comision20dediciembrede1989.org.pa\\\/\"},{\"@type\":\"ListItem\",\"position\":2,\"name\":\"ESPECIAL: Llaman a justicia y superaci\u00f3n de trauma 34 a\u00f1os despu\u00e9s de invasi\u00f3n de EE. UU. a Panam\u00e1\"}]},{\"@type\":\"WebSite\",\"@id\":\"https:\\\/\\\/comision20dediciembrede1989.org.pa\\\/#website\",\"url\":\"https:\\\/\\\/comision20dediciembrede1989.org.pa\\\/\",\"name\":\"Comision 20 de diciembre\",\"description\":\"Por la Verdad, la Memoria y la Justicia\",\"potentialAction\":[{\"@type\":\"SearchAction\",\"target\":{\"@type\":\"EntryPoint\",\"urlTemplate\":\"https:\\\/\\\/comision20dediciembrede1989.org.pa\\\/?s={search_term_string}\"},\"query-input\":{\"@type\":\"PropertyValueSpecification\",\"valueRequired\":true,\"valueName\":\"search_term_string\"}}],\"inLanguage\":\"es\"},{\"@type\":\"Person\",\"@id\":\"https:\\\/\\\/comision20dediciembrede1989.org.pa\\\/#\\\/schema\\\/person\\\/2627c63c9634ca580036064042ce2c25\",\"name\":\"a dg\",\"url\":\"https:\\\/\\\/comision20dediciembrede1989.org.pa\\\/index.php\\\/author\\\/admina\\\/\"}]}<\/script>\n<!-- \/ Yoast SEO plugin. -->","yoast_head_json":{"title":"ESPECIAL: Llaman a justicia y superaci\u00f3n de trauma 34 a\u00f1os","description":"La jefa la de la diplomacia paname\u00f1a subray\u00f3 que lo que hac\u00eda falta era la superaci\u00f3n colectiva del trauma, de lo ocurrido aquella noche","robots":{"index":"index","follow":"follow","max-snippet":"max-snippet:-1","max-image-preview":"max-image-preview:large","max-video-preview":"max-video-preview:-1"},"canonical":"https:\/\/comision20dediciembrede1989.org.pa\/index.php\/2023\/12\/20\/especial-llaman-a-justicia-y-superacion-de-trauma-34-anos-despues-de-invasion-de-ee-uu-a-panama\/","og_locale":"es_ES","og_type":"article","og_title":"ESPECIAL: Llaman a justicia y superaci\u00f3n de trauma 34 a\u00f1os","og_description":"La jefa la de la diplomacia paname\u00f1a subray\u00f3 que lo que hac\u00eda falta era la superaci\u00f3n colectiva del trauma, de lo ocurrido aquella noche","og_url":"https:\/\/comision20dediciembrede1989.org.pa\/index.php\/2023\/12\/20\/especial-llaman-a-justicia-y-superacion-de-trauma-34-anos-despues-de-invasion-de-ee-uu-a-panama\/","og_site_name":"Comision 20 de diciembre","article_published_time":"2023-12-20T21:42:07+00:00","article_modified_time":"2024-03-16T17:19:55+00:00","author":"a dg","twitter_card":"summary_large_image","twitter_misc":{"Escrito por":"a dg","Tiempo de lectura":"4 minutos"},"schema":{"@context":"https:\/\/schema.org","@graph":[{"@type":"Article","@id":"https:\/\/comision20dediciembrede1989.org.pa\/index.php\/2023\/12\/20\/especial-llaman-a-justicia-y-superacion-de-trauma-34-anos-despues-de-invasion-de-ee-uu-a-panama\/#article","isPartOf":{"@id":"https:\/\/comision20dediciembrede1989.org.pa\/index.php\/2023\/12\/20\/especial-llaman-a-justicia-y-superacion-de-trauma-34-anos-despues-de-invasion-de-ee-uu-a-panama\/"},"author":{"name":"a dg","@id":"https:\/\/comision20dediciembrede1989.org.pa\/#\/schema\/person\/2627c63c9634ca580036064042ce2c25"},"headline":"ESPECIAL: Llaman a justicia y superaci\u00f3n de trauma 34 a\u00f1os despu\u00e9s de invasi\u00f3n de EE. UU. a Panam\u00e1","datePublished":"2023-12-20T21:42:07+00:00","dateModified":"2024-03-16T17:19:55+00:00","mainEntityOfPage":{"@id":"https:\/\/comision20dediciembrede1989.org.pa\/index.php\/2023\/12\/20\/especial-llaman-a-justicia-y-superacion-de-trauma-34-anos-despues-de-invasion-de-ee-uu-a-panama\/"},"wordCount":851,"articleSection":["12-2023","2023"],"inLanguage":"es"},{"@type":"WebPage","@id":"https:\/\/comision20dediciembrede1989.org.pa\/index.php\/2023\/12\/20\/especial-llaman-a-justicia-y-superacion-de-trauma-34-anos-despues-de-invasion-de-ee-uu-a-panama\/","url":"https:\/\/comision20dediciembrede1989.org.pa\/index.php\/2023\/12\/20\/especial-llaman-a-justicia-y-superacion-de-trauma-34-anos-despues-de-invasion-de-ee-uu-a-panama\/","name":"ESPECIAL: Llaman a justicia y superaci\u00f3n de trauma 34 a\u00f1os","isPartOf":{"@id":"https:\/\/comision20dediciembrede1989.org.pa\/#website"},"datePublished":"2023-12-20T21:42:07+00:00","dateModified":"2024-03-16T17:19:55+00:00","author":{"@id":"https:\/\/comision20dediciembrede1989.org.pa\/#\/schema\/person\/2627c63c9634ca580036064042ce2c25"},"description":"La jefa la de la diplomacia paname\u00f1a subray\u00f3 que lo que hac\u00eda falta era la superaci\u00f3n colectiva del trauma, de lo ocurrido aquella noche","breadcrumb":{"@id":"https:\/\/comision20dediciembrede1989.org.pa\/index.php\/2023\/12\/20\/especial-llaman-a-justicia-y-superacion-de-trauma-34-anos-despues-de-invasion-de-ee-uu-a-panama\/#breadcrumb"},"inLanguage":"es","potentialAction":[{"@type":"ReadAction","target":["https:\/\/comision20dediciembrede1989.org.pa\/index.php\/2023\/12\/20\/especial-llaman-a-justicia-y-superacion-de-trauma-34-anos-despues-de-invasion-de-ee-uu-a-panama\/"]}]},{"@type":"BreadcrumbList","@id":"https:\/\/comision20dediciembrede1989.org.pa\/index.php\/2023\/12\/20\/especial-llaman-a-justicia-y-superacion-de-trauma-34-anos-despues-de-invasion-de-ee-uu-a-panama\/#breadcrumb","itemListElement":[{"@type":"ListItem","position":1,"name":"Portada","item":"https:\/\/comision20dediciembrede1989.org.pa\/"},{"@type":"ListItem","position":2,"name":"ESPECIAL: Llaman a justicia y superaci\u00f3n de trauma 34 a\u00f1os despu\u00e9s de invasi\u00f3n de EE. UU. a Panam\u00e1"}]},{"@type":"WebSite","@id":"https:\/\/comision20dediciembrede1989.org.pa\/#website","url":"https:\/\/comision20dediciembrede1989.org.pa\/","name":"Comision 20 de diciembre","description":"Por la Verdad, la Memoria y la Justicia","potentialAction":[{"@type":"SearchAction","target":{"@type":"EntryPoint","urlTemplate":"https:\/\/comision20dediciembrede1989.org.pa\/?s={search_term_string}"},"query-input":{"@type":"PropertyValueSpecification","valueRequired":true,"valueName":"search_term_string"}}],"inLanguage":"es"},{"@type":"Person","@id":"https:\/\/comision20dediciembrede1989.org.pa\/#\/schema\/person\/2627c63c9634ca580036064042ce2c25","name":"a dg","url":"https:\/\/comision20dediciembrede1989.org.pa\/index.php\/author\/admina\/"}]}},"_links":{"self":[{"href":"https:\/\/comision20dediciembrede1989.org.pa\/index.php\/wp-json\/wp\/v2\/posts\/3485","targetHints":{"allow":["GET"]}}],"collection":[{"href":"https:\/\/comision20dediciembrede1989.org.pa\/index.php\/wp-json\/wp\/v2\/posts"}],"about":[{"href":"https:\/\/comision20dediciembrede1989.org.pa\/index.php\/wp-json\/wp\/v2\/types\/post"}],"author":[{"embeddable":true,"href":"https:\/\/comision20dediciembrede1989.org.pa\/index.php\/wp-json\/wp\/v2\/users\/6"}],"replies":[{"embeddable":true,"href":"https:\/\/comision20dediciembrede1989.org.pa\/index.php\/wp-json\/wp\/v2\/comments?post=3485"}],"version-history":[{"count":3,"href":"https:\/\/comision20dediciembrede1989.org.pa\/index.php\/wp-json\/wp\/v2\/posts\/3485\/revisions"}],"predecessor-version":[{"id":3552,"href":"https:\/\/comision20dediciembrede1989.org.pa\/index.php\/wp-json\/wp\/v2\/posts\/3485\/revisions\/3552"}],"wp:attachment":[{"href":"https:\/\/comision20dediciembrede1989.org.pa\/index.php\/wp-json\/wp\/v2\/media?parent=3485"}],"wp:term":[{"taxonomy":"category","embeddable":true,"href":"https:\/\/comision20dediciembrede1989.org.pa\/index.php\/wp-json\/wp\/v2\/categories?post=3485"},{"taxonomy":"post_tag","embeddable":true,"href":"https:\/\/comision20dediciembrede1989.org.pa\/index.php\/wp-json\/wp\/v2\/tags?post=3485"}],"curies":[{"name":"wp","href":"https:\/\/api.w.org\/{rel}","templated":true}]}}