{"id":3461,"date":"2023-12-20T21:07:37","date_gmt":"2023-12-20T21:07:37","guid":{"rendered":"https:\/\/comision20dediciembrede1989.org.pa\/?p=3461"},"modified":"2024-03-16T18:55:39","modified_gmt":"2024-03-16T18:55:39","slug":"20-de-diciembre","status":"publish","type":"post","link":"https:\/\/comision20dediciembrede1989.org.pa\/index.php\/2023\/12\/20\/20-de-diciembre\/","title":{"rendered":"20 DE DICIEMBRE"},"content":{"rendered":"<p class=\"\">Hoy se cumplen 34 a\u00f1os de la invasi\u00f3n de Estados Unidos a Panam\u00e1 que puso fin a la dictadura militar y al control de Manuel Antonio Noriega, es d\u00eda de duelo nacional, luego de tres vergonzosas d\u00e9cadas de no serlo.<\/p>\n<p class=\"\">La fecha a\u00fan produce discusiones enconadas. Para algunos, las v\u00edctimas no poseen importancia pues \u00aberan norieguistas\u00bb, o \u00abmaleantes\u00bb, gente considerada de baja calidad por vivir en barrios populares. Sospecho que reconocer la fecha los obligar\u00eda a enfrentar la pregunta del por qu\u00e9 no fuimos nosotros los paname\u00f1os los que sacamos a Noriega, en vez del ejercito gringo. Esa misma gente habla de \u00abliberaci\u00f3n\u00bb y no de lo que fue, una abierta intervenci\u00f3n militar que viol\u00f3 todos los preceptos de legalidad habidos y por haber. Para ellos, Noriega era un problema creado por los gringos y por eso les correspond\u00eda a ellos solucionarlo, no a nosotros. Es el tipo de est\u00fapida consideraci\u00f3n que imagino esgrimir\u00e1n cuando nuestra corrupci\u00f3n civil y pol\u00edtica, produzca el argumento legal para que los norteamericanos, apoyados por la enmienda De Concini, recobren la administraci\u00f3n del Canal de Panam\u00e1 y restablezcan lo que una vez se conoci\u00f3 como la Zona del Canal.<\/p>\n<p class=\"\">Lo de la invasi\u00f3n del &#8217;89 es otro de esos puntos hist\u00f3ricos que la enorme mayor\u00eda nacional prefiere dejar sin investigaci\u00f3n, o respuesta.<\/p>\n<p class=\"\">Por eso, ning\u00fan gobierno post-invasi\u00f3n ha exigido a Estados Unidos determinar cu\u00e1ntas personas realmente murieron, o fueron afectadas por el acto, mucho menos exigir reparaciones por los da\u00f1os materiales y econ\u00f3micos adicionalmente infligidos a Panam\u00e1 .<\/p>\n<p class=\"\">Aun sin conocer exactamente el n\u00famero de v\u00edctimas, el 20 de Diciembre representa el episodio que caus\u00f3 mayor cantidad de muertos y heridos en nuestra historia republicana, posiblemente a\u00fan m\u00e1s que los sufridos durante \u00abla guerra de los mil d\u00edas\u00bb, entre liberales y conservadores, cuando Panam\u00e1 a\u00fan era un departamento de la Gran Colombia.\u00bfNo merece el hecho una respuesta racional y cient\u00edfica?<\/p>\n<p class=\"\">Pero cuando alguien pretende enfrentar cualquier interrogante al respecto la respuesta es, \u00abdeja eso, para que seguir preguntando?, ya eso paso\u00bb, etc. Y es que por desgracia, para la mayor\u00eda de paname\u00f1os enfrentar la realidad y sus consecuencias resulta una tarea delicada que se prefiere evadir. Por eso, un pre-candidato declarado corrupto por sus propios hijos y que no se atreve a salir del pa\u00eds por miedo a que lo arresten, tiene un partido con m\u00e1s de 250.000 inscritos que lo respaldan y es considerado como favorito para ganar la elecci\u00f3n del 2024.<\/p>\n<p class=\"\">\u00bfC\u00f3mo es posible semejante cosa preguntar\u00e1 el que lee esto y no es paname\u00f1o? Utilizando otra sinraz\u00f3n que es invocada como justificaci\u00f3n popular: \u00abel tipo roba, pero hace\u00bb. La idea de que se puede administrar y crear sin robar no existe para la mente del acomplejado, del que posee baja autoestima, del ciudadano \u00abzombi\u00bb, sin una pizca de amor c\u00edvico. Sin embargo, esa \u00abmantra\u00bb ins\u00f3lita es la que se esgrime para explicar la popularidad de uno de los m\u00e1s inescrupulosos y antipatria pol\u00edtico jam\u00e1s nacido en nuestro pa\u00eds.<\/p>\n<p class=\"\">La invasi\u00f3n es una herida que a\u00fan supura, y continuar\u00e1 haci\u00e9ndolo mientras no decidamos enfrentar su realidad y consecuencias.<\/p>\n<p class=\"\">Para hacerlo hay que ser objetivos, honestos y, sobre todo, verdaderamente animados por amor a la Patria y a sus posibilidades.<\/p>\n<p class=\"\">A los que me tilden de hip\u00f3crita por vivir en Estados Unidos y a la vez denunciar lo que est\u00e1 mal hecho por ese pa\u00eds, como la invasi\u00f3n, o la elecci\u00f3n del \u00abasno naranja\u00bb, los remito a mi art\u00edculo publicado el 23 de Diciembre del 2019; pueden hallarlo en mi secci\u00f3n <a href=\"https:\/\/www.rubenblades.com\/la-esquina\/respuesta-a-comentarios-en-redes-invasin-de-panam\">Apuntes de la Esquina<\/a>.<\/p>\n<p class=\"\">A los que perdieron familiares, seres queridos y amistades ese diciembre de 1989, enviamos un abrazo, que hacemos extensivo a la Patria que somos todos. No importa que digan los que aplauden la invasi\u00f3n del &#8217;89, el suceso no solo afect\u00f3 a la gente que muri\u00f3 en el Chorrillo, Col\u00f3n o San Miguelito; afect\u00f3 a la Patria que somos todos, incluyendo a los que con su corrupci\u00f3n e indiferencia c\u00edvica la deshonran diariamente.<\/p>\n<p>Fuente: <a href=\"https:\/\/www.rubenblades.com\/la-esquina\/20-de-diciembre-2023\">Ruben Blades<\/a><\/p>\n","protected":false},"excerpt":{"rendered":"<p>Hoy se cumplen 34 a\u00f1os de la invasi\u00f3n de Estados Unidos a Panam\u00e1 que puso fin a la dictadura militar y al control de Manuel Antonio Noriega, es d\u00eda de duelo nacional, luego de tres vergonzosas d\u00e9cadas de no serlo. La fecha a\u00fan produce discusiones enconadas. Para algunos, las v\u00edctimas no poseen importancia pues \u00aberan norieguistas\u00bb, o \u00abmaleantes\u00bb, gente considerada de baja calidad por vivir en barrios populares. Sospecho que reconocer la fecha los obligar\u00eda a enfrentar la pregunta del por qu\u00e9 no fuimos nosotros los paname\u00f1os los que sacamos a Noriega, en vez del ejercito gringo. Esa misma gente habla de \u00abliberaci\u00f3n\u00bb y no de lo que fue, una abierta intervenci\u00f3n militar que viol\u00f3 todos los preceptos de legalidad habidos y por haber. Para ellos, Noriega era un problema creado por los gringos y por eso les correspond\u00eda a ellos solucionarlo, no a nosotros. Es el tipo de est\u00fapida consideraci\u00f3n que imagino esgrimir\u00e1n cuando nuestra corrupci\u00f3n civil y pol\u00edtica, produzca el argumento legal para que los norteamericanos, apoyados por la enmienda De Concini, recobren la administraci\u00f3n del Canal de Panam\u00e1 y restablezcan lo que una vez se conoci\u00f3 como la Zona del Canal. Lo de la invasi\u00f3n del &#8217;89 es otro de esos puntos hist\u00f3ricos que la enorme mayor\u00eda nacional prefiere dejar sin investigaci\u00f3n, o respuesta. Por eso, ning\u00fan gobierno post-invasi\u00f3n ha exigido a Estados Unidos determinar cu\u00e1ntas personas realmente murieron, o fueron afectadas por el acto, mucho menos exigir reparaciones por los da\u00f1os materiales y econ\u00f3micos adicionalmente infligidos [&hellip;]<\/p>\n","protected":false},"author":6,"featured_media":3584,"comment_status":"closed","ping_status":"closed","sticky":false,"template":"","format":"standard","meta":{"footnotes":""},"categories":[103,91],"tags":[],"class_list":["post-3461","post","type-post","status-publish","format-standard","has-post-thumbnail","hentry","category-12-2023","category-91"],"yoast_head":"<!-- This site is optimized with the Yoast SEO plugin v27.4 - https:\/\/yoast.com\/product\/yoast-seo-wordpress\/ -->\n<title>20 DE DICIEMBRE - Ruben Blades<\/title>\n<meta name=\"description\" content=\"Hoy se cumplen 34 a\u00f1os de la invasi\u00f3n de Estados Unidos a Panam\u00e1 que puso fin a la dictadura militar y al control de Manuel Antonio Noriega,\" \/>\n<meta name=\"robots\" content=\"index, follow, max-snippet:-1, max-image-preview:large, max-video-preview:-1\" \/>\n<link rel=\"canonical\" href=\"https:\/\/comision20dediciembrede1989.org.pa\/index.php\/2023\/12\/20\/20-de-diciembre\/\" \/>\n<meta property=\"og:locale\" content=\"es_ES\" \/>\n<meta property=\"og:type\" content=\"article\" \/>\n<meta property=\"og:title\" content=\"20 DE DICIEMBRE - Ruben Blades\" \/>\n<meta property=\"og:description\" content=\"Hoy se cumplen 34 a\u00f1os de la invasi\u00f3n de Estados Unidos a Panam\u00e1 que puso fin a la dictadura militar y al control de Manuel Antonio Noriega,\" \/>\n<meta property=\"og:url\" content=\"https:\/\/comision20dediciembrede1989.org.pa\/index.php\/2023\/12\/20\/20-de-diciembre\/\" \/>\n<meta property=\"og:site_name\" content=\"Comision 20 de diciembre\" \/>\n<meta property=\"article:published_time\" content=\"2023-12-20T21:07:37+00:00\" \/>\n<meta property=\"article:modified_time\" content=\"2024-03-16T18:55:39+00:00\" \/>\n<meta property=\"og:image\" content=\"https:\/\/comision20dediciembrede1989.org.pa\/wp-content\/uploads\/2023\/12\/rub.jpg\" \/>\n\t<meta property=\"og:image:width\" content=\"885\" \/>\n\t<meta property=\"og:image:height\" content=\"581\" \/>\n\t<meta property=\"og:image:type\" content=\"image\/jpeg\" \/>\n<meta name=\"author\" content=\"a dg\" \/>\n<meta name=\"twitter:card\" content=\"summary_large_image\" \/>\n<meta name=\"twitter:label1\" content=\"Escrito por\" \/>\n\t<meta name=\"twitter:data1\" content=\"a dg\" \/>\n\t<meta name=\"twitter:label2\" content=\"Tiempo de lectura\" \/>\n\t<meta name=\"twitter:data2\" content=\"4 minutos\" \/>\n<script type=\"application\/ld+json\" class=\"yoast-schema-graph\">{\"@context\":\"https:\\\/\\\/schema.org\",\"@graph\":[{\"@type\":\"Article\",\"@id\":\"https:\\\/\\\/comision20dediciembrede1989.org.pa\\\/index.php\\\/2023\\\/12\\\/20\\\/20-de-diciembre\\\/#article\",\"isPartOf\":{\"@id\":\"https:\\\/\\\/comision20dediciembrede1989.org.pa\\\/index.php\\\/2023\\\/12\\\/20\\\/20-de-diciembre\\\/\"},\"author\":{\"name\":\"a dg\",\"@id\":\"https:\\\/\\\/comision20dediciembrede1989.org.pa\\\/#\\\/schema\\\/person\\\/2627c63c9634ca580036064042ce2c25\"},\"headline\":\"20 DE DICIEMBRE\",\"datePublished\":\"2023-12-20T21:07:37+00:00\",\"dateModified\":\"2024-03-16T18:55:39+00:00\",\"mainEntityOfPage\":{\"@id\":\"https:\\\/\\\/comision20dediciembrede1989.org.pa\\\/index.php\\\/2023\\\/12\\\/20\\\/20-de-diciembre\\\/\"},\"wordCount\":721,\"image\":{\"@id\":\"https:\\\/\\\/comision20dediciembrede1989.org.pa\\\/index.php\\\/2023\\\/12\\\/20\\\/20-de-diciembre\\\/#primaryimage\"},\"thumbnailUrl\":\"https:\\\/\\\/comision20dediciembrede1989.org.pa\\\/wp-content\\\/uploads\\\/2023\\\/12\\\/rub.jpg\",\"articleSection\":[\"12-2023\",\"2023\"],\"inLanguage\":\"es\"},{\"@type\":\"WebPage\",\"@id\":\"https:\\\/\\\/comision20dediciembrede1989.org.pa\\\/index.php\\\/2023\\\/12\\\/20\\\/20-de-diciembre\\\/\",\"url\":\"https:\\\/\\\/comision20dediciembrede1989.org.pa\\\/index.php\\\/2023\\\/12\\\/20\\\/20-de-diciembre\\\/\",\"name\":\"20 DE DICIEMBRE - Ruben Blades\",\"isPartOf\":{\"@id\":\"https:\\\/\\\/comision20dediciembrede1989.org.pa\\\/#website\"},\"primaryImageOfPage\":{\"@id\":\"https:\\\/\\\/comision20dediciembrede1989.org.pa\\\/index.php\\\/2023\\\/12\\\/20\\\/20-de-diciembre\\\/#primaryimage\"},\"image\":{\"@id\":\"https:\\\/\\\/comision20dediciembrede1989.org.pa\\\/index.php\\\/2023\\\/12\\\/20\\\/20-de-diciembre\\\/#primaryimage\"},\"thumbnailUrl\":\"https:\\\/\\\/comision20dediciembrede1989.org.pa\\\/wp-content\\\/uploads\\\/2023\\\/12\\\/rub.jpg\",\"datePublished\":\"2023-12-20T21:07:37+00:00\",\"dateModified\":\"2024-03-16T18:55:39+00:00\",\"author\":{\"@id\":\"https:\\\/\\\/comision20dediciembrede1989.org.pa\\\/#\\\/schema\\\/person\\\/2627c63c9634ca580036064042ce2c25\"},\"description\":\"Hoy se cumplen 34 a\u00f1os de la invasi\u00f3n de Estados Unidos a Panam\u00e1 que puso fin a la dictadura militar y al control de Manuel Antonio Noriega,\",\"breadcrumb\":{\"@id\":\"https:\\\/\\\/comision20dediciembrede1989.org.pa\\\/index.php\\\/2023\\\/12\\\/20\\\/20-de-diciembre\\\/#breadcrumb\"},\"inLanguage\":\"es\",\"potentialAction\":[{\"@type\":\"ReadAction\",\"target\":[\"https:\\\/\\\/comision20dediciembrede1989.org.pa\\\/index.php\\\/2023\\\/12\\\/20\\\/20-de-diciembre\\\/\"]}]},{\"@type\":\"ImageObject\",\"inLanguage\":\"es\",\"@id\":\"https:\\\/\\\/comision20dediciembrede1989.org.pa\\\/index.php\\\/2023\\\/12\\\/20\\\/20-de-diciembre\\\/#primaryimage\",\"url\":\"https:\\\/\\\/comision20dediciembrede1989.org.pa\\\/wp-content\\\/uploads\\\/2023\\\/12\\\/rub.jpg\",\"contentUrl\":\"https:\\\/\\\/comision20dediciembrede1989.org.pa\\\/wp-content\\\/uploads\\\/2023\\\/12\\\/rub.jpg\",\"width\":885,\"height\":581,\"caption\":\"ruben blades\"},{\"@type\":\"BreadcrumbList\",\"@id\":\"https:\\\/\\\/comision20dediciembrede1989.org.pa\\\/index.php\\\/2023\\\/12\\\/20\\\/20-de-diciembre\\\/#breadcrumb\",\"itemListElement\":[{\"@type\":\"ListItem\",\"position\":1,\"name\":\"Portada\",\"item\":\"https:\\\/\\\/comision20dediciembrede1989.org.pa\\\/\"},{\"@type\":\"ListItem\",\"position\":2,\"name\":\"20 DE DICIEMBRE\"}]},{\"@type\":\"WebSite\",\"@id\":\"https:\\\/\\\/comision20dediciembrede1989.org.pa\\\/#website\",\"url\":\"https:\\\/\\\/comision20dediciembrede1989.org.pa\\\/\",\"name\":\"Comision 20 de diciembre\",\"description\":\"Por la Verdad, la Memoria y la Justicia\",\"potentialAction\":[{\"@type\":\"SearchAction\",\"target\":{\"@type\":\"EntryPoint\",\"urlTemplate\":\"https:\\\/\\\/comision20dediciembrede1989.org.pa\\\/?s={search_term_string}\"},\"query-input\":{\"@type\":\"PropertyValueSpecification\",\"valueRequired\":true,\"valueName\":\"search_term_string\"}}],\"inLanguage\":\"es\"},{\"@type\":\"Person\",\"@id\":\"https:\\\/\\\/comision20dediciembrede1989.org.pa\\\/#\\\/schema\\\/person\\\/2627c63c9634ca580036064042ce2c25\",\"name\":\"a dg\",\"url\":\"https:\\\/\\\/comision20dediciembrede1989.org.pa\\\/index.php\\\/author\\\/admina\\\/\"}]}<\/script>\n<!-- \/ Yoast SEO plugin. -->","yoast_head_json":{"title":"20 DE DICIEMBRE - Ruben Blades","description":"Hoy se cumplen 34 a\u00f1os de la invasi\u00f3n de Estados Unidos a Panam\u00e1 que puso fin a la dictadura militar y al control de Manuel Antonio Noriega,","robots":{"index":"index","follow":"follow","max-snippet":"max-snippet:-1","max-image-preview":"max-image-preview:large","max-video-preview":"max-video-preview:-1"},"canonical":"https:\/\/comision20dediciembrede1989.org.pa\/index.php\/2023\/12\/20\/20-de-diciembre\/","og_locale":"es_ES","og_type":"article","og_title":"20 DE DICIEMBRE - Ruben Blades","og_description":"Hoy se cumplen 34 a\u00f1os de la invasi\u00f3n de Estados Unidos a Panam\u00e1 que puso fin a la dictadura militar y al control de Manuel Antonio Noriega,","og_url":"https:\/\/comision20dediciembrede1989.org.pa\/index.php\/2023\/12\/20\/20-de-diciembre\/","og_site_name":"Comision 20 de diciembre","article_published_time":"2023-12-20T21:07:37+00:00","article_modified_time":"2024-03-16T18:55:39+00:00","og_image":[{"width":885,"height":581,"url":"https:\/\/comision20dediciembrede1989.org.pa\/wp-content\/uploads\/2023\/12\/rub.jpg","type":"image\/jpeg"}],"author":"a dg","twitter_card":"summary_large_image","twitter_misc":{"Escrito por":"a dg","Tiempo de lectura":"4 minutos"},"schema":{"@context":"https:\/\/schema.org","@graph":[{"@type":"Article","@id":"https:\/\/comision20dediciembrede1989.org.pa\/index.php\/2023\/12\/20\/20-de-diciembre\/#article","isPartOf":{"@id":"https:\/\/comision20dediciembrede1989.org.pa\/index.php\/2023\/12\/20\/20-de-diciembre\/"},"author":{"name":"a dg","@id":"https:\/\/comision20dediciembrede1989.org.pa\/#\/schema\/person\/2627c63c9634ca580036064042ce2c25"},"headline":"20 DE DICIEMBRE","datePublished":"2023-12-20T21:07:37+00:00","dateModified":"2024-03-16T18:55:39+00:00","mainEntityOfPage":{"@id":"https:\/\/comision20dediciembrede1989.org.pa\/index.php\/2023\/12\/20\/20-de-diciembre\/"},"wordCount":721,"image":{"@id":"https:\/\/comision20dediciembrede1989.org.pa\/index.php\/2023\/12\/20\/20-de-diciembre\/#primaryimage"},"thumbnailUrl":"https:\/\/comision20dediciembrede1989.org.pa\/wp-content\/uploads\/2023\/12\/rub.jpg","articleSection":["12-2023","2023"],"inLanguage":"es"},{"@type":"WebPage","@id":"https:\/\/comision20dediciembrede1989.org.pa\/index.php\/2023\/12\/20\/20-de-diciembre\/","url":"https:\/\/comision20dediciembrede1989.org.pa\/index.php\/2023\/12\/20\/20-de-diciembre\/","name":"20 DE DICIEMBRE - Ruben Blades","isPartOf":{"@id":"https:\/\/comision20dediciembrede1989.org.pa\/#website"},"primaryImageOfPage":{"@id":"https:\/\/comision20dediciembrede1989.org.pa\/index.php\/2023\/12\/20\/20-de-diciembre\/#primaryimage"},"image":{"@id":"https:\/\/comision20dediciembrede1989.org.pa\/index.php\/2023\/12\/20\/20-de-diciembre\/#primaryimage"},"thumbnailUrl":"https:\/\/comision20dediciembrede1989.org.pa\/wp-content\/uploads\/2023\/12\/rub.jpg","datePublished":"2023-12-20T21:07:37+00:00","dateModified":"2024-03-16T18:55:39+00:00","author":{"@id":"https:\/\/comision20dediciembrede1989.org.pa\/#\/schema\/person\/2627c63c9634ca580036064042ce2c25"},"description":"Hoy se cumplen 34 a\u00f1os de la invasi\u00f3n de Estados Unidos a Panam\u00e1 que puso fin a la dictadura militar y al control de Manuel Antonio Noriega,","breadcrumb":{"@id":"https:\/\/comision20dediciembrede1989.org.pa\/index.php\/2023\/12\/20\/20-de-diciembre\/#breadcrumb"},"inLanguage":"es","potentialAction":[{"@type":"ReadAction","target":["https:\/\/comision20dediciembrede1989.org.pa\/index.php\/2023\/12\/20\/20-de-diciembre\/"]}]},{"@type":"ImageObject","inLanguage":"es","@id":"https:\/\/comision20dediciembrede1989.org.pa\/index.php\/2023\/12\/20\/20-de-diciembre\/#primaryimage","url":"https:\/\/comision20dediciembrede1989.org.pa\/wp-content\/uploads\/2023\/12\/rub.jpg","contentUrl":"https:\/\/comision20dediciembrede1989.org.pa\/wp-content\/uploads\/2023\/12\/rub.jpg","width":885,"height":581,"caption":"ruben blades"},{"@type":"BreadcrumbList","@id":"https:\/\/comision20dediciembrede1989.org.pa\/index.php\/2023\/12\/20\/20-de-diciembre\/#breadcrumb","itemListElement":[{"@type":"ListItem","position":1,"name":"Portada","item":"https:\/\/comision20dediciembrede1989.org.pa\/"},{"@type":"ListItem","position":2,"name":"20 DE DICIEMBRE"}]},{"@type":"WebSite","@id":"https:\/\/comision20dediciembrede1989.org.pa\/#website","url":"https:\/\/comision20dediciembrede1989.org.pa\/","name":"Comision 20 de diciembre","description":"Por la Verdad, la Memoria y la Justicia","potentialAction":[{"@type":"SearchAction","target":{"@type":"EntryPoint","urlTemplate":"https:\/\/comision20dediciembrede1989.org.pa\/?s={search_term_string}"},"query-input":{"@type":"PropertyValueSpecification","valueRequired":true,"valueName":"search_term_string"}}],"inLanguage":"es"},{"@type":"Person","@id":"https:\/\/comision20dediciembrede1989.org.pa\/#\/schema\/person\/2627c63c9634ca580036064042ce2c25","name":"a dg","url":"https:\/\/comision20dediciembrede1989.org.pa\/index.php\/author\/admina\/"}]}},"_links":{"self":[{"href":"https:\/\/comision20dediciembrede1989.org.pa\/index.php\/wp-json\/wp\/v2\/posts\/3461","targetHints":{"allow":["GET"]}}],"collection":[{"href":"https:\/\/comision20dediciembrede1989.org.pa\/index.php\/wp-json\/wp\/v2\/posts"}],"about":[{"href":"https:\/\/comision20dediciembrede1989.org.pa\/index.php\/wp-json\/wp\/v2\/types\/post"}],"author":[{"embeddable":true,"href":"https:\/\/comision20dediciembrede1989.org.pa\/index.php\/wp-json\/wp\/v2\/users\/6"}],"replies":[{"embeddable":true,"href":"https:\/\/comision20dediciembrede1989.org.pa\/index.php\/wp-json\/wp\/v2\/comments?post=3461"}],"version-history":[{"count":1,"href":"https:\/\/comision20dediciembrede1989.org.pa\/index.php\/wp-json\/wp\/v2\/posts\/3461\/revisions"}],"predecessor-version":[{"id":3462,"href":"https:\/\/comision20dediciembrede1989.org.pa\/index.php\/wp-json\/wp\/v2\/posts\/3461\/revisions\/3462"}],"wp:featuredmedia":[{"embeddable":true,"href":"https:\/\/comision20dediciembrede1989.org.pa\/index.php\/wp-json\/wp\/v2\/media\/3584"}],"wp:attachment":[{"href":"https:\/\/comision20dediciembrede1989.org.pa\/index.php\/wp-json\/wp\/v2\/media?parent=3461"}],"wp:term":[{"taxonomy":"category","embeddable":true,"href":"https:\/\/comision20dediciembrede1989.org.pa\/index.php\/wp-json\/wp\/v2\/categories?post=3461"},{"taxonomy":"post_tag","embeddable":true,"href":"https:\/\/comision20dediciembrede1989.org.pa\/index.php\/wp-json\/wp\/v2\/tags?post=3461"}],"curies":[{"name":"wp","href":"https:\/\/api.w.org\/{rel}","templated":true}]}}