{"id":3454,"date":"2023-12-20T20:37:13","date_gmt":"2023-12-20T20:37:13","guid":{"rendered":"https:\/\/comision20dediciembrede1989.org.pa\/?p=3454"},"modified":"2024-03-16T19:13:53","modified_gmt":"2024-03-16T19:13:53","slug":"ese-no-es-mi-papa-sigue-la-incertidumbre-a-34-anos-de-la-invasion-de-ee-uu-a-panama-3","status":"publish","type":"post","link":"https:\/\/comision20dediciembrede1989.org.pa\/index.php\/2023\/12\/20\/ese-no-es-mi-papa-sigue-la-incertidumbre-a-34-anos-de-la-invasion-de-ee-uu-a-panama-3\/","title":{"rendered":"\u00abEse no es mi pap\u00e1\u00bb: sigue la incertidumbre a 34 a\u00f1os de la invasi\u00f3n de EE.UU. a Panam\u00e1"},"content":{"rendered":"<p>Ciudad de Panam\u00e1, 20 dic (EFE).- \u00abHace cuatro a\u00f1os volvi\u00f3 la invasi\u00f3n a nuestros corazones, volvimos a escuchar a mi pap\u00e1 llamar por tel\u00e9fono unas horas antes y decirme, &#8216;la bicicleta que le compr\u00e9 a mi primer nieto&#8217;, que es mi hijo, &#8216;la pones en el arbolito de tu mam\u00e1&#8217; (&#8230;) as\u00ed llevamos cuatro a\u00f1os, cada vez que llega el 20 de diciembre\u00bb. Con esas palabras, Brigitte Bethancourt explica a EFE su sentir desde que en el 2019 fueron exhumados los restos de un hombre muerto durante la invasi\u00f3n de Estados Unidos a Panam\u00e1 en 1989 que seg\u00fan los registros oficiales era su padre, un extremo que siempre neg\u00f3 la familia y que confirm\u00f3 meses atr\u00e1s un estudio de ADN: en efecto, no se trataba del paname\u00f1o Braulio Bethancourt. IM\u00c1GENES: CARLOS LEMOS. RECURSOS AUDIOVISUALES Y FOTOGR\u00c1FICOS DE LA INVASI\u00d3N DE ESTADOS UNIDOS A PANAM\u00c1 LAS IM\u00c1GENES SON DEL CHORRILLO LUGAR DESTRUIDO Y FOTOS DEL DIA DE LA INVASI\u00d3N Y DEL CEMENTERIO DONDE EST\u00c1 LOS SUPUESTOS FAMILIAS ENTERRADOS. DECLARACIONES DE: BRIGITTE BETANCOURT.<\/p>\n<p>Fuente: Abc Sociedad<\/p>\n","protected":false},"excerpt":{"rendered":"<p>Ciudad de Panam\u00e1, 20 dic (EFE).- \u00abHace cuatro a\u00f1os volvi\u00f3 la invasi\u00f3n a nuestros corazones, volvimos a escuchar a mi pap\u00e1 llamar por tel\u00e9fono unas horas antes y decirme, &#8216;la bicicleta que le compr\u00e9 a mi primer nieto&#8217;, que es mi hijo, &#8216;la pones en el arbolito de tu mam\u00e1&#8217; (&#8230;) as\u00ed llevamos cuatro a\u00f1os, cada vez que llega el 20 de diciembre\u00bb. Con esas palabras, Brigitte Bethancourt explica a EFE su sentir desde que en el 2019 fueron exhumados los restos de un hombre muerto durante la invasi\u00f3n de Estados Unidos a Panam\u00e1 en 1989 que seg\u00fan los registros oficiales era su padre, un extremo que siempre neg\u00f3 la familia y que confirm\u00f3 meses atr\u00e1s un estudio de ADN: en efecto, no se trataba del paname\u00f1o Braulio Bethancourt. IM\u00c1GENES: CARLOS LEMOS. RECURSOS AUDIOVISUALES Y FOTOGR\u00c1FICOS DE LA INVASI\u00d3N DE ESTADOS UNIDOS A PANAM\u00c1 LAS IM\u00c1GENES SON DEL CHORRILLO LUGAR DESTRUIDO Y FOTOS DEL DIA DE LA INVASI\u00d3N Y DEL CEMENTERIO DONDE EST\u00c1 LOS SUPUESTOS FAMILIAS ENTERRADOS. DECLARACIONES DE: BRIGITTE BETANCOURT. Fuente: Abc Sociedad<\/p>\n","protected":false},"author":6,"featured_media":0,"comment_status":"closed","ping_status":"closed","sticky":false,"template":"","format":"standard","meta":{"footnotes":""},"categories":[103,91],"tags":[],"class_list":["post-3454","post","type-post","status-publish","format-standard","hentry","category-12-2023","category-91"],"yoast_head":"<!-- This site is optimized with the Yoast SEO plugin v27.4 - https:\/\/yoast.com\/product\/yoast-seo-wordpress\/ -->\n<title>&quot;Ese no es mi pap\u00e1&quot;: sigue la incertidumbre a 34 a\u00f1os de la<\/title>\n<meta name=\"description\" content=\"Ciudad de Panam\u00e1, 20 dic (EFE).- &quot;Hace cuatro a\u00f1os volvi\u00f3 la invasi\u00f3n a nuestros corazones, volvimos a escuchar a mi pap\u00e1 llamar por tel\u00e9fono\" \/>\n<meta name=\"robots\" content=\"index, follow, max-snippet:-1, max-image-preview:large, max-video-preview:-1\" \/>\n<link rel=\"canonical\" href=\"https:\/\/comision20dediciembrede1989.org.pa\/index.php\/2023\/12\/20\/ese-no-es-mi-papa-sigue-la-incertidumbre-a-34-anos-de-la-invasion-de-ee-uu-a-panama-3\/\" \/>\n<meta property=\"og:locale\" content=\"es_ES\" \/>\n<meta property=\"og:type\" content=\"article\" \/>\n<meta property=\"og:title\" content=\"&quot;Ese no es mi pap\u00e1&quot;: sigue la incertidumbre a 34 a\u00f1os de la\" \/>\n<meta property=\"og:description\" content=\"Ciudad de Panam\u00e1, 20 dic (EFE).- &quot;Hace cuatro a\u00f1os volvi\u00f3 la invasi\u00f3n a nuestros corazones, volvimos a escuchar a mi pap\u00e1 llamar por tel\u00e9fono\" \/>\n<meta property=\"og:url\" content=\"https:\/\/comision20dediciembrede1989.org.pa\/index.php\/2023\/12\/20\/ese-no-es-mi-papa-sigue-la-incertidumbre-a-34-anos-de-la-invasion-de-ee-uu-a-panama-3\/\" \/>\n<meta property=\"og:site_name\" content=\"Comision 20 de diciembre\" \/>\n<meta property=\"article:published_time\" content=\"2023-12-20T20:37:13+00:00\" \/>\n<meta property=\"article:modified_time\" content=\"2024-03-16T19:13:53+00:00\" \/>\n<meta name=\"author\" content=\"a dg\" \/>\n<meta name=\"twitter:card\" content=\"summary_large_image\" \/>\n<meta name=\"twitter:label1\" content=\"Escrito por\" \/>\n\t<meta name=\"twitter:data1\" content=\"a dg\" \/>\n\t<meta name=\"twitter:label2\" content=\"Tiempo de lectura\" \/>\n\t<meta name=\"twitter:data2\" content=\"1 minuto\" \/>\n<script type=\"application\/ld+json\" class=\"yoast-schema-graph\">{\"@context\":\"https:\\\/\\\/schema.org\",\"@graph\":[{\"@type\":\"Article\",\"@id\":\"https:\\\/\\\/comision20dediciembrede1989.org.pa\\\/index.php\\\/2023\\\/12\\\/20\\\/ese-no-es-mi-papa-sigue-la-incertidumbre-a-34-anos-de-la-invasion-de-ee-uu-a-panama-3\\\/#article\",\"isPartOf\":{\"@id\":\"https:\\\/\\\/comision20dediciembrede1989.org.pa\\\/index.php\\\/2023\\\/12\\\/20\\\/ese-no-es-mi-papa-sigue-la-incertidumbre-a-34-anos-de-la-invasion-de-ee-uu-a-panama-3\\\/\"},\"author\":{\"name\":\"a dg\",\"@id\":\"https:\\\/\\\/comision20dediciembrede1989.org.pa\\\/#\\\/schema\\\/person\\\/2627c63c9634ca580036064042ce2c25\"},\"headline\":\"\u00abEse no es mi pap\u00e1\u00bb: sigue la incertidumbre a 34 a\u00f1os de la invasi\u00f3n de EE.UU. a Panam\u00e1\",\"datePublished\":\"2023-12-20T20:37:13+00:00\",\"dateModified\":\"2024-03-16T19:13:53+00:00\",\"mainEntityOfPage\":{\"@id\":\"https:\\\/\\\/comision20dediciembrede1989.org.pa\\\/index.php\\\/2023\\\/12\\\/20\\\/ese-no-es-mi-papa-sigue-la-incertidumbre-a-34-anos-de-la-invasion-de-ee-uu-a-panama-3\\\/\"},\"wordCount\":203,\"articleSection\":[\"12-2023\",\"2023\"],\"inLanguage\":\"es\"},{\"@type\":\"WebPage\",\"@id\":\"https:\\\/\\\/comision20dediciembrede1989.org.pa\\\/index.php\\\/2023\\\/12\\\/20\\\/ese-no-es-mi-papa-sigue-la-incertidumbre-a-34-anos-de-la-invasion-de-ee-uu-a-panama-3\\\/\",\"url\":\"https:\\\/\\\/comision20dediciembrede1989.org.pa\\\/index.php\\\/2023\\\/12\\\/20\\\/ese-no-es-mi-papa-sigue-la-incertidumbre-a-34-anos-de-la-invasion-de-ee-uu-a-panama-3\\\/\",\"name\":\"\\\"Ese no es mi pap\u00e1\\\": sigue la incertidumbre a 34 a\u00f1os de la\",\"isPartOf\":{\"@id\":\"https:\\\/\\\/comision20dediciembrede1989.org.pa\\\/#website\"},\"datePublished\":\"2023-12-20T20:37:13+00:00\",\"dateModified\":\"2024-03-16T19:13:53+00:00\",\"author\":{\"@id\":\"https:\\\/\\\/comision20dediciembrede1989.org.pa\\\/#\\\/schema\\\/person\\\/2627c63c9634ca580036064042ce2c25\"},\"description\":\"Ciudad de Panam\u00e1, 20 dic (EFE).- \\\"Hace cuatro a\u00f1os volvi\u00f3 la invasi\u00f3n a nuestros corazones, volvimos a escuchar a mi pap\u00e1 llamar por tel\u00e9fono\",\"breadcrumb\":{\"@id\":\"https:\\\/\\\/comision20dediciembrede1989.org.pa\\\/index.php\\\/2023\\\/12\\\/20\\\/ese-no-es-mi-papa-sigue-la-incertidumbre-a-34-anos-de-la-invasion-de-ee-uu-a-panama-3\\\/#breadcrumb\"},\"inLanguage\":\"es\",\"potentialAction\":[{\"@type\":\"ReadAction\",\"target\":[\"https:\\\/\\\/comision20dediciembrede1989.org.pa\\\/index.php\\\/2023\\\/12\\\/20\\\/ese-no-es-mi-papa-sigue-la-incertidumbre-a-34-anos-de-la-invasion-de-ee-uu-a-panama-3\\\/\"]}]},{\"@type\":\"BreadcrumbList\",\"@id\":\"https:\\\/\\\/comision20dediciembrede1989.org.pa\\\/index.php\\\/2023\\\/12\\\/20\\\/ese-no-es-mi-papa-sigue-la-incertidumbre-a-34-anos-de-la-invasion-de-ee-uu-a-panama-3\\\/#breadcrumb\",\"itemListElement\":[{\"@type\":\"ListItem\",\"position\":1,\"name\":\"Portada\",\"item\":\"https:\\\/\\\/comision20dediciembrede1989.org.pa\\\/\"},{\"@type\":\"ListItem\",\"position\":2,\"name\":\"\u00abEse no es mi pap\u00e1\u00bb: sigue la incertidumbre a 34 a\u00f1os de la invasi\u00f3n de EE.UU. a Panam\u00e1\"}]},{\"@type\":\"WebSite\",\"@id\":\"https:\\\/\\\/comision20dediciembrede1989.org.pa\\\/#website\",\"url\":\"https:\\\/\\\/comision20dediciembrede1989.org.pa\\\/\",\"name\":\"Comision 20 de diciembre\",\"description\":\"Por la Verdad, la Memoria y la Justicia\",\"potentialAction\":[{\"@type\":\"SearchAction\",\"target\":{\"@type\":\"EntryPoint\",\"urlTemplate\":\"https:\\\/\\\/comision20dediciembrede1989.org.pa\\\/?s={search_term_string}\"},\"query-input\":{\"@type\":\"PropertyValueSpecification\",\"valueRequired\":true,\"valueName\":\"search_term_string\"}}],\"inLanguage\":\"es\"},{\"@type\":\"Person\",\"@id\":\"https:\\\/\\\/comision20dediciembrede1989.org.pa\\\/#\\\/schema\\\/person\\\/2627c63c9634ca580036064042ce2c25\",\"name\":\"a dg\",\"url\":\"https:\\\/\\\/comision20dediciembrede1989.org.pa\\\/index.php\\\/author\\\/admina\\\/\"}]}<\/script>\n<!-- \/ Yoast SEO plugin. -->","yoast_head_json":{"title":"\"Ese no es mi pap\u00e1\": sigue la incertidumbre a 34 a\u00f1os de la","description":"Ciudad de Panam\u00e1, 20 dic (EFE).- \"Hace cuatro a\u00f1os volvi\u00f3 la invasi\u00f3n a nuestros corazones, volvimos a escuchar a mi pap\u00e1 llamar por tel\u00e9fono","robots":{"index":"index","follow":"follow","max-snippet":"max-snippet:-1","max-image-preview":"max-image-preview:large","max-video-preview":"max-video-preview:-1"},"canonical":"https:\/\/comision20dediciembrede1989.org.pa\/index.php\/2023\/12\/20\/ese-no-es-mi-papa-sigue-la-incertidumbre-a-34-anos-de-la-invasion-de-ee-uu-a-panama-3\/","og_locale":"es_ES","og_type":"article","og_title":"\"Ese no es mi pap\u00e1\": sigue la incertidumbre a 34 a\u00f1os de la","og_description":"Ciudad de Panam\u00e1, 20 dic (EFE).- \"Hace cuatro a\u00f1os volvi\u00f3 la invasi\u00f3n a nuestros corazones, volvimos a escuchar a mi pap\u00e1 llamar por tel\u00e9fono","og_url":"https:\/\/comision20dediciembrede1989.org.pa\/index.php\/2023\/12\/20\/ese-no-es-mi-papa-sigue-la-incertidumbre-a-34-anos-de-la-invasion-de-ee-uu-a-panama-3\/","og_site_name":"Comision 20 de diciembre","article_published_time":"2023-12-20T20:37:13+00:00","article_modified_time":"2024-03-16T19:13:53+00:00","author":"a dg","twitter_card":"summary_large_image","twitter_misc":{"Escrito por":"a dg","Tiempo de lectura":"1 minuto"},"schema":{"@context":"https:\/\/schema.org","@graph":[{"@type":"Article","@id":"https:\/\/comision20dediciembrede1989.org.pa\/index.php\/2023\/12\/20\/ese-no-es-mi-papa-sigue-la-incertidumbre-a-34-anos-de-la-invasion-de-ee-uu-a-panama-3\/#article","isPartOf":{"@id":"https:\/\/comision20dediciembrede1989.org.pa\/index.php\/2023\/12\/20\/ese-no-es-mi-papa-sigue-la-incertidumbre-a-34-anos-de-la-invasion-de-ee-uu-a-panama-3\/"},"author":{"name":"a dg","@id":"https:\/\/comision20dediciembrede1989.org.pa\/#\/schema\/person\/2627c63c9634ca580036064042ce2c25"},"headline":"\u00abEse no es mi pap\u00e1\u00bb: sigue la incertidumbre a 34 a\u00f1os de la invasi\u00f3n de EE.UU. a Panam\u00e1","datePublished":"2023-12-20T20:37:13+00:00","dateModified":"2024-03-16T19:13:53+00:00","mainEntityOfPage":{"@id":"https:\/\/comision20dediciembrede1989.org.pa\/index.php\/2023\/12\/20\/ese-no-es-mi-papa-sigue-la-incertidumbre-a-34-anos-de-la-invasion-de-ee-uu-a-panama-3\/"},"wordCount":203,"articleSection":["12-2023","2023"],"inLanguage":"es"},{"@type":"WebPage","@id":"https:\/\/comision20dediciembrede1989.org.pa\/index.php\/2023\/12\/20\/ese-no-es-mi-papa-sigue-la-incertidumbre-a-34-anos-de-la-invasion-de-ee-uu-a-panama-3\/","url":"https:\/\/comision20dediciembrede1989.org.pa\/index.php\/2023\/12\/20\/ese-no-es-mi-papa-sigue-la-incertidumbre-a-34-anos-de-la-invasion-de-ee-uu-a-panama-3\/","name":"\"Ese no es mi pap\u00e1\": sigue la incertidumbre a 34 a\u00f1os de la","isPartOf":{"@id":"https:\/\/comision20dediciembrede1989.org.pa\/#website"},"datePublished":"2023-12-20T20:37:13+00:00","dateModified":"2024-03-16T19:13:53+00:00","author":{"@id":"https:\/\/comision20dediciembrede1989.org.pa\/#\/schema\/person\/2627c63c9634ca580036064042ce2c25"},"description":"Ciudad de Panam\u00e1, 20 dic (EFE).- \"Hace cuatro a\u00f1os volvi\u00f3 la invasi\u00f3n a nuestros corazones, volvimos a escuchar a mi pap\u00e1 llamar por tel\u00e9fono","breadcrumb":{"@id":"https:\/\/comision20dediciembrede1989.org.pa\/index.php\/2023\/12\/20\/ese-no-es-mi-papa-sigue-la-incertidumbre-a-34-anos-de-la-invasion-de-ee-uu-a-panama-3\/#breadcrumb"},"inLanguage":"es","potentialAction":[{"@type":"ReadAction","target":["https:\/\/comision20dediciembrede1989.org.pa\/index.php\/2023\/12\/20\/ese-no-es-mi-papa-sigue-la-incertidumbre-a-34-anos-de-la-invasion-de-ee-uu-a-panama-3\/"]}]},{"@type":"BreadcrumbList","@id":"https:\/\/comision20dediciembrede1989.org.pa\/index.php\/2023\/12\/20\/ese-no-es-mi-papa-sigue-la-incertidumbre-a-34-anos-de-la-invasion-de-ee-uu-a-panama-3\/#breadcrumb","itemListElement":[{"@type":"ListItem","position":1,"name":"Portada","item":"https:\/\/comision20dediciembrede1989.org.pa\/"},{"@type":"ListItem","position":2,"name":"\u00abEse no es mi pap\u00e1\u00bb: sigue la incertidumbre a 34 a\u00f1os de la invasi\u00f3n de EE.UU. a Panam\u00e1"}]},{"@type":"WebSite","@id":"https:\/\/comision20dediciembrede1989.org.pa\/#website","url":"https:\/\/comision20dediciembrede1989.org.pa\/","name":"Comision 20 de diciembre","description":"Por la Verdad, la Memoria y la Justicia","potentialAction":[{"@type":"SearchAction","target":{"@type":"EntryPoint","urlTemplate":"https:\/\/comision20dediciembrede1989.org.pa\/?s={search_term_string}"},"query-input":{"@type":"PropertyValueSpecification","valueRequired":true,"valueName":"search_term_string"}}],"inLanguage":"es"},{"@type":"Person","@id":"https:\/\/comision20dediciembrede1989.org.pa\/#\/schema\/person\/2627c63c9634ca580036064042ce2c25","name":"a dg","url":"https:\/\/comision20dediciembrede1989.org.pa\/index.php\/author\/admina\/"}]}},"_links":{"self":[{"href":"https:\/\/comision20dediciembrede1989.org.pa\/index.php\/wp-json\/wp\/v2\/posts\/3454","targetHints":{"allow":["GET"]}}],"collection":[{"href":"https:\/\/comision20dediciembrede1989.org.pa\/index.php\/wp-json\/wp\/v2\/posts"}],"about":[{"href":"https:\/\/comision20dediciembrede1989.org.pa\/index.php\/wp-json\/wp\/v2\/types\/post"}],"author":[{"embeddable":true,"href":"https:\/\/comision20dediciembrede1989.org.pa\/index.php\/wp-json\/wp\/v2\/users\/6"}],"replies":[{"embeddable":true,"href":"https:\/\/comision20dediciembrede1989.org.pa\/index.php\/wp-json\/wp\/v2\/comments?post=3454"}],"version-history":[{"count":1,"href":"https:\/\/comision20dediciembrede1989.org.pa\/index.php\/wp-json\/wp\/v2\/posts\/3454\/revisions"}],"predecessor-version":[{"id":3455,"href":"https:\/\/comision20dediciembrede1989.org.pa\/index.php\/wp-json\/wp\/v2\/posts\/3454\/revisions\/3455"}],"wp:attachment":[{"href":"https:\/\/comision20dediciembrede1989.org.pa\/index.php\/wp-json\/wp\/v2\/media?parent=3454"}],"wp:term":[{"taxonomy":"category","embeddable":true,"href":"https:\/\/comision20dediciembrede1989.org.pa\/index.php\/wp-json\/wp\/v2\/categories?post=3454"},{"taxonomy":"post_tag","embeddable":true,"href":"https:\/\/comision20dediciembrede1989.org.pa\/index.php\/wp-json\/wp\/v2\/tags?post=3454"}],"curies":[{"name":"wp","href":"https:\/\/api.w.org\/{rel}","templated":true}]}}