{"id":3440,"date":"2023-12-19T04:23:16","date_gmt":"2023-12-19T04:23:16","guid":{"rendered":"https:\/\/comision20dediciembrede1989.org.pa\/?p=3440"},"modified":"2025-02-05T23:38:58","modified_gmt":"2025-02-05T23:38:58","slug":"los-34-anos-de-la-invasion-a-panama","status":"publish","type":"post","link":"https:\/\/comision20dediciembrede1989.org.pa\/index.php\/2023\/12\/19\/los-34-anos-de-la-invasion-a-panama\/","title":{"rendered":"Los 34 a\u00f1os de la invasi\u00f3n a Panam\u00e1"},"content":{"rendered":"<p class=\"p_0\">Cientos de personas caminaban las calles de la principal v\u00eda c\u00e9ntrica de la ciudad de Panam\u00e1, como lo era la Avenida Central, donde diversos centros comerciales hac\u00edan verdaderas ventas, frente a una situaci\u00f3n econ\u00f3mica que repercut\u00eda a los paname\u00f1os de todas las clases y sectores del pa\u00eds. Sin embargo, dentro de la entidad castrense, los rumores de una posible invasi\u00f3n estadounidense para llevarse a Noriega eran muy cercanos.<\/p>\n<p class=\"p_1\">Elementos de alta jerarqu\u00eda internos allegados a [Manuel Antonio]<\/p>\n<p class=\"p_2\">Noriega conoc\u00edan de los planes sobre una posible invasi\u00f3n, sin embargo, el pueblo paname\u00f1o desconoc\u00eda el verdadero genocidio inhumano que los estadounidenses cometer\u00edan contra un pueblo indefenso que solamente buscaba celebrar sus fiestas de navidad y fin de a\u00f1o.<\/p>\n<p class=\"p_3\">Los hechos acaecidos hace 34 a\u00f1os nos demuestran que es necesario amar m\u00e1s a nuestra naci\u00f3n donde fluya el respeto, la tolerancia, la igualdad y la justicia. De esa forma, los paname\u00f1os aprender\u00e1n a valorar lo bueno que heredamos de nuestras generaciones.<\/p>\n<p class=\"p_4\">No debemos vivir en el pasado ni olvidarlo, pero s\u00ed debemos perdonar y mirar que hay un futuro mejor por nuestra naci\u00f3n. Los j\u00f3venes que dieron sus vidas en 1959 y 1964 lo hicieron con orgullo, con respeto, con dignidad.<\/p>\n<p class=\"p_5\">Pensaron que alg\u00fan d\u00eda Panam\u00e1 ser\u00eda una gran naci\u00f3n con verdadero sentido patri\u00f3tico. Ojal\u00e1 que los j\u00f3venes paname\u00f1os valoren ese gran esfuerzo de aquellos j\u00f3venes que deseaban lo mejor por Panam\u00e1. Esta fecha debe ser ejemplo de que no deseamos mas otra invasi\u00f3n.<\/p>\n<p>Fuente: <a href=\"https:\/\/www.metrolibre.com\/opinion\/los-34-anos-de-la-invasion-a-panama-YE5644177\">Metro Libre<\/a><\/p>\n","protected":false},"excerpt":{"rendered":"<p>Cientos de personas caminaban las calles de la principal v\u00eda c\u00e9ntrica de la ciudad de Panam\u00e1, como lo era la Avenida Central, donde diversos centros comerciales hac\u00edan verdaderas ventas, frente a una situaci\u00f3n econ\u00f3mica que repercut\u00eda a los paname\u00f1os de todas las clases y sectores del pa\u00eds. Sin embargo, dentro de la entidad castrense, los rumores de una posible invasi\u00f3n estadounidense para llevarse a Noriega eran muy cercanos. Elementos de alta jerarqu\u00eda internos allegados a [Manuel Antonio] Noriega conoc\u00edan de los planes sobre una posible invasi\u00f3n, sin embargo, el pueblo paname\u00f1o desconoc\u00eda el verdadero genocidio inhumano que los estadounidenses cometer\u00edan contra un pueblo indefenso que solamente buscaba celebrar sus fiestas de navidad y fin de a\u00f1o. Los hechos acaecidos hace 34 a\u00f1os nos demuestran que es necesario amar m\u00e1s a nuestra naci\u00f3n donde fluya el respeto, la tolerancia, la igualdad y la justicia. De esa forma, los paname\u00f1os aprender\u00e1n a valorar lo bueno que heredamos de nuestras generaciones. No debemos vivir en el pasado ni olvidarlo, pero s\u00ed debemos perdonar y mirar que hay un futuro mejor por nuestra naci\u00f3n. Los j\u00f3venes que dieron sus vidas en 1959 y 1964 lo hicieron con orgullo, con respeto, con dignidad. Pensaron que alg\u00fan d\u00eda Panam\u00e1 ser\u00eda una gran naci\u00f3n con verdadero sentido patri\u00f3tico. Ojal\u00e1 que los j\u00f3venes paname\u00f1os valoren ese gran esfuerzo de aquellos j\u00f3venes que deseaban lo mejor por Panam\u00e1. Esta fecha debe ser ejemplo de que no deseamos mas otra invasi\u00f3n. Fuente: Metro Libre<\/p>\n","protected":false},"author":6,"featured_media":0,"comment_status":"closed","ping_status":"closed","sticky":false,"template":"","format":"standard","meta":{"footnotes":""},"categories":[103,91],"tags":[],"class_list":["post-3440","post","type-post","status-publish","format-standard","hentry","category-12-2023","category-91"],"yoast_head":"<!-- This site is optimized with the Yoast SEO plugin v27.5 - https:\/\/yoast.com\/product\/yoast-seo-wordpress\/ -->\n<title>Los 34 a\u00f1os de la invasi\u00f3n a Panam\u00e1<\/title>\n<meta name=\"robots\" content=\"index, follow, max-snippet:-1, max-image-preview:large, max-video-preview:-1\" \/>\n<link rel=\"canonical\" href=\"https:\/\/comision20dediciembrede1989.org.pa\/index.php\/2023\/12\/19\/los-34-anos-de-la-invasion-a-panama\/\" \/>\n<meta property=\"og:locale\" content=\"es_ES\" \/>\n<meta property=\"og:type\" content=\"article\" \/>\n<meta property=\"og:title\" content=\"Los 34 a\u00f1os de la invasi\u00f3n a Panam\u00e1\" \/>\n<meta property=\"og:description\" content=\"Cientos de personas caminaban las calles de la principal v\u00eda c\u00e9ntrica de la ciudad de Panam\u00e1, como lo era la Avenida Central, donde diversos centros comerciales hac\u00edan verdaderas ventas, frente a una situaci\u00f3n econ\u00f3mica que repercut\u00eda a los paname\u00f1os de todas las clases y sectores del pa\u00eds. Sin embargo, dentro de la entidad castrense, los rumores de una posible invasi\u00f3n estadounidense para llevarse a Noriega eran muy cercanos. Elementos de alta jerarqu\u00eda internos allegados a [Manuel Antonio] Noriega conoc\u00edan de los planes sobre una posible invasi\u00f3n, sin embargo, el pueblo paname\u00f1o desconoc\u00eda el verdadero genocidio inhumano que los estadounidenses cometer\u00edan contra un pueblo indefenso que solamente buscaba celebrar sus fiestas de navidad y fin de a\u00f1o. Los hechos acaecidos hace 34 a\u00f1os nos demuestran que es necesario amar m\u00e1s a nuestra naci\u00f3n donde fluya el respeto, la tolerancia, la igualdad y la justicia. De esa forma, los paname\u00f1os aprender\u00e1n a valorar lo bueno que heredamos de nuestras generaciones. No debemos vivir en el pasado ni olvidarlo, pero s\u00ed debemos perdonar y mirar que hay un futuro mejor por nuestra naci\u00f3n. Los j\u00f3venes que dieron sus vidas en 1959 y 1964 lo hicieron con orgullo, con respeto, con dignidad. Pensaron que alg\u00fan d\u00eda Panam\u00e1 ser\u00eda una gran naci\u00f3n con verdadero sentido patri\u00f3tico. Ojal\u00e1 que los j\u00f3venes paname\u00f1os valoren ese gran esfuerzo de aquellos j\u00f3venes que deseaban lo mejor por Panam\u00e1. Esta fecha debe ser ejemplo de que no deseamos mas otra invasi\u00f3n. Fuente: Metro Libre\" \/>\n<meta property=\"og:url\" content=\"https:\/\/comision20dediciembrede1989.org.pa\/index.php\/2023\/12\/19\/los-34-anos-de-la-invasion-a-panama\/\" \/>\n<meta property=\"og:site_name\" content=\"Comision 20 de diciembre\" \/>\n<meta property=\"article:published_time\" content=\"2023-12-19T04:23:16+00:00\" \/>\n<meta property=\"article:modified_time\" content=\"2025-02-05T23:38:58+00:00\" \/>\n<meta name=\"author\" content=\"a dg\" \/>\n<meta name=\"twitter:card\" content=\"summary_large_image\" \/>\n<meta name=\"twitter:label1\" content=\"Escrito por\" \/>\n\t<meta name=\"twitter:data1\" content=\"a dg\" \/>\n\t<meta name=\"twitter:label2\" content=\"Tiempo de lectura\" \/>\n\t<meta name=\"twitter:data2\" content=\"2 minutos\" \/>\n<script type=\"application\/ld+json\" class=\"yoast-schema-graph\">{\"@context\":\"https:\\\/\\\/schema.org\",\"@graph\":[{\"@type\":\"Article\",\"@id\":\"https:\\\/\\\/comision20dediciembrede1989.org.pa\\\/index.php\\\/2023\\\/12\\\/19\\\/los-34-anos-de-la-invasion-a-panama\\\/#article\",\"isPartOf\":{\"@id\":\"https:\\\/\\\/comision20dediciembrede1989.org.pa\\\/index.php\\\/2023\\\/12\\\/19\\\/los-34-anos-de-la-invasion-a-panama\\\/\"},\"author\":{\"name\":\"a dg\",\"@id\":\"https:\\\/\\\/comision20dediciembrede1989.org.pa\\\/#\\\/schema\\\/person\\\/2627c63c9634ca580036064042ce2c25\"},\"headline\":\"Los 34 a\u00f1os de la invasi\u00f3n a Panam\u00e1\",\"datePublished\":\"2023-12-19T04:23:16+00:00\",\"dateModified\":\"2025-02-05T23:38:58+00:00\",\"mainEntityOfPage\":{\"@id\":\"https:\\\/\\\/comision20dediciembrede1989.org.pa\\\/index.php\\\/2023\\\/12\\\/19\\\/los-34-anos-de-la-invasion-a-panama\\\/\"},\"wordCount\":282,\"articleSection\":[\"12-2023\",\"2023\"],\"inLanguage\":\"es\"},{\"@type\":\"WebPage\",\"@id\":\"https:\\\/\\\/comision20dediciembrede1989.org.pa\\\/index.php\\\/2023\\\/12\\\/19\\\/los-34-anos-de-la-invasion-a-panama\\\/\",\"url\":\"https:\\\/\\\/comision20dediciembrede1989.org.pa\\\/index.php\\\/2023\\\/12\\\/19\\\/los-34-anos-de-la-invasion-a-panama\\\/\",\"name\":\"Los 34 a\u00f1os de la invasi\u00f3n a Panam\u00e1\",\"isPartOf\":{\"@id\":\"https:\\\/\\\/comision20dediciembrede1989.org.pa\\\/#website\"},\"datePublished\":\"2023-12-19T04:23:16+00:00\",\"dateModified\":\"2025-02-05T23:38:58+00:00\",\"author\":{\"@id\":\"https:\\\/\\\/comision20dediciembrede1989.org.pa\\\/#\\\/schema\\\/person\\\/2627c63c9634ca580036064042ce2c25\"},\"breadcrumb\":{\"@id\":\"https:\\\/\\\/comision20dediciembrede1989.org.pa\\\/index.php\\\/2023\\\/12\\\/19\\\/los-34-anos-de-la-invasion-a-panama\\\/#breadcrumb\"},\"inLanguage\":\"es\",\"potentialAction\":[{\"@type\":\"ReadAction\",\"target\":[\"https:\\\/\\\/comision20dediciembrede1989.org.pa\\\/index.php\\\/2023\\\/12\\\/19\\\/los-34-anos-de-la-invasion-a-panama\\\/\"]}]},{\"@type\":\"BreadcrumbList\",\"@id\":\"https:\\\/\\\/comision20dediciembrede1989.org.pa\\\/index.php\\\/2023\\\/12\\\/19\\\/los-34-anos-de-la-invasion-a-panama\\\/#breadcrumb\",\"itemListElement\":[{\"@type\":\"ListItem\",\"position\":1,\"name\":\"Portada\",\"item\":\"https:\\\/\\\/comision20dediciembrede1989.org.pa\\\/\"},{\"@type\":\"ListItem\",\"position\":2,\"name\":\"Los 34 a\u00f1os de la invasi\u00f3n a Panam\u00e1\"}]},{\"@type\":\"WebSite\",\"@id\":\"https:\\\/\\\/comision20dediciembrede1989.org.pa\\\/#website\",\"url\":\"https:\\\/\\\/comision20dediciembrede1989.org.pa\\\/\",\"name\":\"Comision 20 de diciembre\",\"description\":\"Por la Verdad, la Memoria y la Justicia\",\"potentialAction\":[{\"@type\":\"SearchAction\",\"target\":{\"@type\":\"EntryPoint\",\"urlTemplate\":\"https:\\\/\\\/comision20dediciembrede1989.org.pa\\\/?s={search_term_string}\"},\"query-input\":{\"@type\":\"PropertyValueSpecification\",\"valueRequired\":true,\"valueName\":\"search_term_string\"}}],\"inLanguage\":\"es\"},{\"@type\":\"Person\",\"@id\":\"https:\\\/\\\/comision20dediciembrede1989.org.pa\\\/#\\\/schema\\\/person\\\/2627c63c9634ca580036064042ce2c25\",\"name\":\"a dg\",\"url\":\"https:\\\/\\\/comision20dediciembrede1989.org.pa\\\/index.php\\\/author\\\/admina\\\/\"}]}<\/script>\n<!-- \/ Yoast SEO plugin. -->","yoast_head_json":{"title":"Los 34 a\u00f1os de la invasi\u00f3n a Panam\u00e1","robots":{"index":"index","follow":"follow","max-snippet":"max-snippet:-1","max-image-preview":"max-image-preview:large","max-video-preview":"max-video-preview:-1"},"canonical":"https:\/\/comision20dediciembrede1989.org.pa\/index.php\/2023\/12\/19\/los-34-anos-de-la-invasion-a-panama\/","og_locale":"es_ES","og_type":"article","og_title":"Los 34 a\u00f1os de la invasi\u00f3n a Panam\u00e1","og_description":"Cientos de personas caminaban las calles de la principal v\u00eda c\u00e9ntrica de la ciudad de Panam\u00e1, como lo era la Avenida Central, donde diversos centros comerciales hac\u00edan verdaderas ventas, frente a una situaci\u00f3n econ\u00f3mica que repercut\u00eda a los paname\u00f1os de todas las clases y sectores del pa\u00eds. Sin embargo, dentro de la entidad castrense, los rumores de una posible invasi\u00f3n estadounidense para llevarse a Noriega eran muy cercanos. Elementos de alta jerarqu\u00eda internos allegados a [Manuel Antonio] Noriega conoc\u00edan de los planes sobre una posible invasi\u00f3n, sin embargo, el pueblo paname\u00f1o desconoc\u00eda el verdadero genocidio inhumano que los estadounidenses cometer\u00edan contra un pueblo indefenso que solamente buscaba celebrar sus fiestas de navidad y fin de a\u00f1o. Los hechos acaecidos hace 34 a\u00f1os nos demuestran que es necesario amar m\u00e1s a nuestra naci\u00f3n donde fluya el respeto, la tolerancia, la igualdad y la justicia. De esa forma, los paname\u00f1os aprender\u00e1n a valorar lo bueno que heredamos de nuestras generaciones. No debemos vivir en el pasado ni olvidarlo, pero s\u00ed debemos perdonar y mirar que hay un futuro mejor por nuestra naci\u00f3n. Los j\u00f3venes que dieron sus vidas en 1959 y 1964 lo hicieron con orgullo, con respeto, con dignidad. Pensaron que alg\u00fan d\u00eda Panam\u00e1 ser\u00eda una gran naci\u00f3n con verdadero sentido patri\u00f3tico. Ojal\u00e1 que los j\u00f3venes paname\u00f1os valoren ese gran esfuerzo de aquellos j\u00f3venes que deseaban lo mejor por Panam\u00e1. Esta fecha debe ser ejemplo de que no deseamos mas otra invasi\u00f3n. Fuente: Metro Libre","og_url":"https:\/\/comision20dediciembrede1989.org.pa\/index.php\/2023\/12\/19\/los-34-anos-de-la-invasion-a-panama\/","og_site_name":"Comision 20 de diciembre","article_published_time":"2023-12-19T04:23:16+00:00","article_modified_time":"2025-02-05T23:38:58+00:00","author":"a dg","twitter_card":"summary_large_image","twitter_misc":{"Escrito por":"a dg","Tiempo de lectura":"2 minutos"},"schema":{"@context":"https:\/\/schema.org","@graph":[{"@type":"Article","@id":"https:\/\/comision20dediciembrede1989.org.pa\/index.php\/2023\/12\/19\/los-34-anos-de-la-invasion-a-panama\/#article","isPartOf":{"@id":"https:\/\/comision20dediciembrede1989.org.pa\/index.php\/2023\/12\/19\/los-34-anos-de-la-invasion-a-panama\/"},"author":{"name":"a dg","@id":"https:\/\/comision20dediciembrede1989.org.pa\/#\/schema\/person\/2627c63c9634ca580036064042ce2c25"},"headline":"Los 34 a\u00f1os de la invasi\u00f3n a Panam\u00e1","datePublished":"2023-12-19T04:23:16+00:00","dateModified":"2025-02-05T23:38:58+00:00","mainEntityOfPage":{"@id":"https:\/\/comision20dediciembrede1989.org.pa\/index.php\/2023\/12\/19\/los-34-anos-de-la-invasion-a-panama\/"},"wordCount":282,"articleSection":["12-2023","2023"],"inLanguage":"es"},{"@type":"WebPage","@id":"https:\/\/comision20dediciembrede1989.org.pa\/index.php\/2023\/12\/19\/los-34-anos-de-la-invasion-a-panama\/","url":"https:\/\/comision20dediciembrede1989.org.pa\/index.php\/2023\/12\/19\/los-34-anos-de-la-invasion-a-panama\/","name":"Los 34 a\u00f1os de la invasi\u00f3n a Panam\u00e1","isPartOf":{"@id":"https:\/\/comision20dediciembrede1989.org.pa\/#website"},"datePublished":"2023-12-19T04:23:16+00:00","dateModified":"2025-02-05T23:38:58+00:00","author":{"@id":"https:\/\/comision20dediciembrede1989.org.pa\/#\/schema\/person\/2627c63c9634ca580036064042ce2c25"},"breadcrumb":{"@id":"https:\/\/comision20dediciembrede1989.org.pa\/index.php\/2023\/12\/19\/los-34-anos-de-la-invasion-a-panama\/#breadcrumb"},"inLanguage":"es","potentialAction":[{"@type":"ReadAction","target":["https:\/\/comision20dediciembrede1989.org.pa\/index.php\/2023\/12\/19\/los-34-anos-de-la-invasion-a-panama\/"]}]},{"@type":"BreadcrumbList","@id":"https:\/\/comision20dediciembrede1989.org.pa\/index.php\/2023\/12\/19\/los-34-anos-de-la-invasion-a-panama\/#breadcrumb","itemListElement":[{"@type":"ListItem","position":1,"name":"Portada","item":"https:\/\/comision20dediciembrede1989.org.pa\/"},{"@type":"ListItem","position":2,"name":"Los 34 a\u00f1os de la invasi\u00f3n a Panam\u00e1"}]},{"@type":"WebSite","@id":"https:\/\/comision20dediciembrede1989.org.pa\/#website","url":"https:\/\/comision20dediciembrede1989.org.pa\/","name":"Comision 20 de diciembre","description":"Por la Verdad, la Memoria y la Justicia","potentialAction":[{"@type":"SearchAction","target":{"@type":"EntryPoint","urlTemplate":"https:\/\/comision20dediciembrede1989.org.pa\/?s={search_term_string}"},"query-input":{"@type":"PropertyValueSpecification","valueRequired":true,"valueName":"search_term_string"}}],"inLanguage":"es"},{"@type":"Person","@id":"https:\/\/comision20dediciembrede1989.org.pa\/#\/schema\/person\/2627c63c9634ca580036064042ce2c25","name":"a dg","url":"https:\/\/comision20dediciembrede1989.org.pa\/index.php\/author\/admina\/"}]}},"_links":{"self":[{"href":"https:\/\/comision20dediciembrede1989.org.pa\/index.php\/wp-json\/wp\/v2\/posts\/3440","targetHints":{"allow":["GET"]}}],"collection":[{"href":"https:\/\/comision20dediciembrede1989.org.pa\/index.php\/wp-json\/wp\/v2\/posts"}],"about":[{"href":"https:\/\/comision20dediciembrede1989.org.pa\/index.php\/wp-json\/wp\/v2\/types\/post"}],"author":[{"embeddable":true,"href":"https:\/\/comision20dediciembrede1989.org.pa\/index.php\/wp-json\/wp\/v2\/users\/6"}],"replies":[{"embeddable":true,"href":"https:\/\/comision20dediciembrede1989.org.pa\/index.php\/wp-json\/wp\/v2\/comments?post=3440"}],"version-history":[{"count":1,"href":"https:\/\/comision20dediciembrede1989.org.pa\/index.php\/wp-json\/wp\/v2\/posts\/3440\/revisions"}],"predecessor-version":[{"id":3441,"href":"https:\/\/comision20dediciembrede1989.org.pa\/index.php\/wp-json\/wp\/v2\/posts\/3440\/revisions\/3441"}],"wp:attachment":[{"href":"https:\/\/comision20dediciembrede1989.org.pa\/index.php\/wp-json\/wp\/v2\/media?parent=3440"}],"wp:term":[{"taxonomy":"category","embeddable":true,"href":"https:\/\/comision20dediciembrede1989.org.pa\/index.php\/wp-json\/wp\/v2\/categories?post=3440"},{"taxonomy":"post_tag","embeddable":true,"href":"https:\/\/comision20dediciembrede1989.org.pa\/index.php\/wp-json\/wp\/v2\/tags?post=3440"}],"curies":[{"name":"wp","href":"https:\/\/api.w.org\/{rel}","templated":true}]}}