{"id":3436,"date":"2023-12-20T02:39:20","date_gmt":"2023-12-20T02:39:20","guid":{"rendered":"https:\/\/comision20dediciembrede1989.org.pa\/?p=3436"},"modified":"2024-01-18T02:40:52","modified_gmt":"2024-01-18T02:40:52","slug":"hoy-es-dia-de-duelo-nacional-en-panama-al-conmemorar-34-anos-de-la-invasion-estadounidense-a-pais-con-el-nombre-de-la-operacion-militar-just-cause","status":"publish","type":"post","link":"https:\/\/comision20dediciembrede1989.org.pa\/index.php\/2023\/12\/20\/hoy-es-dia-de-duelo-nacional-en-panama-al-conmemorar-34-anos-de-la-invasion-estadounidense-a-pais-con-el-nombre-de-la-operacion-militar-just-cause\/","title":{"rendered":"Hoy es d\u00eda de duelo nacional en Panam\u00e1 al conmemorar 34 a\u00f1os de la invasi\u00f3n estadounidense a pa\u00eds con el nombre de la operaci\u00f3n militar \u00abJust Cause\u00bb."},"content":{"rendered":"<p>Hoy es d\u00eda de duelo nacional en Panam\u00e1 al conmemorar 34 a\u00f1os de la invasi\u00f3n estadounidense a pa\u00eds con el nombre de la operaci\u00f3n militar \u00abJust Cause\u00bb.<\/p>\n<p>El dictador Noriega y quien fuera agente de la CIA hab\u00eda servido a los intereses norteamericanos y causado da\u00f1o y muerte a muchos paname\u00f1os. Durante la invasi\u00f3n, El Pent\u00e1gono aprovech\u00f3 estrenar equipo militar en el Istmo de Panam\u00e1. Miles de civiles muertos, heridos y afectados durante los ataques.<\/p>\n<p>Fuente: <a href=\"https:\/\/pravda-es.com\/world\/2023\/12\/20\/83351.html\" target=\"_blank\" rel=\"noopener\">Pravda<\/a><\/p>\n","protected":false},"excerpt":{"rendered":"<p>Hoy es d\u00eda de duelo nacional en Panam\u00e1 al conmemorar 34 a\u00f1os de la invasi\u00f3n estadounidense a pa\u00eds con el nombre de la operaci\u00f3n militar \u00abJust Cause\u00bb. El dictador Noriega y quien fuera agente de la CIA hab\u00eda servido a los intereses norteamericanos y causado da\u00f1o y muerte a muchos paname\u00f1os. Durante la invasi\u00f3n, El Pent\u00e1gono aprovech\u00f3 estrenar equipo militar en el Istmo de Panam\u00e1. Miles de civiles muertos, heridos y afectados durante los ataques. Fuente: Pravda<\/p>\n","protected":false},"author":7,"featured_media":0,"comment_status":"closed","ping_status":"closed","sticky":false,"template":"","format":"standard","meta":{"footnotes":""},"categories":[103,91],"tags":[],"class_list":["post-3436","post","type-post","status-publish","format-standard","hentry","category-12-2023","category-91"],"yoast_head":"<!-- This site is optimized with the Yoast SEO plugin v27.4 - https:\/\/yoast.com\/product\/yoast-seo-wordpress\/ -->\n<title>Hoy es d\u00eda de duelo nacional en Panam\u00e1 al conmemorar 34 a\u00f1os<\/title>\n<meta name=\"robots\" content=\"index, follow, max-snippet:-1, max-image-preview:large, max-video-preview:-1\" \/>\n<link rel=\"canonical\" href=\"https:\/\/comision20dediciembrede1989.org.pa\/index.php\/2023\/12\/20\/hoy-es-dia-de-duelo-nacional-en-panama-al-conmemorar-34-anos-de-la-invasion-estadounidense-a-pais-con-el-nombre-de-la-operacion-militar-just-cause\/\" \/>\n<meta property=\"og:locale\" content=\"es_ES\" \/>\n<meta property=\"og:type\" content=\"article\" \/>\n<meta property=\"og:title\" content=\"Hoy es d\u00eda de duelo nacional en Panam\u00e1 al conmemorar 34 a\u00f1os\" \/>\n<meta property=\"og:description\" content=\"Hoy es d\u00eda de duelo nacional en Panam\u00e1 al conmemorar 34 a\u00f1os de la invasi\u00f3n estadounidense a pa\u00eds con el nombre de la operaci\u00f3n militar \u00abJust Cause\u00bb. El dictador Noriega y quien fuera agente de la CIA hab\u00eda servido a los intereses norteamericanos y causado da\u00f1o y muerte a muchos paname\u00f1os. Durante la invasi\u00f3n, El Pent\u00e1gono aprovech\u00f3 estrenar equipo militar en el Istmo de Panam\u00e1. Miles de civiles muertos, heridos y afectados durante los ataques. Fuente: Pravda\" \/>\n<meta property=\"og:url\" content=\"https:\/\/comision20dediciembrede1989.org.pa\/index.php\/2023\/12\/20\/hoy-es-dia-de-duelo-nacional-en-panama-al-conmemorar-34-anos-de-la-invasion-estadounidense-a-pais-con-el-nombre-de-la-operacion-militar-just-cause\/\" \/>\n<meta property=\"og:site_name\" content=\"Comision 20 de diciembre\" \/>\n<meta property=\"article:published_time\" content=\"2023-12-20T02:39:20+00:00\" \/>\n<meta property=\"article:modified_time\" content=\"2024-01-18T02:40:52+00:00\" \/>\n<meta name=\"author\" content=\"MFadmin\" \/>\n<meta name=\"twitter:card\" content=\"summary_large_image\" \/>\n<meta name=\"twitter:label1\" content=\"Escrito por\" \/>\n\t<meta name=\"twitter:data1\" content=\"MFadmin\" \/>\n\t<meta name=\"twitter:label2\" content=\"Tiempo de lectura\" \/>\n\t<meta name=\"twitter:data2\" content=\"1 minuto\" \/>\n<script type=\"application\/ld+json\" class=\"yoast-schema-graph\">{\"@context\":\"https:\\\/\\\/schema.org\",\"@graph\":[{\"@type\":\"Article\",\"@id\":\"https:\\\/\\\/comision20dediciembrede1989.org.pa\\\/index.php\\\/2023\\\/12\\\/20\\\/hoy-es-dia-de-duelo-nacional-en-panama-al-conmemorar-34-anos-de-la-invasion-estadounidense-a-pais-con-el-nombre-de-la-operacion-militar-just-cause\\\/#article\",\"isPartOf\":{\"@id\":\"https:\\\/\\\/comision20dediciembrede1989.org.pa\\\/index.php\\\/2023\\\/12\\\/20\\\/hoy-es-dia-de-duelo-nacional-en-panama-al-conmemorar-34-anos-de-la-invasion-estadounidense-a-pais-con-el-nombre-de-la-operacion-militar-just-cause\\\/\"},\"author\":{\"name\":\"MFadmin\",\"@id\":\"https:\\\/\\\/comision20dediciembrede1989.org.pa\\\/#\\\/schema\\\/person\\\/0fea7be82c37e17f1362e93ba4ef2c6c\"},\"headline\":\"Hoy es d\u00eda de duelo nacional en Panam\u00e1 al conmemorar 34 a\u00f1os de la invasi\u00f3n estadounidense a pa\u00eds con el nombre de la operaci\u00f3n militar \u00abJust Cause\u00bb.\",\"datePublished\":\"2023-12-20T02:39:20+00:00\",\"dateModified\":\"2024-01-18T02:40:52+00:00\",\"mainEntityOfPage\":{\"@id\":\"https:\\\/\\\/comision20dediciembrede1989.org.pa\\\/index.php\\\/2023\\\/12\\\/20\\\/hoy-es-dia-de-duelo-nacional-en-panama-al-conmemorar-34-anos-de-la-invasion-estadounidense-a-pais-con-el-nombre-de-la-operacion-militar-just-cause\\\/\"},\"wordCount\":117,\"articleSection\":[\"12-2023\",\"2023\"],\"inLanguage\":\"es\"},{\"@type\":\"WebPage\",\"@id\":\"https:\\\/\\\/comision20dediciembrede1989.org.pa\\\/index.php\\\/2023\\\/12\\\/20\\\/hoy-es-dia-de-duelo-nacional-en-panama-al-conmemorar-34-anos-de-la-invasion-estadounidense-a-pais-con-el-nombre-de-la-operacion-militar-just-cause\\\/\",\"url\":\"https:\\\/\\\/comision20dediciembrede1989.org.pa\\\/index.php\\\/2023\\\/12\\\/20\\\/hoy-es-dia-de-duelo-nacional-en-panama-al-conmemorar-34-anos-de-la-invasion-estadounidense-a-pais-con-el-nombre-de-la-operacion-militar-just-cause\\\/\",\"name\":\"Hoy es d\u00eda de duelo nacional en Panam\u00e1 al conmemorar 34 a\u00f1os\",\"isPartOf\":{\"@id\":\"https:\\\/\\\/comision20dediciembrede1989.org.pa\\\/#website\"},\"datePublished\":\"2023-12-20T02:39:20+00:00\",\"dateModified\":\"2024-01-18T02:40:52+00:00\",\"author\":{\"@id\":\"https:\\\/\\\/comision20dediciembrede1989.org.pa\\\/#\\\/schema\\\/person\\\/0fea7be82c37e17f1362e93ba4ef2c6c\"},\"breadcrumb\":{\"@id\":\"https:\\\/\\\/comision20dediciembrede1989.org.pa\\\/index.php\\\/2023\\\/12\\\/20\\\/hoy-es-dia-de-duelo-nacional-en-panama-al-conmemorar-34-anos-de-la-invasion-estadounidense-a-pais-con-el-nombre-de-la-operacion-militar-just-cause\\\/#breadcrumb\"},\"inLanguage\":\"es\",\"potentialAction\":[{\"@type\":\"ReadAction\",\"target\":[\"https:\\\/\\\/comision20dediciembrede1989.org.pa\\\/index.php\\\/2023\\\/12\\\/20\\\/hoy-es-dia-de-duelo-nacional-en-panama-al-conmemorar-34-anos-de-la-invasion-estadounidense-a-pais-con-el-nombre-de-la-operacion-militar-just-cause\\\/\"]}]},{\"@type\":\"BreadcrumbList\",\"@id\":\"https:\\\/\\\/comision20dediciembrede1989.org.pa\\\/index.php\\\/2023\\\/12\\\/20\\\/hoy-es-dia-de-duelo-nacional-en-panama-al-conmemorar-34-anos-de-la-invasion-estadounidense-a-pais-con-el-nombre-de-la-operacion-militar-just-cause\\\/#breadcrumb\",\"itemListElement\":[{\"@type\":\"ListItem\",\"position\":1,\"name\":\"Portada\",\"item\":\"https:\\\/\\\/comision20dediciembrede1989.org.pa\\\/\"},{\"@type\":\"ListItem\",\"position\":2,\"name\":\"Hoy es d\u00eda de duelo nacional en Panam\u00e1 al conmemorar 34 a\u00f1os de la invasi\u00f3n estadounidense a pa\u00eds con el nombre de la operaci\u00f3n militar \u00abJust Cause\u00bb.\"}]},{\"@type\":\"WebSite\",\"@id\":\"https:\\\/\\\/comision20dediciembrede1989.org.pa\\\/#website\",\"url\":\"https:\\\/\\\/comision20dediciembrede1989.org.pa\\\/\",\"name\":\"Comision 20 de diciembre\",\"description\":\"Por la Verdad, la Memoria y la Justicia\",\"potentialAction\":[{\"@type\":\"SearchAction\",\"target\":{\"@type\":\"EntryPoint\",\"urlTemplate\":\"https:\\\/\\\/comision20dediciembrede1989.org.pa\\\/?s={search_term_string}\"},\"query-input\":{\"@type\":\"PropertyValueSpecification\",\"valueRequired\":true,\"valueName\":\"search_term_string\"}}],\"inLanguage\":\"es\"},{\"@type\":\"Person\",\"@id\":\"https:\\\/\\\/comision20dediciembrede1989.org.pa\\\/#\\\/schema\\\/person\\\/0fea7be82c37e17f1362e93ba4ef2c6c\",\"name\":\"MFadmin\",\"url\":\"https:\\\/\\\/comision20dediciembrede1989.org.pa\\\/index.php\\\/author\\\/mfadmin\\\/\"}]}<\/script>\n<!-- \/ Yoast SEO plugin. -->","yoast_head_json":{"title":"Hoy es d\u00eda de duelo nacional en Panam\u00e1 al conmemorar 34 a\u00f1os","robots":{"index":"index","follow":"follow","max-snippet":"max-snippet:-1","max-image-preview":"max-image-preview:large","max-video-preview":"max-video-preview:-1"},"canonical":"https:\/\/comision20dediciembrede1989.org.pa\/index.php\/2023\/12\/20\/hoy-es-dia-de-duelo-nacional-en-panama-al-conmemorar-34-anos-de-la-invasion-estadounidense-a-pais-con-el-nombre-de-la-operacion-militar-just-cause\/","og_locale":"es_ES","og_type":"article","og_title":"Hoy es d\u00eda de duelo nacional en Panam\u00e1 al conmemorar 34 a\u00f1os","og_description":"Hoy es d\u00eda de duelo nacional en Panam\u00e1 al conmemorar 34 a\u00f1os de la invasi\u00f3n estadounidense a pa\u00eds con el nombre de la operaci\u00f3n militar \u00abJust Cause\u00bb. El dictador Noriega y quien fuera agente de la CIA hab\u00eda servido a los intereses norteamericanos y causado da\u00f1o y muerte a muchos paname\u00f1os. Durante la invasi\u00f3n, El Pent\u00e1gono aprovech\u00f3 estrenar equipo militar en el Istmo de Panam\u00e1. Miles de civiles muertos, heridos y afectados durante los ataques. Fuente: Pravda","og_url":"https:\/\/comision20dediciembrede1989.org.pa\/index.php\/2023\/12\/20\/hoy-es-dia-de-duelo-nacional-en-panama-al-conmemorar-34-anos-de-la-invasion-estadounidense-a-pais-con-el-nombre-de-la-operacion-militar-just-cause\/","og_site_name":"Comision 20 de diciembre","article_published_time":"2023-12-20T02:39:20+00:00","article_modified_time":"2024-01-18T02:40:52+00:00","author":"MFadmin","twitter_card":"summary_large_image","twitter_misc":{"Escrito por":"MFadmin","Tiempo de lectura":"1 minuto"},"schema":{"@context":"https:\/\/schema.org","@graph":[{"@type":"Article","@id":"https:\/\/comision20dediciembrede1989.org.pa\/index.php\/2023\/12\/20\/hoy-es-dia-de-duelo-nacional-en-panama-al-conmemorar-34-anos-de-la-invasion-estadounidense-a-pais-con-el-nombre-de-la-operacion-militar-just-cause\/#article","isPartOf":{"@id":"https:\/\/comision20dediciembrede1989.org.pa\/index.php\/2023\/12\/20\/hoy-es-dia-de-duelo-nacional-en-panama-al-conmemorar-34-anos-de-la-invasion-estadounidense-a-pais-con-el-nombre-de-la-operacion-militar-just-cause\/"},"author":{"name":"MFadmin","@id":"https:\/\/comision20dediciembrede1989.org.pa\/#\/schema\/person\/0fea7be82c37e17f1362e93ba4ef2c6c"},"headline":"Hoy es d\u00eda de duelo nacional en Panam\u00e1 al conmemorar 34 a\u00f1os de la invasi\u00f3n estadounidense a pa\u00eds con el nombre de la operaci\u00f3n militar \u00abJust Cause\u00bb.","datePublished":"2023-12-20T02:39:20+00:00","dateModified":"2024-01-18T02:40:52+00:00","mainEntityOfPage":{"@id":"https:\/\/comision20dediciembrede1989.org.pa\/index.php\/2023\/12\/20\/hoy-es-dia-de-duelo-nacional-en-panama-al-conmemorar-34-anos-de-la-invasion-estadounidense-a-pais-con-el-nombre-de-la-operacion-militar-just-cause\/"},"wordCount":117,"articleSection":["12-2023","2023"],"inLanguage":"es"},{"@type":"WebPage","@id":"https:\/\/comision20dediciembrede1989.org.pa\/index.php\/2023\/12\/20\/hoy-es-dia-de-duelo-nacional-en-panama-al-conmemorar-34-anos-de-la-invasion-estadounidense-a-pais-con-el-nombre-de-la-operacion-militar-just-cause\/","url":"https:\/\/comision20dediciembrede1989.org.pa\/index.php\/2023\/12\/20\/hoy-es-dia-de-duelo-nacional-en-panama-al-conmemorar-34-anos-de-la-invasion-estadounidense-a-pais-con-el-nombre-de-la-operacion-militar-just-cause\/","name":"Hoy es d\u00eda de duelo nacional en Panam\u00e1 al conmemorar 34 a\u00f1os","isPartOf":{"@id":"https:\/\/comision20dediciembrede1989.org.pa\/#website"},"datePublished":"2023-12-20T02:39:20+00:00","dateModified":"2024-01-18T02:40:52+00:00","author":{"@id":"https:\/\/comision20dediciembrede1989.org.pa\/#\/schema\/person\/0fea7be82c37e17f1362e93ba4ef2c6c"},"breadcrumb":{"@id":"https:\/\/comision20dediciembrede1989.org.pa\/index.php\/2023\/12\/20\/hoy-es-dia-de-duelo-nacional-en-panama-al-conmemorar-34-anos-de-la-invasion-estadounidense-a-pais-con-el-nombre-de-la-operacion-militar-just-cause\/#breadcrumb"},"inLanguage":"es","potentialAction":[{"@type":"ReadAction","target":["https:\/\/comision20dediciembrede1989.org.pa\/index.php\/2023\/12\/20\/hoy-es-dia-de-duelo-nacional-en-panama-al-conmemorar-34-anos-de-la-invasion-estadounidense-a-pais-con-el-nombre-de-la-operacion-militar-just-cause\/"]}]},{"@type":"BreadcrumbList","@id":"https:\/\/comision20dediciembrede1989.org.pa\/index.php\/2023\/12\/20\/hoy-es-dia-de-duelo-nacional-en-panama-al-conmemorar-34-anos-de-la-invasion-estadounidense-a-pais-con-el-nombre-de-la-operacion-militar-just-cause\/#breadcrumb","itemListElement":[{"@type":"ListItem","position":1,"name":"Portada","item":"https:\/\/comision20dediciembrede1989.org.pa\/"},{"@type":"ListItem","position":2,"name":"Hoy es d\u00eda de duelo nacional en Panam\u00e1 al conmemorar 34 a\u00f1os de la invasi\u00f3n estadounidense a pa\u00eds con el nombre de la operaci\u00f3n militar \u00abJust Cause\u00bb."}]},{"@type":"WebSite","@id":"https:\/\/comision20dediciembrede1989.org.pa\/#website","url":"https:\/\/comision20dediciembrede1989.org.pa\/","name":"Comision 20 de diciembre","description":"Por la Verdad, la Memoria y la Justicia","potentialAction":[{"@type":"SearchAction","target":{"@type":"EntryPoint","urlTemplate":"https:\/\/comision20dediciembrede1989.org.pa\/?s={search_term_string}"},"query-input":{"@type":"PropertyValueSpecification","valueRequired":true,"valueName":"search_term_string"}}],"inLanguage":"es"},{"@type":"Person","@id":"https:\/\/comision20dediciembrede1989.org.pa\/#\/schema\/person\/0fea7be82c37e17f1362e93ba4ef2c6c","name":"MFadmin","url":"https:\/\/comision20dediciembrede1989.org.pa\/index.php\/author\/mfadmin\/"}]}},"_links":{"self":[{"href":"https:\/\/comision20dediciembrede1989.org.pa\/index.php\/wp-json\/wp\/v2\/posts\/3436","targetHints":{"allow":["GET"]}}],"collection":[{"href":"https:\/\/comision20dediciembrede1989.org.pa\/index.php\/wp-json\/wp\/v2\/posts"}],"about":[{"href":"https:\/\/comision20dediciembrede1989.org.pa\/index.php\/wp-json\/wp\/v2\/types\/post"}],"author":[{"embeddable":true,"href":"https:\/\/comision20dediciembrede1989.org.pa\/index.php\/wp-json\/wp\/v2\/users\/7"}],"replies":[{"embeddable":true,"href":"https:\/\/comision20dediciembrede1989.org.pa\/index.php\/wp-json\/wp\/v2\/comments?post=3436"}],"version-history":[{"count":1,"href":"https:\/\/comision20dediciembrede1989.org.pa\/index.php\/wp-json\/wp\/v2\/posts\/3436\/revisions"}],"predecessor-version":[{"id":3437,"href":"https:\/\/comision20dediciembrede1989.org.pa\/index.php\/wp-json\/wp\/v2\/posts\/3436\/revisions\/3437"}],"wp:attachment":[{"href":"https:\/\/comision20dediciembrede1989.org.pa\/index.php\/wp-json\/wp\/v2\/media?parent=3436"}],"wp:term":[{"taxonomy":"category","embeddable":true,"href":"https:\/\/comision20dediciembrede1989.org.pa\/index.php\/wp-json\/wp\/v2\/categories?post=3436"},{"taxonomy":"post_tag","embeddable":true,"href":"https:\/\/comision20dediciembrede1989.org.pa\/index.php\/wp-json\/wp\/v2\/tags?post=3436"}],"curies":[{"name":"wp","href":"https:\/\/api.w.org\/{rel}","templated":true}]}}