{"id":3398,"date":"2023-12-20T01:48:43","date_gmt":"2023-12-20T01:48:43","guid":{"rendered":"https:\/\/comision20dediciembrede1989.org.pa\/?p=3398"},"modified":"2024-01-17T01:52:07","modified_gmt":"2024-01-17T01:52:07","slug":"34-anos-de-la-invasion-estadounidense-a-panama-dia-de-duelo-nacional","status":"publish","type":"post","link":"https:\/\/comision20dediciembrede1989.org.pa\/index.php\/2023\/12\/20\/34-anos-de-la-invasion-estadounidense-a-panama-dia-de-duelo-nacional\/","title":{"rendered":"34 a\u00f1os de la invasi\u00f3n estadounidense a Panam\u00e1 D\u00eda de Duelo Nacional"},"content":{"rendered":"<header id=\"mvp-post-head\" class=\"left relative\">\n<h4 class=\"mvp-post-title entry-title\"><span style=\"font-size: 1rem;\">Hace 34 a\u00f1os Panam\u00e1 vivi\u00f3 uno de los cap\u00edtulos m\u00e1s tristes y oscuros de su historia, la invasi\u00f3n estadounidense.<\/span><\/h4>\n<\/header>\n<section id=\"mvp-content-main\" class=\"post-74 post type-post status-publish format-standard has-post-thumbnail hentry category-living tag-business tag-failure tag-featured tag-living tag-science\">\n<div id=\"tps_slideContainer_74\" class=\"theiaPostSlider_slides\">\n<div class=\"theiaPostSlider_preloadedSlide\">\n<p>La<strong>\u00a0<\/strong>invasi\u00f3n estadounidense de Panam\u00e1 de 1989, denominada en c\u00f3digo militar: Operaci\u00f3n Causa Justa (\u00a0<em>Operation Just Cause<\/em>), fue una acci\u00f3n militar del ej\u00e9rcito de Estados Unidos llevada a cabo entre el 20 de diciembre de 1989 y el 31 de enero de 1990. Se realiz\u00f3 durante la administraci\u00f3n del presidente de Estados Unidos George H. W Bush en las ciudades de Panam\u00e1 y Col\u00f3n.<\/p>\n<p>El 20 de diciembre de 1989, con la mitad de los efectivos militares usados en Vietnam, el gobierno de Bush invadi\u00f3 territorio paname\u00f1o, llenando de luto y dolor a Am\u00e9rica Latina.<\/p>\n<p>Despu\u00e9s de m\u00e1s de tres d\u00e9cadas hay heridas abiertas, donde el reclamo sigue siendo el mismo que se reconozca que no fue una \u00abCAUSA JUSTA\u00bb . No hay una cifra contundente de las personas que perdieron la vida en medio de la intervenci\u00f3n extranjera. La Comisi\u00f3n 20 de Diciembre sigue el proceso de identificaci\u00f3n de v\u00edctimas y desaparecidos, una tarea titanica.<\/p>\n<blockquote><p>Diversas fuentes indican que la invasi\u00f3n se dio en violaci\u00f3n del tratado constitutivo de las Naciones Unidas y de la Organizaci\u00f3n de Estados Americanos. El 29 de diciembre de 1989, la Asamblea General de las Naciones Unidas condenaba la intervenci\u00f3n como una\u00a0<em>flagrante violaci\u00f3n del derecho internacional<\/em>, con 75 votos a favor, 20 en contra y 40 abstenciones.<\/p><\/blockquote>\n<h4>D\u00cdA DE DUELO NACIONAL<\/h4>\n<p>La Ley 157 fue firmada en marzo de 2022, cada 20 de diciembre<strong>\u00a0<\/strong>se conmemora en Panam\u00e1 a los ca\u00eddos por la invasi\u00f3n de Estados Unidos en territorio istme\u00f1o. Este d\u00eda, declarado como d\u00eda de duelo nacional en todo el pa\u00eds, tiene como objetivo la reflexi\u00f3n y el recuerdo de los difuntos, con un d\u00eda de descanso obligatorio.<\/p>\n<p>El art\u00edculo 42 del C\u00f3digo de Trabajo establece que las empresas y establecimientos permanecer\u00e1n cerrados los domingos y d\u00edas de fiesta o duelo nacional. Sin embargo, algunos establecimientos tendr\u00e1n sus operaciones regulares debido a la naturaleza de su servicio, como farmacias, centros comerciales, hoteles y otros establecimientos de servicios p\u00fablicos.<\/p>\n<p>Fuente: <a href=\"https:\/\/www.rpcradio.com\/noticias\/nacionales\/34-anos-de-la-invasion-estadounidense-a-panama_0_8313\/\" target=\"_blank\" rel=\"noopener\">RPC<\/a><\/p>\n<\/div>\n<\/div>\n<\/section>\n","protected":false},"excerpt":{"rendered":"<p>Hace 34 a\u00f1os Panam\u00e1 vivi\u00f3 uno de los cap\u00edtulos m\u00e1s tristes y oscuros de su historia, la invasi\u00f3n estadounidense. La\u00a0invasi\u00f3n estadounidense de Panam\u00e1 de 1989, denominada en c\u00f3digo militar: Operaci\u00f3n Causa Justa (\u00a0Operation Just Cause), fue una acci\u00f3n militar del ej\u00e9rcito de Estados Unidos llevada a cabo entre el 20 de diciembre de 1989 y el 31 de enero de 1990. Se realiz\u00f3 durante la administraci\u00f3n del presidente de Estados Unidos George H. W Bush en las ciudades de Panam\u00e1 y Col\u00f3n. El 20 de diciembre de 1989, con la mitad de los efectivos militares usados en Vietnam, el gobierno de Bush invadi\u00f3 territorio paname\u00f1o, llenando de luto y dolor a Am\u00e9rica Latina. Despu\u00e9s de m\u00e1s de tres d\u00e9cadas hay heridas abiertas, donde el reclamo sigue siendo el mismo que se reconozca que no fue una \u00abCAUSA JUSTA\u00bb . No hay una cifra contundente de las personas que perdieron la vida en medio de la intervenci\u00f3n extranjera. La Comisi\u00f3n 20 de Diciembre sigue el proceso de identificaci\u00f3n de v\u00edctimas y desaparecidos, una tarea titanica. Diversas fuentes indican que la invasi\u00f3n se dio en violaci\u00f3n del tratado constitutivo de las Naciones Unidas y de la Organizaci\u00f3n de Estados Americanos. El 29 de diciembre de 1989, la Asamblea General de las Naciones Unidas condenaba la intervenci\u00f3n como una\u00a0flagrante violaci\u00f3n del derecho internacional, con 75 votos a favor, 20 en contra y 40 abstenciones. D\u00cdA DE DUELO NACIONAL La Ley 157 fue firmada en marzo de 2022, cada 20 de diciembre\u00a0se conmemora en [&hellip;]<\/p>\n","protected":false},"author":7,"featured_media":3399,"comment_status":"closed","ping_status":"closed","sticky":false,"template":"","format":"standard","meta":{"footnotes":""},"categories":[103,91],"tags":[],"class_list":["post-3398","post","type-post","status-publish","format-standard","has-post-thumbnail","hentry","category-12-2023","category-91"],"yoast_head":"<!-- This site is optimized with the Yoast SEO plugin v27.4 - https:\/\/yoast.com\/product\/yoast-seo-wordpress\/ -->\n<title>34 a\u00f1os de la invasi\u00f3n estadounidense - D\u00eda de Duelo Nacional<\/title>\n<meta name=\"description\" content=\"La\u00a0invasi\u00f3n estadounidense de Panam\u00e1 de 1989, denominada en c\u00f3digo militar: Operaci\u00f3n Causa Justa (\u00a0Operation Just Cause)\" \/>\n<meta name=\"robots\" content=\"index, follow, max-snippet:-1, max-image-preview:large, max-video-preview:-1\" \/>\n<link rel=\"canonical\" href=\"https:\/\/comision20dediciembrede1989.org.pa\/index.php\/2023\/12\/20\/34-anos-de-la-invasion-estadounidense-a-panama-dia-de-duelo-nacional\/\" \/>\n<meta property=\"og:locale\" content=\"es_ES\" \/>\n<meta property=\"og:type\" content=\"article\" \/>\n<meta property=\"og:title\" content=\"34 a\u00f1os de la invasi\u00f3n estadounidense - D\u00eda de Duelo Nacional\" \/>\n<meta property=\"og:description\" content=\"La\u00a0invasi\u00f3n estadounidense de Panam\u00e1 de 1989, denominada en c\u00f3digo militar: Operaci\u00f3n Causa Justa (\u00a0Operation Just Cause)\" \/>\n<meta property=\"og:url\" content=\"https:\/\/comision20dediciembrede1989.org.pa\/index.php\/2023\/12\/20\/34-anos-de-la-invasion-estadounidense-a-panama-dia-de-duelo-nacional\/\" \/>\n<meta property=\"og:site_name\" content=\"Comision 20 de diciembre\" \/>\n<meta property=\"article:published_time\" content=\"2023-12-20T01:48:43+00:00\" \/>\n<meta property=\"article:modified_time\" content=\"2024-01-17T01:52:07+00:00\" \/>\n<meta property=\"og:image\" content=\"https:\/\/comision20dediciembrede1989.org.pa\/wp-content\/uploads\/2024\/01\/34-anos-de-la-invasion.jpg\" \/>\n\t<meta property=\"og:image:width\" content=\"1057\" \/>\n\t<meta property=\"og:image:height\" content=\"637\" \/>\n\t<meta property=\"og:image:type\" content=\"image\/jpeg\" \/>\n<meta name=\"author\" content=\"MFadmin\" \/>\n<meta name=\"twitter:card\" content=\"summary_large_image\" \/>\n<meta name=\"twitter:label1\" content=\"Escrito por\" \/>\n\t<meta name=\"twitter:data1\" content=\"MFadmin\" \/>\n\t<meta name=\"twitter:label2\" content=\"Tiempo de lectura\" \/>\n\t<meta name=\"twitter:data2\" content=\"2 minutos\" \/>\n<script type=\"application\/ld+json\" class=\"yoast-schema-graph\">{\"@context\":\"https:\\\/\\\/schema.org\",\"@graph\":[{\"@type\":\"Article\",\"@id\":\"https:\\\/\\\/comision20dediciembrede1989.org.pa\\\/index.php\\\/2023\\\/12\\\/20\\\/34-anos-de-la-invasion-estadounidense-a-panama-dia-de-duelo-nacional\\\/#article\",\"isPartOf\":{\"@id\":\"https:\\\/\\\/comision20dediciembrede1989.org.pa\\\/index.php\\\/2023\\\/12\\\/20\\\/34-anos-de-la-invasion-estadounidense-a-panama-dia-de-duelo-nacional\\\/\"},\"author\":{\"name\":\"MFadmin\",\"@id\":\"https:\\\/\\\/comision20dediciembrede1989.org.pa\\\/#\\\/schema\\\/person\\\/0fea7be82c37e17f1362e93ba4ef2c6c\"},\"headline\":\"34 a\u00f1os de la invasi\u00f3n estadounidense a Panam\u00e1 D\u00eda de Duelo Nacional\",\"datePublished\":\"2023-12-20T01:48:43+00:00\",\"dateModified\":\"2024-01-17T01:52:07+00:00\",\"mainEntityOfPage\":{\"@id\":\"https:\\\/\\\/comision20dediciembrede1989.org.pa\\\/index.php\\\/2023\\\/12\\\/20\\\/34-anos-de-la-invasion-estadounidense-a-panama-dia-de-duelo-nacional\\\/\"},\"wordCount\":382,\"image\":{\"@id\":\"https:\\\/\\\/comision20dediciembrede1989.org.pa\\\/index.php\\\/2023\\\/12\\\/20\\\/34-anos-de-la-invasion-estadounidense-a-panama-dia-de-duelo-nacional\\\/#primaryimage\"},\"thumbnailUrl\":\"https:\\\/\\\/comision20dediciembrede1989.org.pa\\\/wp-content\\\/uploads\\\/2024\\\/01\\\/34-anos-de-la-invasion.jpg\",\"articleSection\":[\"12-2023\",\"2023\"],\"inLanguage\":\"es\"},{\"@type\":\"WebPage\",\"@id\":\"https:\\\/\\\/comision20dediciembrede1989.org.pa\\\/index.php\\\/2023\\\/12\\\/20\\\/34-anos-de-la-invasion-estadounidense-a-panama-dia-de-duelo-nacional\\\/\",\"url\":\"https:\\\/\\\/comision20dediciembrede1989.org.pa\\\/index.php\\\/2023\\\/12\\\/20\\\/34-anos-de-la-invasion-estadounidense-a-panama-dia-de-duelo-nacional\\\/\",\"name\":\"34 a\u00f1os de la invasi\u00f3n estadounidense - D\u00eda de Duelo Nacional\",\"isPartOf\":{\"@id\":\"https:\\\/\\\/comision20dediciembrede1989.org.pa\\\/#website\"},\"primaryImageOfPage\":{\"@id\":\"https:\\\/\\\/comision20dediciembrede1989.org.pa\\\/index.php\\\/2023\\\/12\\\/20\\\/34-anos-de-la-invasion-estadounidense-a-panama-dia-de-duelo-nacional\\\/#primaryimage\"},\"image\":{\"@id\":\"https:\\\/\\\/comision20dediciembrede1989.org.pa\\\/index.php\\\/2023\\\/12\\\/20\\\/34-anos-de-la-invasion-estadounidense-a-panama-dia-de-duelo-nacional\\\/#primaryimage\"},\"thumbnailUrl\":\"https:\\\/\\\/comision20dediciembrede1989.org.pa\\\/wp-content\\\/uploads\\\/2024\\\/01\\\/34-anos-de-la-invasion.jpg\",\"datePublished\":\"2023-12-20T01:48:43+00:00\",\"dateModified\":\"2024-01-17T01:52:07+00:00\",\"author\":{\"@id\":\"https:\\\/\\\/comision20dediciembrede1989.org.pa\\\/#\\\/schema\\\/person\\\/0fea7be82c37e17f1362e93ba4ef2c6c\"},\"description\":\"La\u00a0invasi\u00f3n estadounidense de Panam\u00e1 de 1989, denominada en c\u00f3digo militar: Operaci\u00f3n Causa Justa (\u00a0Operation Just Cause)\",\"breadcrumb\":{\"@id\":\"https:\\\/\\\/comision20dediciembrede1989.org.pa\\\/index.php\\\/2023\\\/12\\\/20\\\/34-anos-de-la-invasion-estadounidense-a-panama-dia-de-duelo-nacional\\\/#breadcrumb\"},\"inLanguage\":\"es\",\"potentialAction\":[{\"@type\":\"ReadAction\",\"target\":[\"https:\\\/\\\/comision20dediciembrede1989.org.pa\\\/index.php\\\/2023\\\/12\\\/20\\\/34-anos-de-la-invasion-estadounidense-a-panama-dia-de-duelo-nacional\\\/\"]}]},{\"@type\":\"ImageObject\",\"inLanguage\":\"es\",\"@id\":\"https:\\\/\\\/comision20dediciembrede1989.org.pa\\\/index.php\\\/2023\\\/12\\\/20\\\/34-anos-de-la-invasion-estadounidense-a-panama-dia-de-duelo-nacional\\\/#primaryimage\",\"url\":\"https:\\\/\\\/comision20dediciembrede1989.org.pa\\\/wp-content\\\/uploads\\\/2024\\\/01\\\/34-anos-de-la-invasion.jpg\",\"contentUrl\":\"https:\\\/\\\/comision20dediciembrede1989.org.pa\\\/wp-content\\\/uploads\\\/2024\\\/01\\\/34-anos-de-la-invasion.jpg\",\"width\":1057,\"height\":637},{\"@type\":\"BreadcrumbList\",\"@id\":\"https:\\\/\\\/comision20dediciembrede1989.org.pa\\\/index.php\\\/2023\\\/12\\\/20\\\/34-anos-de-la-invasion-estadounidense-a-panama-dia-de-duelo-nacional\\\/#breadcrumb\",\"itemListElement\":[{\"@type\":\"ListItem\",\"position\":1,\"name\":\"Portada\",\"item\":\"https:\\\/\\\/comision20dediciembrede1989.org.pa\\\/\"},{\"@type\":\"ListItem\",\"position\":2,\"name\":\"34 a\u00f1os de la invasi\u00f3n estadounidense a Panam\u00e1 D\u00eda de Duelo Nacional\"}]},{\"@type\":\"WebSite\",\"@id\":\"https:\\\/\\\/comision20dediciembrede1989.org.pa\\\/#website\",\"url\":\"https:\\\/\\\/comision20dediciembrede1989.org.pa\\\/\",\"name\":\"Comision 20 de diciembre\",\"description\":\"Por la Verdad, la Memoria y la Justicia\",\"potentialAction\":[{\"@type\":\"SearchAction\",\"target\":{\"@type\":\"EntryPoint\",\"urlTemplate\":\"https:\\\/\\\/comision20dediciembrede1989.org.pa\\\/?s={search_term_string}\"},\"query-input\":{\"@type\":\"PropertyValueSpecification\",\"valueRequired\":true,\"valueName\":\"search_term_string\"}}],\"inLanguage\":\"es\"},{\"@type\":\"Person\",\"@id\":\"https:\\\/\\\/comision20dediciembrede1989.org.pa\\\/#\\\/schema\\\/person\\\/0fea7be82c37e17f1362e93ba4ef2c6c\",\"name\":\"MFadmin\",\"url\":\"https:\\\/\\\/comision20dediciembrede1989.org.pa\\\/index.php\\\/author\\\/mfadmin\\\/\"}]}<\/script>\n<!-- \/ Yoast SEO plugin. -->","yoast_head_json":{"title":"34 a\u00f1os de la invasi\u00f3n estadounidense - D\u00eda de Duelo Nacional","description":"La\u00a0invasi\u00f3n estadounidense de Panam\u00e1 de 1989, denominada en c\u00f3digo militar: Operaci\u00f3n Causa Justa (\u00a0Operation Just Cause)","robots":{"index":"index","follow":"follow","max-snippet":"max-snippet:-1","max-image-preview":"max-image-preview:large","max-video-preview":"max-video-preview:-1"},"canonical":"https:\/\/comision20dediciembrede1989.org.pa\/index.php\/2023\/12\/20\/34-anos-de-la-invasion-estadounidense-a-panama-dia-de-duelo-nacional\/","og_locale":"es_ES","og_type":"article","og_title":"34 a\u00f1os de la invasi\u00f3n estadounidense - D\u00eda de Duelo Nacional","og_description":"La\u00a0invasi\u00f3n estadounidense de Panam\u00e1 de 1989, denominada en c\u00f3digo militar: Operaci\u00f3n Causa Justa (\u00a0Operation Just Cause)","og_url":"https:\/\/comision20dediciembrede1989.org.pa\/index.php\/2023\/12\/20\/34-anos-de-la-invasion-estadounidense-a-panama-dia-de-duelo-nacional\/","og_site_name":"Comision 20 de diciembre","article_published_time":"2023-12-20T01:48:43+00:00","article_modified_time":"2024-01-17T01:52:07+00:00","og_image":[{"width":1057,"height":637,"url":"https:\/\/comision20dediciembrede1989.org.pa\/wp-content\/uploads\/2024\/01\/34-anos-de-la-invasion.jpg","type":"image\/jpeg"}],"author":"MFadmin","twitter_card":"summary_large_image","twitter_misc":{"Escrito por":"MFadmin","Tiempo de lectura":"2 minutos"},"schema":{"@context":"https:\/\/schema.org","@graph":[{"@type":"Article","@id":"https:\/\/comision20dediciembrede1989.org.pa\/index.php\/2023\/12\/20\/34-anos-de-la-invasion-estadounidense-a-panama-dia-de-duelo-nacional\/#article","isPartOf":{"@id":"https:\/\/comision20dediciembrede1989.org.pa\/index.php\/2023\/12\/20\/34-anos-de-la-invasion-estadounidense-a-panama-dia-de-duelo-nacional\/"},"author":{"name":"MFadmin","@id":"https:\/\/comision20dediciembrede1989.org.pa\/#\/schema\/person\/0fea7be82c37e17f1362e93ba4ef2c6c"},"headline":"34 a\u00f1os de la invasi\u00f3n estadounidense a Panam\u00e1 D\u00eda de Duelo Nacional","datePublished":"2023-12-20T01:48:43+00:00","dateModified":"2024-01-17T01:52:07+00:00","mainEntityOfPage":{"@id":"https:\/\/comision20dediciembrede1989.org.pa\/index.php\/2023\/12\/20\/34-anos-de-la-invasion-estadounidense-a-panama-dia-de-duelo-nacional\/"},"wordCount":382,"image":{"@id":"https:\/\/comision20dediciembrede1989.org.pa\/index.php\/2023\/12\/20\/34-anos-de-la-invasion-estadounidense-a-panama-dia-de-duelo-nacional\/#primaryimage"},"thumbnailUrl":"https:\/\/comision20dediciembrede1989.org.pa\/wp-content\/uploads\/2024\/01\/34-anos-de-la-invasion.jpg","articleSection":["12-2023","2023"],"inLanguage":"es"},{"@type":"WebPage","@id":"https:\/\/comision20dediciembrede1989.org.pa\/index.php\/2023\/12\/20\/34-anos-de-la-invasion-estadounidense-a-panama-dia-de-duelo-nacional\/","url":"https:\/\/comision20dediciembrede1989.org.pa\/index.php\/2023\/12\/20\/34-anos-de-la-invasion-estadounidense-a-panama-dia-de-duelo-nacional\/","name":"34 a\u00f1os de la invasi\u00f3n estadounidense - D\u00eda de Duelo Nacional","isPartOf":{"@id":"https:\/\/comision20dediciembrede1989.org.pa\/#website"},"primaryImageOfPage":{"@id":"https:\/\/comision20dediciembrede1989.org.pa\/index.php\/2023\/12\/20\/34-anos-de-la-invasion-estadounidense-a-panama-dia-de-duelo-nacional\/#primaryimage"},"image":{"@id":"https:\/\/comision20dediciembrede1989.org.pa\/index.php\/2023\/12\/20\/34-anos-de-la-invasion-estadounidense-a-panama-dia-de-duelo-nacional\/#primaryimage"},"thumbnailUrl":"https:\/\/comision20dediciembrede1989.org.pa\/wp-content\/uploads\/2024\/01\/34-anos-de-la-invasion.jpg","datePublished":"2023-12-20T01:48:43+00:00","dateModified":"2024-01-17T01:52:07+00:00","author":{"@id":"https:\/\/comision20dediciembrede1989.org.pa\/#\/schema\/person\/0fea7be82c37e17f1362e93ba4ef2c6c"},"description":"La\u00a0invasi\u00f3n estadounidense de Panam\u00e1 de 1989, denominada en c\u00f3digo militar: Operaci\u00f3n Causa Justa (\u00a0Operation Just Cause)","breadcrumb":{"@id":"https:\/\/comision20dediciembrede1989.org.pa\/index.php\/2023\/12\/20\/34-anos-de-la-invasion-estadounidense-a-panama-dia-de-duelo-nacional\/#breadcrumb"},"inLanguage":"es","potentialAction":[{"@type":"ReadAction","target":["https:\/\/comision20dediciembrede1989.org.pa\/index.php\/2023\/12\/20\/34-anos-de-la-invasion-estadounidense-a-panama-dia-de-duelo-nacional\/"]}]},{"@type":"ImageObject","inLanguage":"es","@id":"https:\/\/comision20dediciembrede1989.org.pa\/index.php\/2023\/12\/20\/34-anos-de-la-invasion-estadounidense-a-panama-dia-de-duelo-nacional\/#primaryimage","url":"https:\/\/comision20dediciembrede1989.org.pa\/wp-content\/uploads\/2024\/01\/34-anos-de-la-invasion.jpg","contentUrl":"https:\/\/comision20dediciembrede1989.org.pa\/wp-content\/uploads\/2024\/01\/34-anos-de-la-invasion.jpg","width":1057,"height":637},{"@type":"BreadcrumbList","@id":"https:\/\/comision20dediciembrede1989.org.pa\/index.php\/2023\/12\/20\/34-anos-de-la-invasion-estadounidense-a-panama-dia-de-duelo-nacional\/#breadcrumb","itemListElement":[{"@type":"ListItem","position":1,"name":"Portada","item":"https:\/\/comision20dediciembrede1989.org.pa\/"},{"@type":"ListItem","position":2,"name":"34 a\u00f1os de la invasi\u00f3n estadounidense a Panam\u00e1 D\u00eda de Duelo Nacional"}]},{"@type":"WebSite","@id":"https:\/\/comision20dediciembrede1989.org.pa\/#website","url":"https:\/\/comision20dediciembrede1989.org.pa\/","name":"Comision 20 de diciembre","description":"Por la Verdad, la Memoria y la Justicia","potentialAction":[{"@type":"SearchAction","target":{"@type":"EntryPoint","urlTemplate":"https:\/\/comision20dediciembrede1989.org.pa\/?s={search_term_string}"},"query-input":{"@type":"PropertyValueSpecification","valueRequired":true,"valueName":"search_term_string"}}],"inLanguage":"es"},{"@type":"Person","@id":"https:\/\/comision20dediciembrede1989.org.pa\/#\/schema\/person\/0fea7be82c37e17f1362e93ba4ef2c6c","name":"MFadmin","url":"https:\/\/comision20dediciembrede1989.org.pa\/index.php\/author\/mfadmin\/"}]}},"_links":{"self":[{"href":"https:\/\/comision20dediciembrede1989.org.pa\/index.php\/wp-json\/wp\/v2\/posts\/3398","targetHints":{"allow":["GET"]}}],"collection":[{"href":"https:\/\/comision20dediciembrede1989.org.pa\/index.php\/wp-json\/wp\/v2\/posts"}],"about":[{"href":"https:\/\/comision20dediciembrede1989.org.pa\/index.php\/wp-json\/wp\/v2\/types\/post"}],"author":[{"embeddable":true,"href":"https:\/\/comision20dediciembrede1989.org.pa\/index.php\/wp-json\/wp\/v2\/users\/7"}],"replies":[{"embeddable":true,"href":"https:\/\/comision20dediciembrede1989.org.pa\/index.php\/wp-json\/wp\/v2\/comments?post=3398"}],"version-history":[{"count":1,"href":"https:\/\/comision20dediciembrede1989.org.pa\/index.php\/wp-json\/wp\/v2\/posts\/3398\/revisions"}],"predecessor-version":[{"id":3400,"href":"https:\/\/comision20dediciembrede1989.org.pa\/index.php\/wp-json\/wp\/v2\/posts\/3398\/revisions\/3400"}],"wp:featuredmedia":[{"embeddable":true,"href":"https:\/\/comision20dediciembrede1989.org.pa\/index.php\/wp-json\/wp\/v2\/media\/3399"}],"wp:attachment":[{"href":"https:\/\/comision20dediciembrede1989.org.pa\/index.php\/wp-json\/wp\/v2\/media?parent=3398"}],"wp:term":[{"taxonomy":"category","embeddable":true,"href":"https:\/\/comision20dediciembrede1989.org.pa\/index.php\/wp-json\/wp\/v2\/categories?post=3398"},{"taxonomy":"post_tag","embeddable":true,"href":"https:\/\/comision20dediciembrede1989.org.pa\/index.php\/wp-json\/wp\/v2\/tags?post=3398"}],"curies":[{"name":"wp","href":"https:\/\/api.w.org\/{rel}","templated":true}]}}