{"id":3306,"date":"2023-11-29T23:29:53","date_gmt":"2023-11-29T23:29:53","guid":{"rendered":"https:\/\/comision20dediciembrede1989.org.pa\/?p=3306"},"modified":"2023-12-19T23:34:36","modified_gmt":"2023-12-19T23:34:36","slug":"identidad-equivocada-en-lapida-de-victima-de-la-invasion","status":"publish","type":"post","link":"https:\/\/comision20dediciembrede1989.org.pa\/index.php\/2023\/11\/29\/identidad-equivocada-en-lapida-de-victima-de-la-invasion\/","title":{"rendered":"Identidad equivocada en l\u00e1pida de v\u00edctima de la invasi\u00f3n"},"content":{"rendered":"<p style=\"text-align: justify;\">La exhumaci\u00f3n programada para ma\u00f1ana, 30 de noviembre, son los restos de una persona desconocida,\u00a0<strong>pero sepultada bajo el nombre de \u00abGilke Boris Ayarza<\/strong>\u00a0 en el\u00a0<strong>Cementerio Jard\u00edn de Paz.<\/strong><\/p>\n<p style=\"text-align: justify;\">Este descubrimiento<strong>\u00a0surge a ra\u00edz de nuevas evidencias de la Comisi\u00f3n 20 de Diciembre de 1989<\/strong>, desafiando las declaraciones oficiales de la \u00e9poca sobre la supuesta muerte de Gilke Boris Ayarza durante la\u00a0<strong>invasi\u00f3n militar de EE.UU. a Panam\u00e1 en 1989.<\/strong><\/p>\n<div class=\"publicidad\" style=\"text-align: justify;\">Publicidad<\/p>\n<div>\n<div id=\"div-gpt-ad-1547648580869-0\"><\/div>\n<\/div>\n<\/div>\n<p style=\"text-align: justify;\">Lo m\u00e1s sorprendente es que,\u00a0<strong>seg\u00fan la Procuradur\u00eda General de la Naci\u00f3n<\/strong>, el individuo cuyo nombre figura en la l\u00e1pida est\u00e1 vivo y<strong>\u00a0reside en la actualidad en Tocumen, Santa Eduviges<\/strong>. Este individuo,\u00a0<strong>conocido con el apodo de \u201cBorinque\u00f1o\u201d<\/strong>, se mostr\u00f3 consternado al enterarse de la existencia de una l\u00e1pida con su nombre y de la\u00a0<strong>declaraci\u00f3n de su supuesta muerte durante la invasi\u00f3n.<\/strong><\/p>\n<p style=\"text-align: justify;\">Las declaraciones de familiares y vecinos corroboran la vida de Boris, d<strong>esmintiendo su fallecimiento durante la invasi\u00f3n.\u00a0<\/strong>Su padre relat\u00f3 que Boris result\u00f3 herido en el incidente y fue llevado al hospital Santo Tom\u00e1s,\u00a0<strong>donde permaneci\u00f3 varios d\u00edas ayudando a los heridos y los fallecidos.<\/strong><\/p>\n<p style=\"text-align: justify;\">Este descubrimiento cuestiona la identidad de los<strong>\u00a0restos enterrados bajo el nombre de Gilke Boris Ayarza\u00a0<\/strong>y destaca la necesidad urgente de una identificaci\u00f3n cient\u00edfica precisa.<\/p>\n<p style=\"text-align: justify;\">Adem\u00e1s, la Comisi\u00f3n 20 de diciembre de 1989 est\u00e1 colaborando con la Secci\u00f3n de Descarga de la Procuradur\u00eda General de la Naci\u00f3n para resolver 23 casos de personas desaparecidas y 10 cuerpos no identificados durante la invasi\u00f3n.\u00a0<strong>Hasta la fecha, se ha avanzado significativamente en la exhumaci\u00f3n de restos en cementerios espec\u00edficos,<\/strong>\u00a0con un progreso del 80% en el an\u00e1lisis multidisciplinario realizado por el Instituto de Medicina Legal y Ciencias Forenses, aunque los estudios gen\u00e9ticos est\u00e1n en sus fases iniciales.<\/p>\n<p style=\"text-align: justify;\">Se insta al p\u00fablico a proporcionar informaci\u00f3n que pueda contribuir a la identificaci\u00f3n de las v\u00edctimas de la invasi\u00f3n comunic\u00e1ndose con las autoridades pertinentes o a trav\u00e9s de los\u00a0<strong>canales de contacto proporcionados por la Comisi\u00f3n 20 de diciembre de 1989.<\/strong><\/p>\n<p style=\"text-align: justify;\">Este inesperado giro en la identificaci\u00f3n de las v\u00edctimas de la invasi\u00f3n militar de EE.UU. a Panam\u00e1 en 1989 subraya la importancia de una investigaci\u00f3n minuciosa y precisa para honrar la memoria de aquellos afectados por este suceso hist\u00f3rico.<\/p>\n<p>Fuente:<a href=\"https:\/\/www.critica.com.pa\/sucesos\/identidad-equivocada-en-lapida-de-victima-de-la-invasion-661787\" target=\"_blank\" rel=\"noopener\"> La Cr\u00edtica<\/a><\/p>\n","protected":false},"excerpt":{"rendered":"<p>La exhumaci\u00f3n programada para ma\u00f1ana, 30 de noviembre, son los restos de una persona desconocida,\u00a0pero sepultada bajo el nombre de \u00abGilke Boris Ayarza\u00a0 en el\u00a0Cementerio Jard\u00edn de Paz. Este descubrimiento\u00a0surge a ra\u00edz de nuevas evidencias de la Comisi\u00f3n 20 de Diciembre de 1989, desafiando las declaraciones oficiales de la \u00e9poca sobre la supuesta muerte de Gilke Boris Ayarza durante la\u00a0invasi\u00f3n militar de EE.UU. a Panam\u00e1 en 1989. Publicidad Lo m\u00e1s sorprendente es que,\u00a0seg\u00fan la Procuradur\u00eda General de la Naci\u00f3n, el individuo cuyo nombre figura en la l\u00e1pida est\u00e1 vivo y\u00a0reside en la actualidad en Tocumen, Santa Eduviges. Este individuo,\u00a0conocido con el apodo de \u201cBorinque\u00f1o\u201d, se mostr\u00f3 consternado al enterarse de la existencia de una l\u00e1pida con su nombre y de la\u00a0declaraci\u00f3n de su supuesta muerte durante la invasi\u00f3n. Las declaraciones de familiares y vecinos corroboran la vida de Boris, desmintiendo su fallecimiento durante la invasi\u00f3n.\u00a0Su padre relat\u00f3 que Boris result\u00f3 herido en el incidente y fue llevado al hospital Santo Tom\u00e1s,\u00a0donde permaneci\u00f3 varios d\u00edas ayudando a los heridos y los fallecidos. Este descubrimiento cuestiona la identidad de los\u00a0restos enterrados bajo el nombre de Gilke Boris Ayarza\u00a0y destaca la necesidad urgente de una identificaci\u00f3n cient\u00edfica precisa. Adem\u00e1s, la Comisi\u00f3n 20 de diciembre de 1989 est\u00e1 colaborando con la Secci\u00f3n de Descarga de la Procuradur\u00eda General de la Naci\u00f3n para resolver 23 casos de personas desaparecidas y 10 cuerpos no identificados durante la invasi\u00f3n.\u00a0Hasta la fecha, se ha avanzado significativamente en la exhumaci\u00f3n de restos en cementerios espec\u00edficos,\u00a0con un progreso del 80% [&hellip;]<\/p>\n","protected":false},"author":7,"featured_media":3307,"comment_status":"closed","ping_status":"closed","sticky":false,"template":"","format":"standard","meta":{"footnotes":""},"categories":[102,91],"tags":[],"class_list":["post-3306","post","type-post","status-publish","format-standard","has-post-thumbnail","hentry","category-11-2023","category-91"],"yoast_head":"<!-- This site is optimized with the Yoast SEO plugin v27.5 - https:\/\/yoast.com\/product\/yoast-seo-wordpress\/ -->\n<title>Identidad equivocada en l\u00e1pida de v\u00edctima de la invasi\u00f3n<\/title>\n<meta name=\"description\" content=\"La exhumaci\u00f3n de los restos de una persona desconocida,\u00a0pero sepultada bajo el nombre de &quot;Gilke Boris Ayarza&quot; en el\u00a0Cementerio Jard\u00edn de Paz.\" \/>\n<meta name=\"robots\" content=\"index, follow, max-snippet:-1, max-image-preview:large, max-video-preview:-1\" \/>\n<link rel=\"canonical\" href=\"https:\/\/comision20dediciembrede1989.org.pa\/index.php\/2023\/11\/29\/identidad-equivocada-en-lapida-de-victima-de-la-invasion\/\" \/>\n<meta property=\"og:locale\" content=\"es_ES\" \/>\n<meta property=\"og:type\" content=\"article\" \/>\n<meta property=\"og:title\" content=\"Identidad equivocada en l\u00e1pida de v\u00edctima de la invasi\u00f3n\" \/>\n<meta property=\"og:description\" content=\"La exhumaci\u00f3n de los restos de una persona desconocida,\u00a0pero sepultada bajo el nombre de &quot;Gilke Boris Ayarza&quot; en el\u00a0Cementerio Jard\u00edn de Paz.\" \/>\n<meta property=\"og:url\" content=\"https:\/\/comision20dediciembrede1989.org.pa\/index.php\/2023\/11\/29\/identidad-equivocada-en-lapida-de-victima-de-la-invasion\/\" \/>\n<meta property=\"og:site_name\" content=\"Comision 20 de diciembre\" \/>\n<meta property=\"article:published_time\" content=\"2023-11-29T23:29:53+00:00\" \/>\n<meta property=\"article:modified_time\" content=\"2023-12-19T23:34:36+00:00\" \/>\n<meta property=\"og:image\" content=\"https:\/\/comision20dediciembrede1989.org.pa\/wp-content\/uploads\/2023\/12\/critica-2.jpg\" \/>\n\t<meta property=\"og:image:width\" content=\"855\" \/>\n\t<meta property=\"og:image:height\" content=\"639\" \/>\n\t<meta property=\"og:image:type\" content=\"image\/jpeg\" \/>\n<meta name=\"author\" content=\"MFadmin\" \/>\n<meta name=\"twitter:card\" content=\"summary_large_image\" \/>\n<meta name=\"twitter:label1\" content=\"Escrito por\" \/>\n\t<meta name=\"twitter:data1\" content=\"MFadmin\" \/>\n\t<meta name=\"twitter:label2\" content=\"Tiempo de lectura\" \/>\n\t<meta name=\"twitter:data2\" content=\"2 minutos\" \/>\n<script type=\"application\/ld+json\" class=\"yoast-schema-graph\">{\"@context\":\"https:\\\/\\\/schema.org\",\"@graph\":[{\"@type\":\"Article\",\"@id\":\"https:\\\/\\\/comision20dediciembrede1989.org.pa\\\/index.php\\\/2023\\\/11\\\/29\\\/identidad-equivocada-en-lapida-de-victima-de-la-invasion\\\/#article\",\"isPartOf\":{\"@id\":\"https:\\\/\\\/comision20dediciembrede1989.org.pa\\\/index.php\\\/2023\\\/11\\\/29\\\/identidad-equivocada-en-lapida-de-victima-de-la-invasion\\\/\"},\"author\":{\"name\":\"MFadmin\",\"@id\":\"https:\\\/\\\/comision20dediciembrede1989.org.pa\\\/#\\\/schema\\\/person\\\/0fea7be82c37e17f1362e93ba4ef2c6c\"},\"headline\":\"Identidad equivocada en l\u00e1pida de v\u00edctima de la invasi\u00f3n\",\"datePublished\":\"2023-11-29T23:29:53+00:00\",\"dateModified\":\"2023-12-19T23:34:36+00:00\",\"mainEntityOfPage\":{\"@id\":\"https:\\\/\\\/comision20dediciembrede1989.org.pa\\\/index.php\\\/2023\\\/11\\\/29\\\/identidad-equivocada-en-lapida-de-victima-de-la-invasion\\\/\"},\"wordCount\":417,\"image\":{\"@id\":\"https:\\\/\\\/comision20dediciembrede1989.org.pa\\\/index.php\\\/2023\\\/11\\\/29\\\/identidad-equivocada-en-lapida-de-victima-de-la-invasion\\\/#primaryimage\"},\"thumbnailUrl\":\"https:\\\/\\\/comision20dediciembrede1989.org.pa\\\/wp-content\\\/uploads\\\/2023\\\/12\\\/critica-2.jpg\",\"articleSection\":[\"11-2023\",\"2023\"],\"inLanguage\":\"es\"},{\"@type\":\"WebPage\",\"@id\":\"https:\\\/\\\/comision20dediciembrede1989.org.pa\\\/index.php\\\/2023\\\/11\\\/29\\\/identidad-equivocada-en-lapida-de-victima-de-la-invasion\\\/\",\"url\":\"https:\\\/\\\/comision20dediciembrede1989.org.pa\\\/index.php\\\/2023\\\/11\\\/29\\\/identidad-equivocada-en-lapida-de-victima-de-la-invasion\\\/\",\"name\":\"Identidad equivocada en l\u00e1pida de v\u00edctima de la invasi\u00f3n\",\"isPartOf\":{\"@id\":\"https:\\\/\\\/comision20dediciembrede1989.org.pa\\\/#website\"},\"primaryImageOfPage\":{\"@id\":\"https:\\\/\\\/comision20dediciembrede1989.org.pa\\\/index.php\\\/2023\\\/11\\\/29\\\/identidad-equivocada-en-lapida-de-victima-de-la-invasion\\\/#primaryimage\"},\"image\":{\"@id\":\"https:\\\/\\\/comision20dediciembrede1989.org.pa\\\/index.php\\\/2023\\\/11\\\/29\\\/identidad-equivocada-en-lapida-de-victima-de-la-invasion\\\/#primaryimage\"},\"thumbnailUrl\":\"https:\\\/\\\/comision20dediciembrede1989.org.pa\\\/wp-content\\\/uploads\\\/2023\\\/12\\\/critica-2.jpg\",\"datePublished\":\"2023-11-29T23:29:53+00:00\",\"dateModified\":\"2023-12-19T23:34:36+00:00\",\"author\":{\"@id\":\"https:\\\/\\\/comision20dediciembrede1989.org.pa\\\/#\\\/schema\\\/person\\\/0fea7be82c37e17f1362e93ba4ef2c6c\"},\"description\":\"La exhumaci\u00f3n de los restos de una persona desconocida,\u00a0pero sepultada bajo el nombre de \\\"Gilke Boris Ayarza\\\" en el\u00a0Cementerio Jard\u00edn de Paz.\",\"breadcrumb\":{\"@id\":\"https:\\\/\\\/comision20dediciembrede1989.org.pa\\\/index.php\\\/2023\\\/11\\\/29\\\/identidad-equivocada-en-lapida-de-victima-de-la-invasion\\\/#breadcrumb\"},\"inLanguage\":\"es\",\"potentialAction\":[{\"@type\":\"ReadAction\",\"target\":[\"https:\\\/\\\/comision20dediciembrede1989.org.pa\\\/index.php\\\/2023\\\/11\\\/29\\\/identidad-equivocada-en-lapida-de-victima-de-la-invasion\\\/\"]}]},{\"@type\":\"ImageObject\",\"inLanguage\":\"es\",\"@id\":\"https:\\\/\\\/comision20dediciembrede1989.org.pa\\\/index.php\\\/2023\\\/11\\\/29\\\/identidad-equivocada-en-lapida-de-victima-de-la-invasion\\\/#primaryimage\",\"url\":\"https:\\\/\\\/comision20dediciembrede1989.org.pa\\\/wp-content\\\/uploads\\\/2023\\\/12\\\/critica-2.jpg\",\"contentUrl\":\"https:\\\/\\\/comision20dediciembrede1989.org.pa\\\/wp-content\\\/uploads\\\/2023\\\/12\\\/critica-2.jpg\",\"width\":855,\"height\":639,\"caption\":\"Identidad Equivocada | Cr\u00edtica | Comision 20 de diciembre\"},{\"@type\":\"BreadcrumbList\",\"@id\":\"https:\\\/\\\/comision20dediciembrede1989.org.pa\\\/index.php\\\/2023\\\/11\\\/29\\\/identidad-equivocada-en-lapida-de-victima-de-la-invasion\\\/#breadcrumb\",\"itemListElement\":[{\"@type\":\"ListItem\",\"position\":1,\"name\":\"Portada\",\"item\":\"https:\\\/\\\/comision20dediciembrede1989.org.pa\\\/\"},{\"@type\":\"ListItem\",\"position\":2,\"name\":\"Identidad equivocada en l\u00e1pida de v\u00edctima de la invasi\u00f3n\"}]},{\"@type\":\"WebSite\",\"@id\":\"https:\\\/\\\/comision20dediciembrede1989.org.pa\\\/#website\",\"url\":\"https:\\\/\\\/comision20dediciembrede1989.org.pa\\\/\",\"name\":\"Comision 20 de diciembre\",\"description\":\"Por la Verdad, la Memoria y la Justicia\",\"potentialAction\":[{\"@type\":\"SearchAction\",\"target\":{\"@type\":\"EntryPoint\",\"urlTemplate\":\"https:\\\/\\\/comision20dediciembrede1989.org.pa\\\/?s={search_term_string}\"},\"query-input\":{\"@type\":\"PropertyValueSpecification\",\"valueRequired\":true,\"valueName\":\"search_term_string\"}}],\"inLanguage\":\"es\"},{\"@type\":\"Person\",\"@id\":\"https:\\\/\\\/comision20dediciembrede1989.org.pa\\\/#\\\/schema\\\/person\\\/0fea7be82c37e17f1362e93ba4ef2c6c\",\"name\":\"MFadmin\",\"url\":\"https:\\\/\\\/comision20dediciembrede1989.org.pa\\\/index.php\\\/author\\\/mfadmin\\\/\"}]}<\/script>\n<!-- \/ Yoast SEO plugin. -->","yoast_head_json":{"title":"Identidad equivocada en l\u00e1pida de v\u00edctima de la invasi\u00f3n","description":"La exhumaci\u00f3n de los restos de una persona desconocida,\u00a0pero sepultada bajo el nombre de \"Gilke Boris Ayarza\" en el\u00a0Cementerio Jard\u00edn de Paz.","robots":{"index":"index","follow":"follow","max-snippet":"max-snippet:-1","max-image-preview":"max-image-preview:large","max-video-preview":"max-video-preview:-1"},"canonical":"https:\/\/comision20dediciembrede1989.org.pa\/index.php\/2023\/11\/29\/identidad-equivocada-en-lapida-de-victima-de-la-invasion\/","og_locale":"es_ES","og_type":"article","og_title":"Identidad equivocada en l\u00e1pida de v\u00edctima de la invasi\u00f3n","og_description":"La exhumaci\u00f3n de los restos de una persona desconocida,\u00a0pero sepultada bajo el nombre de \"Gilke Boris Ayarza\" en el\u00a0Cementerio Jard\u00edn de Paz.","og_url":"https:\/\/comision20dediciembrede1989.org.pa\/index.php\/2023\/11\/29\/identidad-equivocada-en-lapida-de-victima-de-la-invasion\/","og_site_name":"Comision 20 de diciembre","article_published_time":"2023-11-29T23:29:53+00:00","article_modified_time":"2023-12-19T23:34:36+00:00","og_image":[{"width":855,"height":639,"url":"https:\/\/comision20dediciembrede1989.org.pa\/wp-content\/uploads\/2023\/12\/critica-2.jpg","type":"image\/jpeg"}],"author":"MFadmin","twitter_card":"summary_large_image","twitter_misc":{"Escrito por":"MFadmin","Tiempo de lectura":"2 minutos"},"schema":{"@context":"https:\/\/schema.org","@graph":[{"@type":"Article","@id":"https:\/\/comision20dediciembrede1989.org.pa\/index.php\/2023\/11\/29\/identidad-equivocada-en-lapida-de-victima-de-la-invasion\/#article","isPartOf":{"@id":"https:\/\/comision20dediciembrede1989.org.pa\/index.php\/2023\/11\/29\/identidad-equivocada-en-lapida-de-victima-de-la-invasion\/"},"author":{"name":"MFadmin","@id":"https:\/\/comision20dediciembrede1989.org.pa\/#\/schema\/person\/0fea7be82c37e17f1362e93ba4ef2c6c"},"headline":"Identidad equivocada en l\u00e1pida de v\u00edctima de la invasi\u00f3n","datePublished":"2023-11-29T23:29:53+00:00","dateModified":"2023-12-19T23:34:36+00:00","mainEntityOfPage":{"@id":"https:\/\/comision20dediciembrede1989.org.pa\/index.php\/2023\/11\/29\/identidad-equivocada-en-lapida-de-victima-de-la-invasion\/"},"wordCount":417,"image":{"@id":"https:\/\/comision20dediciembrede1989.org.pa\/index.php\/2023\/11\/29\/identidad-equivocada-en-lapida-de-victima-de-la-invasion\/#primaryimage"},"thumbnailUrl":"https:\/\/comision20dediciembrede1989.org.pa\/wp-content\/uploads\/2023\/12\/critica-2.jpg","articleSection":["11-2023","2023"],"inLanguage":"es"},{"@type":"WebPage","@id":"https:\/\/comision20dediciembrede1989.org.pa\/index.php\/2023\/11\/29\/identidad-equivocada-en-lapida-de-victima-de-la-invasion\/","url":"https:\/\/comision20dediciembrede1989.org.pa\/index.php\/2023\/11\/29\/identidad-equivocada-en-lapida-de-victima-de-la-invasion\/","name":"Identidad equivocada en l\u00e1pida de v\u00edctima de la invasi\u00f3n","isPartOf":{"@id":"https:\/\/comision20dediciembrede1989.org.pa\/#website"},"primaryImageOfPage":{"@id":"https:\/\/comision20dediciembrede1989.org.pa\/index.php\/2023\/11\/29\/identidad-equivocada-en-lapida-de-victima-de-la-invasion\/#primaryimage"},"image":{"@id":"https:\/\/comision20dediciembrede1989.org.pa\/index.php\/2023\/11\/29\/identidad-equivocada-en-lapida-de-victima-de-la-invasion\/#primaryimage"},"thumbnailUrl":"https:\/\/comision20dediciembrede1989.org.pa\/wp-content\/uploads\/2023\/12\/critica-2.jpg","datePublished":"2023-11-29T23:29:53+00:00","dateModified":"2023-12-19T23:34:36+00:00","author":{"@id":"https:\/\/comision20dediciembrede1989.org.pa\/#\/schema\/person\/0fea7be82c37e17f1362e93ba4ef2c6c"},"description":"La exhumaci\u00f3n de los restos de una persona desconocida,\u00a0pero sepultada bajo el nombre de \"Gilke Boris Ayarza\" en el\u00a0Cementerio Jard\u00edn de Paz.","breadcrumb":{"@id":"https:\/\/comision20dediciembrede1989.org.pa\/index.php\/2023\/11\/29\/identidad-equivocada-en-lapida-de-victima-de-la-invasion\/#breadcrumb"},"inLanguage":"es","potentialAction":[{"@type":"ReadAction","target":["https:\/\/comision20dediciembrede1989.org.pa\/index.php\/2023\/11\/29\/identidad-equivocada-en-lapida-de-victima-de-la-invasion\/"]}]},{"@type":"ImageObject","inLanguage":"es","@id":"https:\/\/comision20dediciembrede1989.org.pa\/index.php\/2023\/11\/29\/identidad-equivocada-en-lapida-de-victima-de-la-invasion\/#primaryimage","url":"https:\/\/comision20dediciembrede1989.org.pa\/wp-content\/uploads\/2023\/12\/critica-2.jpg","contentUrl":"https:\/\/comision20dediciembrede1989.org.pa\/wp-content\/uploads\/2023\/12\/critica-2.jpg","width":855,"height":639,"caption":"Identidad Equivocada | Cr\u00edtica | Comision 20 de diciembre"},{"@type":"BreadcrumbList","@id":"https:\/\/comision20dediciembrede1989.org.pa\/index.php\/2023\/11\/29\/identidad-equivocada-en-lapida-de-victima-de-la-invasion\/#breadcrumb","itemListElement":[{"@type":"ListItem","position":1,"name":"Portada","item":"https:\/\/comision20dediciembrede1989.org.pa\/"},{"@type":"ListItem","position":2,"name":"Identidad equivocada en l\u00e1pida de v\u00edctima de la invasi\u00f3n"}]},{"@type":"WebSite","@id":"https:\/\/comision20dediciembrede1989.org.pa\/#website","url":"https:\/\/comision20dediciembrede1989.org.pa\/","name":"Comision 20 de diciembre","description":"Por la Verdad, la Memoria y la Justicia","potentialAction":[{"@type":"SearchAction","target":{"@type":"EntryPoint","urlTemplate":"https:\/\/comision20dediciembrede1989.org.pa\/?s={search_term_string}"},"query-input":{"@type":"PropertyValueSpecification","valueRequired":true,"valueName":"search_term_string"}}],"inLanguage":"es"},{"@type":"Person","@id":"https:\/\/comision20dediciembrede1989.org.pa\/#\/schema\/person\/0fea7be82c37e17f1362e93ba4ef2c6c","name":"MFadmin","url":"https:\/\/comision20dediciembrede1989.org.pa\/index.php\/author\/mfadmin\/"}]}},"_links":{"self":[{"href":"https:\/\/comision20dediciembrede1989.org.pa\/index.php\/wp-json\/wp\/v2\/posts\/3306","targetHints":{"allow":["GET"]}}],"collection":[{"href":"https:\/\/comision20dediciembrede1989.org.pa\/index.php\/wp-json\/wp\/v2\/posts"}],"about":[{"href":"https:\/\/comision20dediciembrede1989.org.pa\/index.php\/wp-json\/wp\/v2\/types\/post"}],"author":[{"embeddable":true,"href":"https:\/\/comision20dediciembrede1989.org.pa\/index.php\/wp-json\/wp\/v2\/users\/7"}],"replies":[{"embeddable":true,"href":"https:\/\/comision20dediciembrede1989.org.pa\/index.php\/wp-json\/wp\/v2\/comments?post=3306"}],"version-history":[{"count":1,"href":"https:\/\/comision20dediciembrede1989.org.pa\/index.php\/wp-json\/wp\/v2\/posts\/3306\/revisions"}],"predecessor-version":[{"id":3308,"href":"https:\/\/comision20dediciembrede1989.org.pa\/index.php\/wp-json\/wp\/v2\/posts\/3306\/revisions\/3308"}],"wp:featuredmedia":[{"embeddable":true,"href":"https:\/\/comision20dediciembrede1989.org.pa\/index.php\/wp-json\/wp\/v2\/media\/3307"}],"wp:attachment":[{"href":"https:\/\/comision20dediciembrede1989.org.pa\/index.php\/wp-json\/wp\/v2\/media?parent=3306"}],"wp:term":[{"taxonomy":"category","embeddable":true,"href":"https:\/\/comision20dediciembrede1989.org.pa\/index.php\/wp-json\/wp\/v2\/categories?post=3306"},{"taxonomy":"post_tag","embeddable":true,"href":"https:\/\/comision20dediciembrede1989.org.pa\/index.php\/wp-json\/wp\/v2\/tags?post=3306"}],"curies":[{"name":"wp","href":"https:\/\/api.w.org\/{rel}","templated":true}]}}