{"id":3303,"date":"2023-11-30T23:17:14","date_gmt":"2023-11-30T23:17:14","guid":{"rendered":"https:\/\/comision20dediciembrede1989.org.pa\/?p=3303"},"modified":"2023-12-19T23:29:28","modified_gmt":"2023-12-19T23:29:28","slug":"buscan-identificar-restos-sepultados-en-tumba-de-victima-de-invasion","status":"publish","type":"post","link":"https:\/\/comision20dediciembrede1989.org.pa\/index.php\/2023\/11\/30\/buscan-identificar-restos-sepultados-en-tumba-de-victima-de-invasion\/","title":{"rendered":"Buscan identificar restos sepultados en tumba de v\u00edctima de invasi\u00f3n"},"content":{"rendered":"<p class=\"subtitle-note\" style=\"text-align: justify;\">Entre las pruebas recabadas est\u00e1 el testimonio del padre de Gilke Boris Ayarza, que certific\u00f3 que su hijo est\u00e1 vivo.<\/p>\n<p style=\"text-align: justify;\">La\u00a0fiscal Superior\u00a0de la\u00a0secci\u00f3n de Descarga\u00a0de la\u00a0Procuradur\u00eda\u00a0de la\u00a0Naci\u00f3n,\u00a0Geomara Guevara,\u00a0confirm\u00f3\u00a0que este jueves en\u00a0compa\u00f1\u00eda\u00a0de\u00a0peritos del Instituto de Medicina Legal y Ciencias Forenses (IMELCF)\u00a0realizan la\u00a0diligencia\u00a0de\u00a0exhumaci\u00f3n\u00a0de los\u00a0restos\u00a0de una\u00a0persona\u00a0desconocida, que se\u00a0encuentra\u00a0sepultada\u00a0bajo la\u00a0l\u00e1pida identificada como Gilke Boris Ayarza\u00a0en el\u00a0cementerio Jard\u00edn de Paz.<\/p>\n<p style=\"text-align: justify;\">La\u00a0fiscal Guevara explic\u00f3\u00a0que de acuerdo a las\u00a0investigaciones efectuadas junto a la Comisi\u00f3n 20 de Diciembre, se confirm\u00f3 que el\u00a0se\u00f1or Ayarza est\u00e1 vivo\u00a0y que\u00a0no muri\u00f3 durante\u00a0los\u00a0hechos\u00a0de la\u00a0invasi\u00f3n militar\u00a0de los\u00a0Estados Unidos\u00a0a\u00a0Panam\u00e1\u00a0en el a\u00f1o\u00a01989.\u00a0 Agreg\u00f3, que entre las\u00a0pruebas recabadas\u00a0est\u00e1 el testimonio del padre de Gilke Boris Ayarza,\u00a0que\u00a0certific\u00f3\u00a0que su\u00a0hijo est\u00e1 vivo.<\/p>\n<p style=\"text-align: justify;\">La\u00a0funcionaria detall\u00f3\u00a0que como parte de las\u00a0investigaciones\u00a0es necesario\u00a0identificar cient\u00edficamente y gen\u00e9ticamente\u00a0de\u00a0qui\u00e9nes\u00a0son los\u00a0restos<br \/>\nhumanos sepultados\u00a0en la\u00a0l\u00e1pida bajo\u00a0el\u00a0nombre\u00a0de\u00a0Gilke Boris Ayarza.<\/p>\n<p style=\"text-align: justify;\">Por su parte,\u00a0Jos\u00e9 Luis Sosa, secretario general de la Comisi\u00f3n 20 de Diciembre de 1989, manifest\u00f3 que hoy\u00a0participan en esta diligencia de exhumaci\u00f3n.<\/p>\n<p style=\"text-align: justify;\">Indic\u00f3 que\u00a0desde hace a\u00f1os trabajan en conjunto con el Ministerio P\u00fablico\u00a0en el\u00a0proceso de identificaci\u00f3n de personas desaparecidas\u00a0y\u00a0v\u00edctimas desconocidas durante\u00a0la\u00a0Invasi\u00f3n\u00a0del\u00a020 de noviembre de 1989.<\/p>\n<p style=\"text-align: justify;\">Resalt\u00f3 que de\u00a0acuerdo a informes que mantienen,\u00a0son aproximadamente\u00a030 personas que han sido sepultadas sin ser identificadas.<\/p>\n<p>Fuente: <a href=\"https:\/\/www.critica.com.pa\/nacional\/buscan-identificar-restos-sepultados-en-tumba-de-victima-de-invasion-661794\" target=\"_blank\" rel=\"noopener\">Cr\u00edtica<\/a><\/p>\n","protected":false},"excerpt":{"rendered":"<p>Entre las pruebas recabadas est\u00e1 el testimonio del padre de Gilke Boris Ayarza, que certific\u00f3 que su hijo est\u00e1 vivo. La\u00a0fiscal Superior\u00a0de la\u00a0secci\u00f3n de Descarga\u00a0de la\u00a0Procuradur\u00eda\u00a0de la\u00a0Naci\u00f3n,\u00a0Geomara Guevara,\u00a0confirm\u00f3\u00a0que este jueves en\u00a0compa\u00f1\u00eda\u00a0de\u00a0peritos del Instituto de Medicina Legal y Ciencias Forenses (IMELCF)\u00a0realizan la\u00a0diligencia\u00a0de\u00a0exhumaci\u00f3n\u00a0de los\u00a0restos\u00a0de una\u00a0persona\u00a0desconocida, que se\u00a0encuentra\u00a0sepultada\u00a0bajo la\u00a0l\u00e1pida identificada como Gilke Boris Ayarza\u00a0en el\u00a0cementerio Jard\u00edn de Paz. La\u00a0fiscal Guevara explic\u00f3\u00a0que de acuerdo a las\u00a0investigaciones efectuadas junto a la Comisi\u00f3n 20 de Diciembre, se confirm\u00f3 que el\u00a0se\u00f1or Ayarza est\u00e1 vivo\u00a0y que\u00a0no muri\u00f3 durante\u00a0los\u00a0hechos\u00a0de la\u00a0invasi\u00f3n militar\u00a0de los\u00a0Estados Unidos\u00a0a\u00a0Panam\u00e1\u00a0en el a\u00f1o\u00a01989.\u00a0 Agreg\u00f3, que entre las\u00a0pruebas recabadas\u00a0est\u00e1 el testimonio del padre de Gilke Boris Ayarza,\u00a0que\u00a0certific\u00f3\u00a0que su\u00a0hijo est\u00e1 vivo. La\u00a0funcionaria detall\u00f3\u00a0que como parte de las\u00a0investigaciones\u00a0es necesario\u00a0identificar cient\u00edficamente y gen\u00e9ticamente\u00a0de\u00a0qui\u00e9nes\u00a0son los\u00a0restos humanos sepultados\u00a0en la\u00a0l\u00e1pida bajo\u00a0el\u00a0nombre\u00a0de\u00a0Gilke Boris Ayarza. Por su parte,\u00a0Jos\u00e9 Luis Sosa, secretario general de la Comisi\u00f3n 20 de Diciembre de 1989, manifest\u00f3 que hoy\u00a0participan en esta diligencia de exhumaci\u00f3n. Indic\u00f3 que\u00a0desde hace a\u00f1os trabajan en conjunto con el Ministerio P\u00fablico\u00a0en el\u00a0proceso de identificaci\u00f3n de personas desaparecidas\u00a0y\u00a0v\u00edctimas desconocidas durante\u00a0la\u00a0Invasi\u00f3n\u00a0del\u00a020 de noviembre de 1989. Resalt\u00f3 que de\u00a0acuerdo a informes que mantienen,\u00a0son aproximadamente\u00a030 personas que han sido sepultadas sin ser identificadas. Fuente: Cr\u00edtica<\/p>\n","protected":false},"author":7,"featured_media":3304,"comment_status":"closed","ping_status":"closed","sticky":false,"template":"","format":"standard","meta":{"footnotes":""},"categories":[102,91],"tags":[],"class_list":["post-3303","post","type-post","status-publish","format-standard","has-post-thumbnail","hentry","category-11-2023","category-91"],"yoast_head":"<!-- This site is optimized with the Yoast SEO plugin v27.5 - https:\/\/yoast.com\/product\/yoast-seo-wordpress\/ -->\n<title>Buscan identificar restos sepultados en tumba de v\u00edctima<\/title>\n<meta name=\"description\" content=\"Entre las pruebas recabadas est\u00e1 el testimonio del padre de Gilke Boris Ayarza, que certific\u00f3 que su hijo est\u00e1 vivo.\" \/>\n<meta name=\"robots\" content=\"index, follow, max-snippet:-1, max-image-preview:large, max-video-preview:-1\" \/>\n<link rel=\"canonical\" href=\"https:\/\/comision20dediciembrede1989.org.pa\/index.php\/2023\/11\/30\/buscan-identificar-restos-sepultados-en-tumba-de-victima-de-invasion\/\" \/>\n<meta property=\"og:locale\" content=\"es_ES\" \/>\n<meta property=\"og:type\" content=\"article\" \/>\n<meta property=\"og:title\" content=\"Buscan identificar restos sepultados en tumba de v\u00edctima\" \/>\n<meta property=\"og:description\" content=\"Entre las pruebas recabadas est\u00e1 el testimonio del padre de Gilke Boris Ayarza, que certific\u00f3 que su hijo est\u00e1 vivo.\" \/>\n<meta property=\"og:url\" content=\"https:\/\/comision20dediciembrede1989.org.pa\/index.php\/2023\/11\/30\/buscan-identificar-restos-sepultados-en-tumba-de-victima-de-invasion\/\" \/>\n<meta property=\"og:site_name\" content=\"Comision 20 de diciembre\" \/>\n<meta property=\"article:published_time\" content=\"2023-11-30T23:17:14+00:00\" \/>\n<meta property=\"article:modified_time\" content=\"2023-12-19T23:29:28+00:00\" \/>\n<meta property=\"og:image\" content=\"https:\/\/comision20dediciembrede1989.org.pa\/wp-content\/uploads\/2023\/12\/critica.jpg\" \/>\n\t<meta property=\"og:image:width\" content=\"860\" \/>\n\t<meta property=\"og:image:height\" content=\"642\" \/>\n\t<meta property=\"og:image:type\" content=\"image\/jpeg\" \/>\n<meta name=\"author\" content=\"MFadmin\" \/>\n<meta name=\"twitter:card\" content=\"summary_large_image\" \/>\n<meta name=\"twitter:label1\" content=\"Escrito por\" \/>\n\t<meta name=\"twitter:data1\" content=\"MFadmin\" \/>\n\t<meta name=\"twitter:label2\" content=\"Tiempo de lectura\" \/>\n\t<meta name=\"twitter:data2\" content=\"2 minutos\" \/>\n<script type=\"application\/ld+json\" class=\"yoast-schema-graph\">{\"@context\":\"https:\\\/\\\/schema.org\",\"@graph\":[{\"@type\":\"Article\",\"@id\":\"https:\\\/\\\/comision20dediciembrede1989.org.pa\\\/index.php\\\/2023\\\/11\\\/30\\\/buscan-identificar-restos-sepultados-en-tumba-de-victima-de-invasion\\\/#article\",\"isPartOf\":{\"@id\":\"https:\\\/\\\/comision20dediciembrede1989.org.pa\\\/index.php\\\/2023\\\/11\\\/30\\\/buscan-identificar-restos-sepultados-en-tumba-de-victima-de-invasion\\\/\"},\"author\":{\"name\":\"MFadmin\",\"@id\":\"https:\\\/\\\/comision20dediciembrede1989.org.pa\\\/#\\\/schema\\\/person\\\/0fea7be82c37e17f1362e93ba4ef2c6c\"},\"headline\":\"Buscan identificar restos sepultados en tumba de v\u00edctima de invasi\u00f3n\",\"datePublished\":\"2023-11-30T23:17:14+00:00\",\"dateModified\":\"2023-12-19T23:29:28+00:00\",\"mainEntityOfPage\":{\"@id\":\"https:\\\/\\\/comision20dediciembrede1989.org.pa\\\/index.php\\\/2023\\\/11\\\/30\\\/buscan-identificar-restos-sepultados-en-tumba-de-victima-de-invasion\\\/\"},\"wordCount\":290,\"image\":{\"@id\":\"https:\\\/\\\/comision20dediciembrede1989.org.pa\\\/index.php\\\/2023\\\/11\\\/30\\\/buscan-identificar-restos-sepultados-en-tumba-de-victima-de-invasion\\\/#primaryimage\"},\"thumbnailUrl\":\"https:\\\/\\\/comision20dediciembrede1989.org.pa\\\/wp-content\\\/uploads\\\/2023\\\/12\\\/critica.jpg\",\"articleSection\":[\"11-2023\",\"2023\"],\"inLanguage\":\"es\"},{\"@type\":\"WebPage\",\"@id\":\"https:\\\/\\\/comision20dediciembrede1989.org.pa\\\/index.php\\\/2023\\\/11\\\/30\\\/buscan-identificar-restos-sepultados-en-tumba-de-victima-de-invasion\\\/\",\"url\":\"https:\\\/\\\/comision20dediciembrede1989.org.pa\\\/index.php\\\/2023\\\/11\\\/30\\\/buscan-identificar-restos-sepultados-en-tumba-de-victima-de-invasion\\\/\",\"name\":\"Buscan identificar restos sepultados en tumba de v\u00edctima\",\"isPartOf\":{\"@id\":\"https:\\\/\\\/comision20dediciembrede1989.org.pa\\\/#website\"},\"primaryImageOfPage\":{\"@id\":\"https:\\\/\\\/comision20dediciembrede1989.org.pa\\\/index.php\\\/2023\\\/11\\\/30\\\/buscan-identificar-restos-sepultados-en-tumba-de-victima-de-invasion\\\/#primaryimage\"},\"image\":{\"@id\":\"https:\\\/\\\/comision20dediciembrede1989.org.pa\\\/index.php\\\/2023\\\/11\\\/30\\\/buscan-identificar-restos-sepultados-en-tumba-de-victima-de-invasion\\\/#primaryimage\"},\"thumbnailUrl\":\"https:\\\/\\\/comision20dediciembrede1989.org.pa\\\/wp-content\\\/uploads\\\/2023\\\/12\\\/critica.jpg\",\"datePublished\":\"2023-11-30T23:17:14+00:00\",\"dateModified\":\"2023-12-19T23:29:28+00:00\",\"author\":{\"@id\":\"https:\\\/\\\/comision20dediciembrede1989.org.pa\\\/#\\\/schema\\\/person\\\/0fea7be82c37e17f1362e93ba4ef2c6c\"},\"description\":\"Entre las pruebas recabadas est\u00e1 el testimonio del padre de Gilke Boris Ayarza, que certific\u00f3 que su hijo est\u00e1 vivo.\",\"breadcrumb\":{\"@id\":\"https:\\\/\\\/comision20dediciembrede1989.org.pa\\\/index.php\\\/2023\\\/11\\\/30\\\/buscan-identificar-restos-sepultados-en-tumba-de-victima-de-invasion\\\/#breadcrumb\"},\"inLanguage\":\"es\",\"potentialAction\":[{\"@type\":\"ReadAction\",\"target\":[\"https:\\\/\\\/comision20dediciembrede1989.org.pa\\\/index.php\\\/2023\\\/11\\\/30\\\/buscan-identificar-restos-sepultados-en-tumba-de-victima-de-invasion\\\/\"]}]},{\"@type\":\"ImageObject\",\"inLanguage\":\"es\",\"@id\":\"https:\\\/\\\/comision20dediciembrede1989.org.pa\\\/index.php\\\/2023\\\/11\\\/30\\\/buscan-identificar-restos-sepultados-en-tumba-de-victima-de-invasion\\\/#primaryimage\",\"url\":\"https:\\\/\\\/comision20dediciembrede1989.org.pa\\\/wp-content\\\/uploads\\\/2023\\\/12\\\/critica.jpg\",\"contentUrl\":\"https:\\\/\\\/comision20dediciembrede1989.org.pa\\\/wp-content\\\/uploads\\\/2023\\\/12\\\/critica.jpg\",\"width\":860,\"height\":642,\"caption\":\"La Cr\u00edtica - V\u00edctima\"},{\"@type\":\"BreadcrumbList\",\"@id\":\"https:\\\/\\\/comision20dediciembrede1989.org.pa\\\/index.php\\\/2023\\\/11\\\/30\\\/buscan-identificar-restos-sepultados-en-tumba-de-victima-de-invasion\\\/#breadcrumb\",\"itemListElement\":[{\"@type\":\"ListItem\",\"position\":1,\"name\":\"Portada\",\"item\":\"https:\\\/\\\/comision20dediciembrede1989.org.pa\\\/\"},{\"@type\":\"ListItem\",\"position\":2,\"name\":\"Buscan identificar restos sepultados en tumba de v\u00edctima de invasi\u00f3n\"}]},{\"@type\":\"WebSite\",\"@id\":\"https:\\\/\\\/comision20dediciembrede1989.org.pa\\\/#website\",\"url\":\"https:\\\/\\\/comision20dediciembrede1989.org.pa\\\/\",\"name\":\"Comision 20 de diciembre\",\"description\":\"Por la Verdad, la Memoria y la Justicia\",\"potentialAction\":[{\"@type\":\"SearchAction\",\"target\":{\"@type\":\"EntryPoint\",\"urlTemplate\":\"https:\\\/\\\/comision20dediciembrede1989.org.pa\\\/?s={search_term_string}\"},\"query-input\":{\"@type\":\"PropertyValueSpecification\",\"valueRequired\":true,\"valueName\":\"search_term_string\"}}],\"inLanguage\":\"es\"},{\"@type\":\"Person\",\"@id\":\"https:\\\/\\\/comision20dediciembrede1989.org.pa\\\/#\\\/schema\\\/person\\\/0fea7be82c37e17f1362e93ba4ef2c6c\",\"name\":\"MFadmin\",\"url\":\"https:\\\/\\\/comision20dediciembrede1989.org.pa\\\/index.php\\\/author\\\/mfadmin\\\/\"}]}<\/script>\n<!-- \/ Yoast SEO plugin. -->","yoast_head_json":{"title":"Buscan identificar restos sepultados en tumba de v\u00edctima","description":"Entre las pruebas recabadas est\u00e1 el testimonio del padre de Gilke Boris Ayarza, que certific\u00f3 que su hijo est\u00e1 vivo.","robots":{"index":"index","follow":"follow","max-snippet":"max-snippet:-1","max-image-preview":"max-image-preview:large","max-video-preview":"max-video-preview:-1"},"canonical":"https:\/\/comision20dediciembrede1989.org.pa\/index.php\/2023\/11\/30\/buscan-identificar-restos-sepultados-en-tumba-de-victima-de-invasion\/","og_locale":"es_ES","og_type":"article","og_title":"Buscan identificar restos sepultados en tumba de v\u00edctima","og_description":"Entre las pruebas recabadas est\u00e1 el testimonio del padre de Gilke Boris Ayarza, que certific\u00f3 que su hijo est\u00e1 vivo.","og_url":"https:\/\/comision20dediciembrede1989.org.pa\/index.php\/2023\/11\/30\/buscan-identificar-restos-sepultados-en-tumba-de-victima-de-invasion\/","og_site_name":"Comision 20 de diciembre","article_published_time":"2023-11-30T23:17:14+00:00","article_modified_time":"2023-12-19T23:29:28+00:00","og_image":[{"width":860,"height":642,"url":"https:\/\/comision20dediciembrede1989.org.pa\/wp-content\/uploads\/2023\/12\/critica.jpg","type":"image\/jpeg"}],"author":"MFadmin","twitter_card":"summary_large_image","twitter_misc":{"Escrito por":"MFadmin","Tiempo de lectura":"2 minutos"},"schema":{"@context":"https:\/\/schema.org","@graph":[{"@type":"Article","@id":"https:\/\/comision20dediciembrede1989.org.pa\/index.php\/2023\/11\/30\/buscan-identificar-restos-sepultados-en-tumba-de-victima-de-invasion\/#article","isPartOf":{"@id":"https:\/\/comision20dediciembrede1989.org.pa\/index.php\/2023\/11\/30\/buscan-identificar-restos-sepultados-en-tumba-de-victima-de-invasion\/"},"author":{"name":"MFadmin","@id":"https:\/\/comision20dediciembrede1989.org.pa\/#\/schema\/person\/0fea7be82c37e17f1362e93ba4ef2c6c"},"headline":"Buscan identificar restos sepultados en tumba de v\u00edctima de invasi\u00f3n","datePublished":"2023-11-30T23:17:14+00:00","dateModified":"2023-12-19T23:29:28+00:00","mainEntityOfPage":{"@id":"https:\/\/comision20dediciembrede1989.org.pa\/index.php\/2023\/11\/30\/buscan-identificar-restos-sepultados-en-tumba-de-victima-de-invasion\/"},"wordCount":290,"image":{"@id":"https:\/\/comision20dediciembrede1989.org.pa\/index.php\/2023\/11\/30\/buscan-identificar-restos-sepultados-en-tumba-de-victima-de-invasion\/#primaryimage"},"thumbnailUrl":"https:\/\/comision20dediciembrede1989.org.pa\/wp-content\/uploads\/2023\/12\/critica.jpg","articleSection":["11-2023","2023"],"inLanguage":"es"},{"@type":"WebPage","@id":"https:\/\/comision20dediciembrede1989.org.pa\/index.php\/2023\/11\/30\/buscan-identificar-restos-sepultados-en-tumba-de-victima-de-invasion\/","url":"https:\/\/comision20dediciembrede1989.org.pa\/index.php\/2023\/11\/30\/buscan-identificar-restos-sepultados-en-tumba-de-victima-de-invasion\/","name":"Buscan identificar restos sepultados en tumba de v\u00edctima","isPartOf":{"@id":"https:\/\/comision20dediciembrede1989.org.pa\/#website"},"primaryImageOfPage":{"@id":"https:\/\/comision20dediciembrede1989.org.pa\/index.php\/2023\/11\/30\/buscan-identificar-restos-sepultados-en-tumba-de-victima-de-invasion\/#primaryimage"},"image":{"@id":"https:\/\/comision20dediciembrede1989.org.pa\/index.php\/2023\/11\/30\/buscan-identificar-restos-sepultados-en-tumba-de-victima-de-invasion\/#primaryimage"},"thumbnailUrl":"https:\/\/comision20dediciembrede1989.org.pa\/wp-content\/uploads\/2023\/12\/critica.jpg","datePublished":"2023-11-30T23:17:14+00:00","dateModified":"2023-12-19T23:29:28+00:00","author":{"@id":"https:\/\/comision20dediciembrede1989.org.pa\/#\/schema\/person\/0fea7be82c37e17f1362e93ba4ef2c6c"},"description":"Entre las pruebas recabadas est\u00e1 el testimonio del padre de Gilke Boris Ayarza, que certific\u00f3 que su hijo est\u00e1 vivo.","breadcrumb":{"@id":"https:\/\/comision20dediciembrede1989.org.pa\/index.php\/2023\/11\/30\/buscan-identificar-restos-sepultados-en-tumba-de-victima-de-invasion\/#breadcrumb"},"inLanguage":"es","potentialAction":[{"@type":"ReadAction","target":["https:\/\/comision20dediciembrede1989.org.pa\/index.php\/2023\/11\/30\/buscan-identificar-restos-sepultados-en-tumba-de-victima-de-invasion\/"]}]},{"@type":"ImageObject","inLanguage":"es","@id":"https:\/\/comision20dediciembrede1989.org.pa\/index.php\/2023\/11\/30\/buscan-identificar-restos-sepultados-en-tumba-de-victima-de-invasion\/#primaryimage","url":"https:\/\/comision20dediciembrede1989.org.pa\/wp-content\/uploads\/2023\/12\/critica.jpg","contentUrl":"https:\/\/comision20dediciembrede1989.org.pa\/wp-content\/uploads\/2023\/12\/critica.jpg","width":860,"height":642,"caption":"La Cr\u00edtica - V\u00edctima"},{"@type":"BreadcrumbList","@id":"https:\/\/comision20dediciembrede1989.org.pa\/index.php\/2023\/11\/30\/buscan-identificar-restos-sepultados-en-tumba-de-victima-de-invasion\/#breadcrumb","itemListElement":[{"@type":"ListItem","position":1,"name":"Portada","item":"https:\/\/comision20dediciembrede1989.org.pa\/"},{"@type":"ListItem","position":2,"name":"Buscan identificar restos sepultados en tumba de v\u00edctima de invasi\u00f3n"}]},{"@type":"WebSite","@id":"https:\/\/comision20dediciembrede1989.org.pa\/#website","url":"https:\/\/comision20dediciembrede1989.org.pa\/","name":"Comision 20 de diciembre","description":"Por la Verdad, la Memoria y la Justicia","potentialAction":[{"@type":"SearchAction","target":{"@type":"EntryPoint","urlTemplate":"https:\/\/comision20dediciembrede1989.org.pa\/?s={search_term_string}"},"query-input":{"@type":"PropertyValueSpecification","valueRequired":true,"valueName":"search_term_string"}}],"inLanguage":"es"},{"@type":"Person","@id":"https:\/\/comision20dediciembrede1989.org.pa\/#\/schema\/person\/0fea7be82c37e17f1362e93ba4ef2c6c","name":"MFadmin","url":"https:\/\/comision20dediciembrede1989.org.pa\/index.php\/author\/mfadmin\/"}]}},"_links":{"self":[{"href":"https:\/\/comision20dediciembrede1989.org.pa\/index.php\/wp-json\/wp\/v2\/posts\/3303","targetHints":{"allow":["GET"]}}],"collection":[{"href":"https:\/\/comision20dediciembrede1989.org.pa\/index.php\/wp-json\/wp\/v2\/posts"}],"about":[{"href":"https:\/\/comision20dediciembrede1989.org.pa\/index.php\/wp-json\/wp\/v2\/types\/post"}],"author":[{"embeddable":true,"href":"https:\/\/comision20dediciembrede1989.org.pa\/index.php\/wp-json\/wp\/v2\/users\/7"}],"replies":[{"embeddable":true,"href":"https:\/\/comision20dediciembrede1989.org.pa\/index.php\/wp-json\/wp\/v2\/comments?post=3303"}],"version-history":[{"count":1,"href":"https:\/\/comision20dediciembrede1989.org.pa\/index.php\/wp-json\/wp\/v2\/posts\/3303\/revisions"}],"predecessor-version":[{"id":3305,"href":"https:\/\/comision20dediciembrede1989.org.pa\/index.php\/wp-json\/wp\/v2\/posts\/3303\/revisions\/3305"}],"wp:featuredmedia":[{"embeddable":true,"href":"https:\/\/comision20dediciembrede1989.org.pa\/index.php\/wp-json\/wp\/v2\/media\/3304"}],"wp:attachment":[{"href":"https:\/\/comision20dediciembrede1989.org.pa\/index.php\/wp-json\/wp\/v2\/media?parent=3303"}],"wp:term":[{"taxonomy":"category","embeddable":true,"href":"https:\/\/comision20dediciembrede1989.org.pa\/index.php\/wp-json\/wp\/v2\/categories?post=3303"},{"taxonomy":"post_tag","embeddable":true,"href":"https:\/\/comision20dediciembrede1989.org.pa\/index.php\/wp-json\/wp\/v2\/tags?post=3303"}],"curies":[{"name":"wp","href":"https:\/\/api.w.org\/{rel}","templated":true}]}}