{"id":3270,"date":"2023-05-05T22:09:23","date_gmt":"2023-05-05T22:09:23","guid":{"rendered":"https:\/\/comision20dediciembrede1989.org.pa\/?p=3270"},"modified":"2023-07-02T22:16:26","modified_gmt":"2023-07-02T22:16:26","slug":"guatemala-establecera-que-requiere-para-identificar-los-restos-oseos-del-20-de-diciembre","status":"publish","type":"post","link":"https:\/\/comision20dediciembrede1989.org.pa\/index.php\/2023\/05\/05\/guatemala-establecera-que-requiere-para-identificar-los-restos-oseos-del-20-de-diciembre\/","title":{"rendered":"Guatemala establecer\u00e1 qu\u00e9 requiere para identificar los restos \u00f3seos del 20 de diciembre"},"content":{"rendered":"<p>La Fundaci\u00f3n de Antropolog\u00eda Forense de Guatemala (FAFG) concluy\u00f3 su visita de dos d\u00edas en Panam\u00e1, y una vez en su pa\u00eds le informar\u00e1 a la Comisi\u00f3n 20 de Diciembre de 1989, el personal, equipo, tiempo y presupuesto que requiere para identificar el ADN de los restos \u00f3seos recuperados.<\/p>\n<p>La Fundaci\u00f3n de Antropolog\u00eda Forense de Guatemala (FAFG) concluy\u00f3 su visita de dos d\u00edas en Panam\u00e1, y una vez en su pa\u00eds le informar\u00e1 a la Comisi\u00f3n 20 de Diciembre de 1989, el personal, equipo, tiempo y presupuesto que requiere para identificar el ADN de los restos \u00f3seos recuperados.<\/p>\n<p>Los d\u00edas 4 y 5 de mayo, la FAFG revis\u00f3 la informaci\u00f3n sobre la recuperaci\u00f3n de los restos \u00f3seos, la investigaci\u00f3n realizada, las posibles vinculaciones familiares, el estatus del an\u00e1lisis multidisciplinario de las osamentas y las muestras referenciales. Adem\u00e1s, visit\u00f3 la manzana 90 bis en el Jard\u00edn de Paz.El caso de la identificaci\u00f3n de los restos \u00f3seos fue reabierto en enero de 2019, por la desaparici\u00f3n de Ismael Dorcy Segura, \u00fanico identificado entre un total de 33 cuerpos exhumados durante el 2020 en el Jard\u00edn de Paz.<\/p>\n<h4>Antecedentes<\/h4>\n<p>En las diligencias de exhumaciones particip\u00f3 el Instituto de Medicina Legal y Ciencias Forenses (IMELCF), con la asesor\u00eda del Equipo Argentino de Antropolog\u00eda Forense.En el Jard\u00edn de Paz, los antrop\u00f3logos exhumaron 33 bolsas de restos \u00f3seos, posteriormente, en octubre de 2021, en el Cementerio Monte Esperanza, en la provincia de Col\u00f3n, recuperaron ocho bolsas con restos \u00f3seos.<\/p>\n<p>En 2022, Panam\u00e1 por primera vez y luego de 33 a\u00f1os conmemor\u00f3 el 20 de Diciembre con D\u00eda de Duelo Nacional y adopta medidas de concientizaci\u00f3n nacional sobre la fecha.<\/p>\n<p>Fuente: <a href=\"https:\/\/www.laestrella.com.pa\/nacional\/230507\/guatemala-establecera-requiere-identificar\" target=\"_blank\" rel=\"noopener\">La Estrella de Panam\u00e1<\/a><\/p>\n","protected":false},"excerpt":{"rendered":"<p>La Fundaci\u00f3n de Antropolog\u00eda Forense de Guatemala (FAFG) concluy\u00f3 su visita de dos d\u00edas en Panam\u00e1, y una vez en su pa\u00eds le informar\u00e1 a la Comisi\u00f3n 20 de Diciembre de 1989, el personal, equipo, tiempo y presupuesto que requiere para identificar el ADN de los restos \u00f3seos recuperados. La Fundaci\u00f3n de Antropolog\u00eda Forense de Guatemala (FAFG) concluy\u00f3 su visita de dos d\u00edas en Panam\u00e1, y una vez en su pa\u00eds le informar\u00e1 a la Comisi\u00f3n 20 de Diciembre de 1989, el personal, equipo, tiempo y presupuesto que requiere para identificar el ADN de los restos \u00f3seos recuperados. Los d\u00edas 4 y 5 de mayo, la FAFG revis\u00f3 la informaci\u00f3n sobre la recuperaci\u00f3n de los restos \u00f3seos, la investigaci\u00f3n realizada, las posibles vinculaciones familiares, el estatus del an\u00e1lisis multidisciplinario de las osamentas y las muestras referenciales. Adem\u00e1s, visit\u00f3 la manzana 90 bis en el Jard\u00edn de Paz.El caso de la identificaci\u00f3n de los restos \u00f3seos fue reabierto en enero de 2019, por la desaparici\u00f3n de Ismael Dorcy Segura, \u00fanico identificado entre un total de 33 cuerpos exhumados durante el 2020 en el Jard\u00edn de Paz. Antecedentes En las diligencias de exhumaciones particip\u00f3 el Instituto de Medicina Legal y Ciencias Forenses (IMELCF), con la asesor\u00eda del Equipo Argentino de Antropolog\u00eda Forense.En el Jard\u00edn de Paz, los antrop\u00f3logos exhumaron 33 bolsas de restos \u00f3seos, posteriormente, en octubre de 2021, en el Cementerio Monte Esperanza, en la provincia de Col\u00f3n, recuperaron ocho bolsas con restos \u00f3seos. En 2022, Panam\u00e1 por primera vez y [&hellip;]<\/p>\n","protected":false},"author":7,"featured_media":3271,"comment_status":"closed","ping_status":"closed","sticky":false,"template":"","format":"standard","meta":{"footnotes":""},"categories":[96,91],"tags":[],"class_list":["post-3270","post","type-post","status-publish","format-standard","has-post-thumbnail","hentry","category-05-2023","category-91"],"yoast_head":"<!-- This site is optimized with the Yoast SEO plugin v27.5 - https:\/\/yoast.com\/product\/yoast-seo-wordpress\/ -->\n<title>Guatemala establecer\u00e1 qu\u00e9 requiere para identificar los restos<\/title>\n<meta name=\"description\" content=\"La Fundaci\u00f3n de Antropolog\u00eda Forense de Guatemala (FAFG) concluy\u00f3 su visita de dos d\u00edas en Panam\u00e1, y una vez en su pa\u00eds le informar\u00e1 a la\" \/>\n<meta name=\"robots\" content=\"index, follow, max-snippet:-1, max-image-preview:large, max-video-preview:-1\" \/>\n<link rel=\"canonical\" href=\"https:\/\/comision20dediciembrede1989.org.pa\/index.php\/2023\/05\/05\/guatemala-establecera-que-requiere-para-identificar-los-restos-oseos-del-20-de-diciembre\/\" \/>\n<meta property=\"og:locale\" content=\"es_ES\" \/>\n<meta property=\"og:type\" content=\"article\" \/>\n<meta property=\"og:title\" content=\"Guatemala establecer\u00e1 qu\u00e9 requiere para identificar los restos\" \/>\n<meta property=\"og:description\" content=\"La Fundaci\u00f3n de Antropolog\u00eda Forense de Guatemala (FAFG) concluy\u00f3 su visita de dos d\u00edas en Panam\u00e1, y una vez en su pa\u00eds le informar\u00e1 a la\" \/>\n<meta property=\"og:url\" content=\"https:\/\/comision20dediciembrede1989.org.pa\/index.php\/2023\/05\/05\/guatemala-establecera-que-requiere-para-identificar-los-restos-oseos-del-20-de-diciembre\/\" \/>\n<meta property=\"og:site_name\" content=\"Comision 20 de diciembre\" \/>\n<meta property=\"article:published_time\" content=\"2023-05-05T22:09:23+00:00\" \/>\n<meta property=\"article:modified_time\" content=\"2023-07-02T22:16:26+00:00\" \/>\n<meta property=\"og:image\" content=\"https:\/\/comision20dediciembrede1989.org.pa\/wp-content\/uploads\/2023\/07\/estrella.jpg\" \/>\n\t<meta property=\"og:image:width\" content=\"711\" \/>\n\t<meta property=\"og:image:height\" content=\"357\" \/>\n\t<meta property=\"og:image:type\" content=\"image\/jpeg\" \/>\n<meta name=\"author\" content=\"MFadmin\" \/>\n<meta name=\"twitter:card\" content=\"summary_large_image\" \/>\n<meta name=\"twitter:label1\" content=\"Escrito por\" \/>\n\t<meta name=\"twitter:data1\" content=\"MFadmin\" \/>\n\t<meta name=\"twitter:label2\" content=\"Tiempo de lectura\" \/>\n\t<meta name=\"twitter:data2\" content=\"2 minutos\" \/>\n<script type=\"application\/ld+json\" class=\"yoast-schema-graph\">{\"@context\":\"https:\\\/\\\/schema.org\",\"@graph\":[{\"@type\":\"Article\",\"@id\":\"https:\\\/\\\/comision20dediciembrede1989.org.pa\\\/index.php\\\/2023\\\/05\\\/05\\\/guatemala-establecera-que-requiere-para-identificar-los-restos-oseos-del-20-de-diciembre\\\/#article\",\"isPartOf\":{\"@id\":\"https:\\\/\\\/comision20dediciembrede1989.org.pa\\\/index.php\\\/2023\\\/05\\\/05\\\/guatemala-establecera-que-requiere-para-identificar-los-restos-oseos-del-20-de-diciembre\\\/\"},\"author\":{\"name\":\"MFadmin\",\"@id\":\"https:\\\/\\\/comision20dediciembrede1989.org.pa\\\/#\\\/schema\\\/person\\\/0fea7be82c37e17f1362e93ba4ef2c6c\"},\"headline\":\"Guatemala establecer\u00e1 qu\u00e9 requiere para identificar los restos \u00f3seos del 20 de diciembre\",\"datePublished\":\"2023-05-05T22:09:23+00:00\",\"dateModified\":\"2023-07-02T22:16:26+00:00\",\"mainEntityOfPage\":{\"@id\":\"https:\\\/\\\/comision20dediciembrede1989.org.pa\\\/index.php\\\/2023\\\/05\\\/05\\\/guatemala-establecera-que-requiere-para-identificar-los-restos-oseos-del-20-de-diciembre\\\/\"},\"wordCount\":305,\"image\":{\"@id\":\"https:\\\/\\\/comision20dediciembrede1989.org.pa\\\/index.php\\\/2023\\\/05\\\/05\\\/guatemala-establecera-que-requiere-para-identificar-los-restos-oseos-del-20-de-diciembre\\\/#primaryimage\"},\"thumbnailUrl\":\"https:\\\/\\\/comision20dediciembrede1989.org.pa\\\/wp-content\\\/uploads\\\/2023\\\/07\\\/estrella.jpg\",\"articleSection\":[\"05-2023\",\"2023\"],\"inLanguage\":\"es\"},{\"@type\":\"WebPage\",\"@id\":\"https:\\\/\\\/comision20dediciembrede1989.org.pa\\\/index.php\\\/2023\\\/05\\\/05\\\/guatemala-establecera-que-requiere-para-identificar-los-restos-oseos-del-20-de-diciembre\\\/\",\"url\":\"https:\\\/\\\/comision20dediciembrede1989.org.pa\\\/index.php\\\/2023\\\/05\\\/05\\\/guatemala-establecera-que-requiere-para-identificar-los-restos-oseos-del-20-de-diciembre\\\/\",\"name\":\"Guatemala establecer\u00e1 qu\u00e9 requiere para identificar los restos\",\"isPartOf\":{\"@id\":\"https:\\\/\\\/comision20dediciembrede1989.org.pa\\\/#website\"},\"primaryImageOfPage\":{\"@id\":\"https:\\\/\\\/comision20dediciembrede1989.org.pa\\\/index.php\\\/2023\\\/05\\\/05\\\/guatemala-establecera-que-requiere-para-identificar-los-restos-oseos-del-20-de-diciembre\\\/#primaryimage\"},\"image\":{\"@id\":\"https:\\\/\\\/comision20dediciembrede1989.org.pa\\\/index.php\\\/2023\\\/05\\\/05\\\/guatemala-establecera-que-requiere-para-identificar-los-restos-oseos-del-20-de-diciembre\\\/#primaryimage\"},\"thumbnailUrl\":\"https:\\\/\\\/comision20dediciembrede1989.org.pa\\\/wp-content\\\/uploads\\\/2023\\\/07\\\/estrella.jpg\",\"datePublished\":\"2023-05-05T22:09:23+00:00\",\"dateModified\":\"2023-07-02T22:16:26+00:00\",\"author\":{\"@id\":\"https:\\\/\\\/comision20dediciembrede1989.org.pa\\\/#\\\/schema\\\/person\\\/0fea7be82c37e17f1362e93ba4ef2c6c\"},\"description\":\"La Fundaci\u00f3n de Antropolog\u00eda Forense de Guatemala (FAFG) concluy\u00f3 su visita de dos d\u00edas en Panam\u00e1, y una vez en su pa\u00eds le informar\u00e1 a la\",\"breadcrumb\":{\"@id\":\"https:\\\/\\\/comision20dediciembrede1989.org.pa\\\/index.php\\\/2023\\\/05\\\/05\\\/guatemala-establecera-que-requiere-para-identificar-los-restos-oseos-del-20-de-diciembre\\\/#breadcrumb\"},\"inLanguage\":\"es\",\"potentialAction\":[{\"@type\":\"ReadAction\",\"target\":[\"https:\\\/\\\/comision20dediciembrede1989.org.pa\\\/index.php\\\/2023\\\/05\\\/05\\\/guatemala-establecera-que-requiere-para-identificar-los-restos-oseos-del-20-de-diciembre\\\/\"]}]},{\"@type\":\"ImageObject\",\"inLanguage\":\"es\",\"@id\":\"https:\\\/\\\/comision20dediciembrede1989.org.pa\\\/index.php\\\/2023\\\/05\\\/05\\\/guatemala-establecera-que-requiere-para-identificar-los-restos-oseos-del-20-de-diciembre\\\/#primaryimage\",\"url\":\"https:\\\/\\\/comision20dediciembrede1989.org.pa\\\/wp-content\\\/uploads\\\/2023\\\/07\\\/estrella.jpg\",\"contentUrl\":\"https:\\\/\\\/comision20dediciembrede1989.org.pa\\\/wp-content\\\/uploads\\\/2023\\\/07\\\/estrella.jpg\",\"width\":711,\"height\":357},{\"@type\":\"BreadcrumbList\",\"@id\":\"https:\\\/\\\/comision20dediciembrede1989.org.pa\\\/index.php\\\/2023\\\/05\\\/05\\\/guatemala-establecera-que-requiere-para-identificar-los-restos-oseos-del-20-de-diciembre\\\/#breadcrumb\",\"itemListElement\":[{\"@type\":\"ListItem\",\"position\":1,\"name\":\"Portada\",\"item\":\"https:\\\/\\\/comision20dediciembrede1989.org.pa\\\/\"},{\"@type\":\"ListItem\",\"position\":2,\"name\":\"Guatemala establecer\u00e1 qu\u00e9 requiere para identificar los restos \u00f3seos del 20 de diciembre\"}]},{\"@type\":\"WebSite\",\"@id\":\"https:\\\/\\\/comision20dediciembrede1989.org.pa\\\/#website\",\"url\":\"https:\\\/\\\/comision20dediciembrede1989.org.pa\\\/\",\"name\":\"Comision 20 de diciembre\",\"description\":\"Por la Verdad, la Memoria y la Justicia\",\"potentialAction\":[{\"@type\":\"SearchAction\",\"target\":{\"@type\":\"EntryPoint\",\"urlTemplate\":\"https:\\\/\\\/comision20dediciembrede1989.org.pa\\\/?s={search_term_string}\"},\"query-input\":{\"@type\":\"PropertyValueSpecification\",\"valueRequired\":true,\"valueName\":\"search_term_string\"}}],\"inLanguage\":\"es\"},{\"@type\":\"Person\",\"@id\":\"https:\\\/\\\/comision20dediciembrede1989.org.pa\\\/#\\\/schema\\\/person\\\/0fea7be82c37e17f1362e93ba4ef2c6c\",\"name\":\"MFadmin\",\"url\":\"https:\\\/\\\/comision20dediciembrede1989.org.pa\\\/index.php\\\/author\\\/mfadmin\\\/\"}]}<\/script>\n<!-- \/ Yoast SEO plugin. -->","yoast_head_json":{"title":"Guatemala establecer\u00e1 qu\u00e9 requiere para identificar los restos","description":"La Fundaci\u00f3n de Antropolog\u00eda Forense de Guatemala (FAFG) concluy\u00f3 su visita de dos d\u00edas en Panam\u00e1, y una vez en su pa\u00eds le informar\u00e1 a la","robots":{"index":"index","follow":"follow","max-snippet":"max-snippet:-1","max-image-preview":"max-image-preview:large","max-video-preview":"max-video-preview:-1"},"canonical":"https:\/\/comision20dediciembrede1989.org.pa\/index.php\/2023\/05\/05\/guatemala-establecera-que-requiere-para-identificar-los-restos-oseos-del-20-de-diciembre\/","og_locale":"es_ES","og_type":"article","og_title":"Guatemala establecer\u00e1 qu\u00e9 requiere para identificar los restos","og_description":"La Fundaci\u00f3n de Antropolog\u00eda Forense de Guatemala (FAFG) concluy\u00f3 su visita de dos d\u00edas en Panam\u00e1, y una vez en su pa\u00eds le informar\u00e1 a la","og_url":"https:\/\/comision20dediciembrede1989.org.pa\/index.php\/2023\/05\/05\/guatemala-establecera-que-requiere-para-identificar-los-restos-oseos-del-20-de-diciembre\/","og_site_name":"Comision 20 de diciembre","article_published_time":"2023-05-05T22:09:23+00:00","article_modified_time":"2023-07-02T22:16:26+00:00","og_image":[{"width":711,"height":357,"url":"https:\/\/comision20dediciembrede1989.org.pa\/wp-content\/uploads\/2023\/07\/estrella.jpg","type":"image\/jpeg"}],"author":"MFadmin","twitter_card":"summary_large_image","twitter_misc":{"Escrito por":"MFadmin","Tiempo de lectura":"2 minutos"},"schema":{"@context":"https:\/\/schema.org","@graph":[{"@type":"Article","@id":"https:\/\/comision20dediciembrede1989.org.pa\/index.php\/2023\/05\/05\/guatemala-establecera-que-requiere-para-identificar-los-restos-oseos-del-20-de-diciembre\/#article","isPartOf":{"@id":"https:\/\/comision20dediciembrede1989.org.pa\/index.php\/2023\/05\/05\/guatemala-establecera-que-requiere-para-identificar-los-restos-oseos-del-20-de-diciembre\/"},"author":{"name":"MFadmin","@id":"https:\/\/comision20dediciembrede1989.org.pa\/#\/schema\/person\/0fea7be82c37e17f1362e93ba4ef2c6c"},"headline":"Guatemala establecer\u00e1 qu\u00e9 requiere para identificar los restos \u00f3seos del 20 de diciembre","datePublished":"2023-05-05T22:09:23+00:00","dateModified":"2023-07-02T22:16:26+00:00","mainEntityOfPage":{"@id":"https:\/\/comision20dediciembrede1989.org.pa\/index.php\/2023\/05\/05\/guatemala-establecera-que-requiere-para-identificar-los-restos-oseos-del-20-de-diciembre\/"},"wordCount":305,"image":{"@id":"https:\/\/comision20dediciembrede1989.org.pa\/index.php\/2023\/05\/05\/guatemala-establecera-que-requiere-para-identificar-los-restos-oseos-del-20-de-diciembre\/#primaryimage"},"thumbnailUrl":"https:\/\/comision20dediciembrede1989.org.pa\/wp-content\/uploads\/2023\/07\/estrella.jpg","articleSection":["05-2023","2023"],"inLanguage":"es"},{"@type":"WebPage","@id":"https:\/\/comision20dediciembrede1989.org.pa\/index.php\/2023\/05\/05\/guatemala-establecera-que-requiere-para-identificar-los-restos-oseos-del-20-de-diciembre\/","url":"https:\/\/comision20dediciembrede1989.org.pa\/index.php\/2023\/05\/05\/guatemala-establecera-que-requiere-para-identificar-los-restos-oseos-del-20-de-diciembre\/","name":"Guatemala establecer\u00e1 qu\u00e9 requiere para identificar los restos","isPartOf":{"@id":"https:\/\/comision20dediciembrede1989.org.pa\/#website"},"primaryImageOfPage":{"@id":"https:\/\/comision20dediciembrede1989.org.pa\/index.php\/2023\/05\/05\/guatemala-establecera-que-requiere-para-identificar-los-restos-oseos-del-20-de-diciembre\/#primaryimage"},"image":{"@id":"https:\/\/comision20dediciembrede1989.org.pa\/index.php\/2023\/05\/05\/guatemala-establecera-que-requiere-para-identificar-los-restos-oseos-del-20-de-diciembre\/#primaryimage"},"thumbnailUrl":"https:\/\/comision20dediciembrede1989.org.pa\/wp-content\/uploads\/2023\/07\/estrella.jpg","datePublished":"2023-05-05T22:09:23+00:00","dateModified":"2023-07-02T22:16:26+00:00","author":{"@id":"https:\/\/comision20dediciembrede1989.org.pa\/#\/schema\/person\/0fea7be82c37e17f1362e93ba4ef2c6c"},"description":"La Fundaci\u00f3n de Antropolog\u00eda Forense de Guatemala (FAFG) concluy\u00f3 su visita de dos d\u00edas en Panam\u00e1, y una vez en su pa\u00eds le informar\u00e1 a la","breadcrumb":{"@id":"https:\/\/comision20dediciembrede1989.org.pa\/index.php\/2023\/05\/05\/guatemala-establecera-que-requiere-para-identificar-los-restos-oseos-del-20-de-diciembre\/#breadcrumb"},"inLanguage":"es","potentialAction":[{"@type":"ReadAction","target":["https:\/\/comision20dediciembrede1989.org.pa\/index.php\/2023\/05\/05\/guatemala-establecera-que-requiere-para-identificar-los-restos-oseos-del-20-de-diciembre\/"]}]},{"@type":"ImageObject","inLanguage":"es","@id":"https:\/\/comision20dediciembrede1989.org.pa\/index.php\/2023\/05\/05\/guatemala-establecera-que-requiere-para-identificar-los-restos-oseos-del-20-de-diciembre\/#primaryimage","url":"https:\/\/comision20dediciembrede1989.org.pa\/wp-content\/uploads\/2023\/07\/estrella.jpg","contentUrl":"https:\/\/comision20dediciembrede1989.org.pa\/wp-content\/uploads\/2023\/07\/estrella.jpg","width":711,"height":357},{"@type":"BreadcrumbList","@id":"https:\/\/comision20dediciembrede1989.org.pa\/index.php\/2023\/05\/05\/guatemala-establecera-que-requiere-para-identificar-los-restos-oseos-del-20-de-diciembre\/#breadcrumb","itemListElement":[{"@type":"ListItem","position":1,"name":"Portada","item":"https:\/\/comision20dediciembrede1989.org.pa\/"},{"@type":"ListItem","position":2,"name":"Guatemala establecer\u00e1 qu\u00e9 requiere para identificar los restos \u00f3seos del 20 de diciembre"}]},{"@type":"WebSite","@id":"https:\/\/comision20dediciembrede1989.org.pa\/#website","url":"https:\/\/comision20dediciembrede1989.org.pa\/","name":"Comision 20 de diciembre","description":"Por la Verdad, la Memoria y la Justicia","potentialAction":[{"@type":"SearchAction","target":{"@type":"EntryPoint","urlTemplate":"https:\/\/comision20dediciembrede1989.org.pa\/?s={search_term_string}"},"query-input":{"@type":"PropertyValueSpecification","valueRequired":true,"valueName":"search_term_string"}}],"inLanguage":"es"},{"@type":"Person","@id":"https:\/\/comision20dediciembrede1989.org.pa\/#\/schema\/person\/0fea7be82c37e17f1362e93ba4ef2c6c","name":"MFadmin","url":"https:\/\/comision20dediciembrede1989.org.pa\/index.php\/author\/mfadmin\/"}]}},"_links":{"self":[{"href":"https:\/\/comision20dediciembrede1989.org.pa\/index.php\/wp-json\/wp\/v2\/posts\/3270","targetHints":{"allow":["GET"]}}],"collection":[{"href":"https:\/\/comision20dediciembrede1989.org.pa\/index.php\/wp-json\/wp\/v2\/posts"}],"about":[{"href":"https:\/\/comision20dediciembrede1989.org.pa\/index.php\/wp-json\/wp\/v2\/types\/post"}],"author":[{"embeddable":true,"href":"https:\/\/comision20dediciembrede1989.org.pa\/index.php\/wp-json\/wp\/v2\/users\/7"}],"replies":[{"embeddable":true,"href":"https:\/\/comision20dediciembrede1989.org.pa\/index.php\/wp-json\/wp\/v2\/comments?post=3270"}],"version-history":[{"count":1,"href":"https:\/\/comision20dediciembrede1989.org.pa\/index.php\/wp-json\/wp\/v2\/posts\/3270\/revisions"}],"predecessor-version":[{"id":3272,"href":"https:\/\/comision20dediciembrede1989.org.pa\/index.php\/wp-json\/wp\/v2\/posts\/3270\/revisions\/3272"}],"wp:featuredmedia":[{"embeddable":true,"href":"https:\/\/comision20dediciembrede1989.org.pa\/index.php\/wp-json\/wp\/v2\/media\/3271"}],"wp:attachment":[{"href":"https:\/\/comision20dediciembrede1989.org.pa\/index.php\/wp-json\/wp\/v2\/media?parent=3270"}],"wp:term":[{"taxonomy":"category","embeddable":true,"href":"https:\/\/comision20dediciembrede1989.org.pa\/index.php\/wp-json\/wp\/v2\/categories?post=3270"},{"taxonomy":"post_tag","embeddable":true,"href":"https:\/\/comision20dediciembrede1989.org.pa\/index.php\/wp-json\/wp\/v2\/tags?post=3270"}],"curies":[{"name":"wp","href":"https:\/\/api.w.org\/{rel}","templated":true}]}}