{"id":3252,"date":"2023-05-05T21:54:23","date_gmt":"2023-05-05T21:54:23","guid":{"rendered":"https:\/\/comision20dediciembrede1989.org.pa\/?p=3252"},"modified":"2023-07-02T21:59:18","modified_gmt":"2023-07-02T21:59:18","slug":"visita-de-diagnostico-para-revisar-los-casos-de-osamentas-recuperadas-con-miras-a-su-identificacion-genetica","status":"publish","type":"post","link":"https:\/\/comision20dediciembrede1989.org.pa\/index.php\/2023\/05\/05\/visita-de-diagnostico-para-revisar-los-casos-de-osamentas-recuperadas-con-miras-a-su-identificacion-genetica\/","title":{"rendered":"Visita de diagn\u00f3stico para revisar los casos de osamentas recuperadas con miras a su identificaci\u00f3n gen\u00e9tica"},"content":{"rendered":"<p style=\"text-align: justify;\">La Fundaci\u00f3n de Antropolog\u00eda Forense de Guatemala (FAFG), en conjunto con la Comisi\u00f3n del 20 de diciembre de 1989 y el Ministerio P\u00fablico, realiz\u00f3 una reuni\u00f3n en el Instituto de Medicina Legal y Ciencias Forenses de Panam\u00e1 y visita al cementerio, en la manzana 90 bis del Jard\u00edn de Paz, en la Ciudad de Panam\u00e1. Este evento, titulado \u201cVisita de Diagn\u00f3stico para Revisar Los Casos de Osamentas Recuperadas con Miras a Su Identificaci\u00f3n Gen\u00e9tica\u201d, la cual cont\u00f3 con la participaci\u00f3n de especialistas en el campo de la Antropolog\u00eda Forense y la Identificaci\u00f3n Gen\u00e9tica.<\/p>\n<p style=\"text-align: justify;\">La reuni\u00f3n se llev\u00f3 a cabo el 4 de mayo del 2023, y fue organizada por La Comisi\u00f3n del 20 de Diciembre de 1989, en la que participaron representantes de la Fundaci\u00f3n de Antropolog\u00eda Forense de Guatemala, Mishel Stepheson, Directora de Gen\u00e9tica Forense y Omar Gir\u00f3n, Director de Confirmaci\u00f3n de Identificaciones.<\/p>\n<p style=\"text-align: justify;\">Adem\u00e1s, se cont\u00f3 con la participaci\u00f3n del Comisionado Presidente de la Comisi\u00f3n del 20 de Diciembre de 1989, Rolando Murgas Torraza, por parte del Ministerio P\u00fablico, la Fiscal Superior de Descarga del \u00c1rea Metropolitana de Homicidio y Feminicido, Geomara Guerra Miranda, y la Subdirectora General del IMELCF, la Doctora, Vera Varela Petrucelli, la cual estuvo acompa\u00f1ada por su equipo de especialistas en gen\u00e9tica forense, antropolog\u00eda forense, supervisi\u00f3n de laboratorios, morgue judicial y odontolog\u00eda forense.<\/p>\n<p style=\"text-align: justify;\">Continuando con la agenda la Dra. Vera Valera, pronunci\u00f3 las palabras de bienvenida y de agradecimiento por la oportunidad de colaboraci\u00f3n por parte las organizaciones presentes, tambi\u00e9n reconoci\u00f3 al equipo de peritos del IMELCF, que ha estado trabajando incansablemente en la indentificaci\u00f3n de las v\u00edctimas de la invasi\u00f3n de Estados Unidos en Panam\u00e1, con el objetivo de colaborar con la verdad y la justica.<\/p>\n<p style=\"text-align: justify;\">Esta vistar\u00e1 se efectuar\u00e1 del 4 y 5 de mayo del 2023, la cual ha avazando significamente desde octubre del 2022, cuando se inici\u00f3 esta alianza. Dicha visita estar\u00e1 a cargo de la FAFG, que tiene como prop\u00f3sito revisar el trabajo pendiente en los casos de osamentas recuperadas, se examinar\u00e1 la informaci\u00f3n sobre la recuperaci\u00f3n de los restos, las investigaciones realizadas, la posible identificaici\u00f3n de familiares, el estado de las osamentas y las muestras de referencia. A partir de esa evaluaci\u00f3n se podr\u00e1 determinar los recursos necesarios en t\u00e9rminos de tiempo y finaciamento para completar el proceso de identificaci\u00f3n.<\/p>\n<p style=\"text-align: justify;\">El objetivo principal es abordar los casos de osamentas recuperadas que requieren identificaci\u00f3n gen\u00e9tica. El Hito m\u00e1s destacado fue la primera identificaci\u00f3n, en cooperaci\u00f3n con Guatemala, donde se llev\u00f3 a cabo el an\u00e1lisis gen\u00e9tico del caso del se\u00f1or Ismael Dorcy, desaparecido en enero del 2019.<\/p>\n<p><img fetchpriority=\"high\" decoding=\"async\" class=\"alignnone size-full wp-image-3262\" src=\"http:\/\/comision20dediciembrede1989.org.pa\/wp-content\/uploads\/2023\/07\/imelf.jpg\" alt=\"\" width=\"925\" height=\"602\" srcset=\"https:\/\/comision20dediciembrede1989.org.pa\/wp-content\/uploads\/2023\/07\/imelf.jpg 925w, https:\/\/comision20dediciembrede1989.org.pa\/wp-content\/uploads\/2023\/07\/imelf-300x195.jpg 300w, https:\/\/comision20dediciembrede1989.org.pa\/wp-content\/uploads\/2023\/07\/imelf-768x500.jpg 768w, https:\/\/comision20dediciembrede1989.org.pa\/wp-content\/uploads\/2023\/07\/imelf-783x510.jpg 783w, https:\/\/comision20dediciembrede1989.org.pa\/wp-content\/uploads\/2023\/07\/imelf-575x374.jpg 575w\" sizes=\"(max-width: 925px) 100vw, 925px\" \/><\/p>\n<p>Fuente: <a href=\"https:\/\/www.imelcf.gob.pa\/2023\/05\/05\/visita-de-diagnostico-para-revisar-los-casos-de-osamentas-recuperadas-con-miras-a-su-identificacion-genetica\/#\" target=\"_blank\" rel=\"noopener\">IMELCF<\/a><\/p>\n","protected":false},"excerpt":{"rendered":"<p>La Fundaci\u00f3n de Antropolog\u00eda Forense de Guatemala (FAFG), en conjunto con la Comisi\u00f3n del 20 de diciembre de 1989 y el Ministerio P\u00fablico, realiz\u00f3 una reuni\u00f3n en el Instituto de Medicina Legal y Ciencias Forenses de Panam\u00e1 y visita al cementerio, en la manzana 90 bis del Jard\u00edn de Paz, en la Ciudad de Panam\u00e1. Este evento, titulado \u201cVisita de Diagn\u00f3stico para Revisar Los Casos de Osamentas Recuperadas con Miras a Su Identificaci\u00f3n Gen\u00e9tica\u201d, la cual cont\u00f3 con la participaci\u00f3n de especialistas en el campo de la Antropolog\u00eda Forense y la Identificaci\u00f3n Gen\u00e9tica. La reuni\u00f3n se llev\u00f3 a cabo el 4 de mayo del 2023, y fue organizada por La Comisi\u00f3n del 20 de Diciembre de 1989, en la que participaron representantes de la Fundaci\u00f3n de Antropolog\u00eda Forense de Guatemala, Mishel Stepheson, Directora de Gen\u00e9tica Forense y Omar Gir\u00f3n, Director de Confirmaci\u00f3n de Identificaciones. Adem\u00e1s, se cont\u00f3 con la participaci\u00f3n del Comisionado Presidente de la Comisi\u00f3n del 20 de Diciembre de 1989, Rolando Murgas Torraza, por parte del Ministerio P\u00fablico, la Fiscal Superior de Descarga del \u00c1rea Metropolitana de Homicidio y Feminicido, Geomara Guerra Miranda, y la Subdirectora General del IMELCF, la Doctora, Vera Varela Petrucelli, la cual estuvo acompa\u00f1ada por su equipo de especialistas en gen\u00e9tica forense, antropolog\u00eda forense, supervisi\u00f3n de laboratorios, morgue judicial y odontolog\u00eda forense. Continuando con la agenda la Dra. Vera Valera, pronunci\u00f3 las palabras de bienvenida y de agradecimiento por la oportunidad de colaboraci\u00f3n por parte las organizaciones presentes, tambi\u00e9n reconoci\u00f3 al equipo de peritos [&hellip;]<\/p>\n","protected":false},"author":7,"featured_media":3263,"comment_status":"closed","ping_status":"closed","sticky":false,"template":"","format":"standard","meta":{"footnotes":""},"categories":[96,91],"tags":[],"class_list":["post-3252","post","type-post","status-publish","format-standard","has-post-thumbnail","hentry","category-05-2023","category-91"],"yoast_head":"<!-- This site is optimized with the Yoast SEO plugin v27.5 - https:\/\/yoast.com\/product\/yoast-seo-wordpress\/ -->\n<title>Visita de diagn\u00f3stico para revisar los casos de osamentas<\/title>\n<meta name=\"description\" content=\"La Fundaci\u00f3n de Antropolog\u00eda Forense de Guatemala (FAFG), en conjunto con la Comisi\u00f3n del 20 de diciembre de 1989 y el Ministerio P\u00fablico\" \/>\n<meta name=\"robots\" content=\"index, follow, max-snippet:-1, max-image-preview:large, max-video-preview:-1\" \/>\n<link rel=\"canonical\" href=\"https:\/\/comision20dediciembrede1989.org.pa\/index.php\/2023\/05\/05\/visita-de-diagnostico-para-revisar-los-casos-de-osamentas-recuperadas-con-miras-a-su-identificacion-genetica\/\" \/>\n<meta property=\"og:locale\" content=\"es_ES\" \/>\n<meta property=\"og:type\" content=\"article\" \/>\n<meta property=\"og:title\" content=\"Visita de diagn\u00f3stico para revisar los casos de osamentas\" \/>\n<meta property=\"og:description\" content=\"La Fundaci\u00f3n de Antropolog\u00eda Forense de Guatemala (FAFG), en conjunto con la Comisi\u00f3n del 20 de diciembre de 1989 y el Ministerio P\u00fablico\" \/>\n<meta property=\"og:url\" content=\"https:\/\/comision20dediciembrede1989.org.pa\/index.php\/2023\/05\/05\/visita-de-diagnostico-para-revisar-los-casos-de-osamentas-recuperadas-con-miras-a-su-identificacion-genetica\/\" \/>\n<meta property=\"og:site_name\" content=\"Comision 20 de diciembre\" \/>\n<meta property=\"article:published_time\" content=\"2023-05-05T21:54:23+00:00\" \/>\n<meta property=\"article:modified_time\" content=\"2023-07-02T21:59:18+00:00\" \/>\n<meta property=\"og:image\" content=\"https:\/\/comision20dediciembrede1989.org.pa\/wp-content\/uploads\/2023\/07\/imfl.jpg\" \/>\n\t<meta property=\"og:image:width\" content=\"1183\" \/>\n\t<meta property=\"og:image:height\" content=\"659\" \/>\n\t<meta property=\"og:image:type\" content=\"image\/jpeg\" \/>\n<meta name=\"author\" content=\"MFadmin\" \/>\n<meta name=\"twitter:card\" content=\"summary_large_image\" \/>\n<meta name=\"twitter:label1\" content=\"Escrito por\" \/>\n\t<meta name=\"twitter:data1\" content=\"MFadmin\" \/>\n\t<meta name=\"twitter:label2\" content=\"Tiempo de lectura\" \/>\n\t<meta name=\"twitter:data2\" content=\"3 minutos\" \/>\n<script type=\"application\/ld+json\" class=\"yoast-schema-graph\">{\"@context\":\"https:\\\/\\\/schema.org\",\"@graph\":[{\"@type\":\"Article\",\"@id\":\"https:\\\/\\\/comision20dediciembrede1989.org.pa\\\/index.php\\\/2023\\\/05\\\/05\\\/visita-de-diagnostico-para-revisar-los-casos-de-osamentas-recuperadas-con-miras-a-su-identificacion-genetica\\\/#article\",\"isPartOf\":{\"@id\":\"https:\\\/\\\/comision20dediciembrede1989.org.pa\\\/index.php\\\/2023\\\/05\\\/05\\\/visita-de-diagnostico-para-revisar-los-casos-de-osamentas-recuperadas-con-miras-a-su-identificacion-genetica\\\/\"},\"author\":{\"name\":\"MFadmin\",\"@id\":\"https:\\\/\\\/comision20dediciembrede1989.org.pa\\\/#\\\/schema\\\/person\\\/0fea7be82c37e17f1362e93ba4ef2c6c\"},\"headline\":\"Visita de diagn\u00f3stico para revisar los casos de osamentas recuperadas con miras a su identificaci\u00f3n gen\u00e9tica\",\"datePublished\":\"2023-05-05T21:54:23+00:00\",\"dateModified\":\"2023-07-02T21:59:18+00:00\",\"mainEntityOfPage\":{\"@id\":\"https:\\\/\\\/comision20dediciembrede1989.org.pa\\\/index.php\\\/2023\\\/05\\\/05\\\/visita-de-diagnostico-para-revisar-los-casos-de-osamentas-recuperadas-con-miras-a-su-identificacion-genetica\\\/\"},\"wordCount\":482,\"image\":{\"@id\":\"https:\\\/\\\/comision20dediciembrede1989.org.pa\\\/index.php\\\/2023\\\/05\\\/05\\\/visita-de-diagnostico-para-revisar-los-casos-de-osamentas-recuperadas-con-miras-a-su-identificacion-genetica\\\/#primaryimage\"},\"thumbnailUrl\":\"https:\\\/\\\/comision20dediciembrede1989.org.pa\\\/wp-content\\\/uploads\\\/2023\\\/07\\\/imfl.jpg\",\"articleSection\":[\"05-2023\",\"2023\"],\"inLanguage\":\"es\"},{\"@type\":\"WebPage\",\"@id\":\"https:\\\/\\\/comision20dediciembrede1989.org.pa\\\/index.php\\\/2023\\\/05\\\/05\\\/visita-de-diagnostico-para-revisar-los-casos-de-osamentas-recuperadas-con-miras-a-su-identificacion-genetica\\\/\",\"url\":\"https:\\\/\\\/comision20dediciembrede1989.org.pa\\\/index.php\\\/2023\\\/05\\\/05\\\/visita-de-diagnostico-para-revisar-los-casos-de-osamentas-recuperadas-con-miras-a-su-identificacion-genetica\\\/\",\"name\":\"Visita de diagn\u00f3stico para revisar los casos de osamentas\",\"isPartOf\":{\"@id\":\"https:\\\/\\\/comision20dediciembrede1989.org.pa\\\/#website\"},\"primaryImageOfPage\":{\"@id\":\"https:\\\/\\\/comision20dediciembrede1989.org.pa\\\/index.php\\\/2023\\\/05\\\/05\\\/visita-de-diagnostico-para-revisar-los-casos-de-osamentas-recuperadas-con-miras-a-su-identificacion-genetica\\\/#primaryimage\"},\"image\":{\"@id\":\"https:\\\/\\\/comision20dediciembrede1989.org.pa\\\/index.php\\\/2023\\\/05\\\/05\\\/visita-de-diagnostico-para-revisar-los-casos-de-osamentas-recuperadas-con-miras-a-su-identificacion-genetica\\\/#primaryimage\"},\"thumbnailUrl\":\"https:\\\/\\\/comision20dediciembrede1989.org.pa\\\/wp-content\\\/uploads\\\/2023\\\/07\\\/imfl.jpg\",\"datePublished\":\"2023-05-05T21:54:23+00:00\",\"dateModified\":\"2023-07-02T21:59:18+00:00\",\"author\":{\"@id\":\"https:\\\/\\\/comision20dediciembrede1989.org.pa\\\/#\\\/schema\\\/person\\\/0fea7be82c37e17f1362e93ba4ef2c6c\"},\"description\":\"La Fundaci\u00f3n de Antropolog\u00eda Forense de Guatemala (FAFG), en conjunto con la Comisi\u00f3n del 20 de diciembre de 1989 y el Ministerio P\u00fablico\",\"breadcrumb\":{\"@id\":\"https:\\\/\\\/comision20dediciembrede1989.org.pa\\\/index.php\\\/2023\\\/05\\\/05\\\/visita-de-diagnostico-para-revisar-los-casos-de-osamentas-recuperadas-con-miras-a-su-identificacion-genetica\\\/#breadcrumb\"},\"inLanguage\":\"es\",\"potentialAction\":[{\"@type\":\"ReadAction\",\"target\":[\"https:\\\/\\\/comision20dediciembrede1989.org.pa\\\/index.php\\\/2023\\\/05\\\/05\\\/visita-de-diagnostico-para-revisar-los-casos-de-osamentas-recuperadas-con-miras-a-su-identificacion-genetica\\\/\"]}]},{\"@type\":\"ImageObject\",\"inLanguage\":\"es\",\"@id\":\"https:\\\/\\\/comision20dediciembrede1989.org.pa\\\/index.php\\\/2023\\\/05\\\/05\\\/visita-de-diagnostico-para-revisar-los-casos-de-osamentas-recuperadas-con-miras-a-su-identificacion-genetica\\\/#primaryimage\",\"url\":\"https:\\\/\\\/comision20dediciembrede1989.org.pa\\\/wp-content\\\/uploads\\\/2023\\\/07\\\/imfl.jpg\",\"contentUrl\":\"https:\\\/\\\/comision20dediciembrede1989.org.pa\\\/wp-content\\\/uploads\\\/2023\\\/07\\\/imfl.jpg\",\"width\":1183,\"height\":659,\"caption\":\"diagn\u00f3stico\"},{\"@type\":\"BreadcrumbList\",\"@id\":\"https:\\\/\\\/comision20dediciembrede1989.org.pa\\\/index.php\\\/2023\\\/05\\\/05\\\/visita-de-diagnostico-para-revisar-los-casos-de-osamentas-recuperadas-con-miras-a-su-identificacion-genetica\\\/#breadcrumb\",\"itemListElement\":[{\"@type\":\"ListItem\",\"position\":1,\"name\":\"Portada\",\"item\":\"https:\\\/\\\/comision20dediciembrede1989.org.pa\\\/\"},{\"@type\":\"ListItem\",\"position\":2,\"name\":\"Visita de diagn\u00f3stico para revisar los casos de osamentas recuperadas con miras a su identificaci\u00f3n gen\u00e9tica\"}]},{\"@type\":\"WebSite\",\"@id\":\"https:\\\/\\\/comision20dediciembrede1989.org.pa\\\/#website\",\"url\":\"https:\\\/\\\/comision20dediciembrede1989.org.pa\\\/\",\"name\":\"Comision 20 de diciembre\",\"description\":\"Por la Verdad, la Memoria y la Justicia\",\"potentialAction\":[{\"@type\":\"SearchAction\",\"target\":{\"@type\":\"EntryPoint\",\"urlTemplate\":\"https:\\\/\\\/comision20dediciembrede1989.org.pa\\\/?s={search_term_string}\"},\"query-input\":{\"@type\":\"PropertyValueSpecification\",\"valueRequired\":true,\"valueName\":\"search_term_string\"}}],\"inLanguage\":\"es\"},{\"@type\":\"Person\",\"@id\":\"https:\\\/\\\/comision20dediciembrede1989.org.pa\\\/#\\\/schema\\\/person\\\/0fea7be82c37e17f1362e93ba4ef2c6c\",\"name\":\"MFadmin\",\"url\":\"https:\\\/\\\/comision20dediciembrede1989.org.pa\\\/index.php\\\/author\\\/mfadmin\\\/\"}]}<\/script>\n<!-- \/ Yoast SEO plugin. -->","yoast_head_json":{"title":"Visita de diagn\u00f3stico para revisar los casos de osamentas","description":"La Fundaci\u00f3n de Antropolog\u00eda Forense de Guatemala (FAFG), en conjunto con la Comisi\u00f3n del 20 de diciembre de 1989 y el Ministerio P\u00fablico","robots":{"index":"index","follow":"follow","max-snippet":"max-snippet:-1","max-image-preview":"max-image-preview:large","max-video-preview":"max-video-preview:-1"},"canonical":"https:\/\/comision20dediciembrede1989.org.pa\/index.php\/2023\/05\/05\/visita-de-diagnostico-para-revisar-los-casos-de-osamentas-recuperadas-con-miras-a-su-identificacion-genetica\/","og_locale":"es_ES","og_type":"article","og_title":"Visita de diagn\u00f3stico para revisar los casos de osamentas","og_description":"La Fundaci\u00f3n de Antropolog\u00eda Forense de Guatemala (FAFG), en conjunto con la Comisi\u00f3n del 20 de diciembre de 1989 y el Ministerio P\u00fablico","og_url":"https:\/\/comision20dediciembrede1989.org.pa\/index.php\/2023\/05\/05\/visita-de-diagnostico-para-revisar-los-casos-de-osamentas-recuperadas-con-miras-a-su-identificacion-genetica\/","og_site_name":"Comision 20 de diciembre","article_published_time":"2023-05-05T21:54:23+00:00","article_modified_time":"2023-07-02T21:59:18+00:00","og_image":[{"width":1183,"height":659,"url":"https:\/\/comision20dediciembrede1989.org.pa\/wp-content\/uploads\/2023\/07\/imfl.jpg","type":"image\/jpeg"}],"author":"MFadmin","twitter_card":"summary_large_image","twitter_misc":{"Escrito por":"MFadmin","Tiempo de lectura":"3 minutos"},"schema":{"@context":"https:\/\/schema.org","@graph":[{"@type":"Article","@id":"https:\/\/comision20dediciembrede1989.org.pa\/index.php\/2023\/05\/05\/visita-de-diagnostico-para-revisar-los-casos-de-osamentas-recuperadas-con-miras-a-su-identificacion-genetica\/#article","isPartOf":{"@id":"https:\/\/comision20dediciembrede1989.org.pa\/index.php\/2023\/05\/05\/visita-de-diagnostico-para-revisar-los-casos-de-osamentas-recuperadas-con-miras-a-su-identificacion-genetica\/"},"author":{"name":"MFadmin","@id":"https:\/\/comision20dediciembrede1989.org.pa\/#\/schema\/person\/0fea7be82c37e17f1362e93ba4ef2c6c"},"headline":"Visita de diagn\u00f3stico para revisar los casos de osamentas recuperadas con miras a su identificaci\u00f3n gen\u00e9tica","datePublished":"2023-05-05T21:54:23+00:00","dateModified":"2023-07-02T21:59:18+00:00","mainEntityOfPage":{"@id":"https:\/\/comision20dediciembrede1989.org.pa\/index.php\/2023\/05\/05\/visita-de-diagnostico-para-revisar-los-casos-de-osamentas-recuperadas-con-miras-a-su-identificacion-genetica\/"},"wordCount":482,"image":{"@id":"https:\/\/comision20dediciembrede1989.org.pa\/index.php\/2023\/05\/05\/visita-de-diagnostico-para-revisar-los-casos-de-osamentas-recuperadas-con-miras-a-su-identificacion-genetica\/#primaryimage"},"thumbnailUrl":"https:\/\/comision20dediciembrede1989.org.pa\/wp-content\/uploads\/2023\/07\/imfl.jpg","articleSection":["05-2023","2023"],"inLanguage":"es"},{"@type":"WebPage","@id":"https:\/\/comision20dediciembrede1989.org.pa\/index.php\/2023\/05\/05\/visita-de-diagnostico-para-revisar-los-casos-de-osamentas-recuperadas-con-miras-a-su-identificacion-genetica\/","url":"https:\/\/comision20dediciembrede1989.org.pa\/index.php\/2023\/05\/05\/visita-de-diagnostico-para-revisar-los-casos-de-osamentas-recuperadas-con-miras-a-su-identificacion-genetica\/","name":"Visita de diagn\u00f3stico para revisar los casos de osamentas","isPartOf":{"@id":"https:\/\/comision20dediciembrede1989.org.pa\/#website"},"primaryImageOfPage":{"@id":"https:\/\/comision20dediciembrede1989.org.pa\/index.php\/2023\/05\/05\/visita-de-diagnostico-para-revisar-los-casos-de-osamentas-recuperadas-con-miras-a-su-identificacion-genetica\/#primaryimage"},"image":{"@id":"https:\/\/comision20dediciembrede1989.org.pa\/index.php\/2023\/05\/05\/visita-de-diagnostico-para-revisar-los-casos-de-osamentas-recuperadas-con-miras-a-su-identificacion-genetica\/#primaryimage"},"thumbnailUrl":"https:\/\/comision20dediciembrede1989.org.pa\/wp-content\/uploads\/2023\/07\/imfl.jpg","datePublished":"2023-05-05T21:54:23+00:00","dateModified":"2023-07-02T21:59:18+00:00","author":{"@id":"https:\/\/comision20dediciembrede1989.org.pa\/#\/schema\/person\/0fea7be82c37e17f1362e93ba4ef2c6c"},"description":"La Fundaci\u00f3n de Antropolog\u00eda Forense de Guatemala (FAFG), en conjunto con la Comisi\u00f3n del 20 de diciembre de 1989 y el Ministerio P\u00fablico","breadcrumb":{"@id":"https:\/\/comision20dediciembrede1989.org.pa\/index.php\/2023\/05\/05\/visita-de-diagnostico-para-revisar-los-casos-de-osamentas-recuperadas-con-miras-a-su-identificacion-genetica\/#breadcrumb"},"inLanguage":"es","potentialAction":[{"@type":"ReadAction","target":["https:\/\/comision20dediciembrede1989.org.pa\/index.php\/2023\/05\/05\/visita-de-diagnostico-para-revisar-los-casos-de-osamentas-recuperadas-con-miras-a-su-identificacion-genetica\/"]}]},{"@type":"ImageObject","inLanguage":"es","@id":"https:\/\/comision20dediciembrede1989.org.pa\/index.php\/2023\/05\/05\/visita-de-diagnostico-para-revisar-los-casos-de-osamentas-recuperadas-con-miras-a-su-identificacion-genetica\/#primaryimage","url":"https:\/\/comision20dediciembrede1989.org.pa\/wp-content\/uploads\/2023\/07\/imfl.jpg","contentUrl":"https:\/\/comision20dediciembrede1989.org.pa\/wp-content\/uploads\/2023\/07\/imfl.jpg","width":1183,"height":659,"caption":"diagn\u00f3stico"},{"@type":"BreadcrumbList","@id":"https:\/\/comision20dediciembrede1989.org.pa\/index.php\/2023\/05\/05\/visita-de-diagnostico-para-revisar-los-casos-de-osamentas-recuperadas-con-miras-a-su-identificacion-genetica\/#breadcrumb","itemListElement":[{"@type":"ListItem","position":1,"name":"Portada","item":"https:\/\/comision20dediciembrede1989.org.pa\/"},{"@type":"ListItem","position":2,"name":"Visita de diagn\u00f3stico para revisar los casos de osamentas recuperadas con miras a su identificaci\u00f3n gen\u00e9tica"}]},{"@type":"WebSite","@id":"https:\/\/comision20dediciembrede1989.org.pa\/#website","url":"https:\/\/comision20dediciembrede1989.org.pa\/","name":"Comision 20 de diciembre","description":"Por la Verdad, la Memoria y la Justicia","potentialAction":[{"@type":"SearchAction","target":{"@type":"EntryPoint","urlTemplate":"https:\/\/comision20dediciembrede1989.org.pa\/?s={search_term_string}"},"query-input":{"@type":"PropertyValueSpecification","valueRequired":true,"valueName":"search_term_string"}}],"inLanguage":"es"},{"@type":"Person","@id":"https:\/\/comision20dediciembrede1989.org.pa\/#\/schema\/person\/0fea7be82c37e17f1362e93ba4ef2c6c","name":"MFadmin","url":"https:\/\/comision20dediciembrede1989.org.pa\/index.php\/author\/mfadmin\/"}]}},"_links":{"self":[{"href":"https:\/\/comision20dediciembrede1989.org.pa\/index.php\/wp-json\/wp\/v2\/posts\/3252","targetHints":{"allow":["GET"]}}],"collection":[{"href":"https:\/\/comision20dediciembrede1989.org.pa\/index.php\/wp-json\/wp\/v2\/posts"}],"about":[{"href":"https:\/\/comision20dediciembrede1989.org.pa\/index.php\/wp-json\/wp\/v2\/types\/post"}],"author":[{"embeddable":true,"href":"https:\/\/comision20dediciembrede1989.org.pa\/index.php\/wp-json\/wp\/v2\/users\/7"}],"replies":[{"embeddable":true,"href":"https:\/\/comision20dediciembrede1989.org.pa\/index.php\/wp-json\/wp\/v2\/comments?post=3252"}],"version-history":[{"count":1,"href":"https:\/\/comision20dediciembrede1989.org.pa\/index.php\/wp-json\/wp\/v2\/posts\/3252\/revisions"}],"predecessor-version":[{"id":3264,"href":"https:\/\/comision20dediciembrede1989.org.pa\/index.php\/wp-json\/wp\/v2\/posts\/3252\/revisions\/3264"}],"wp:featuredmedia":[{"embeddable":true,"href":"https:\/\/comision20dediciembrede1989.org.pa\/index.php\/wp-json\/wp\/v2\/media\/3263"}],"wp:attachment":[{"href":"https:\/\/comision20dediciembrede1989.org.pa\/index.php\/wp-json\/wp\/v2\/media?parent=3252"}],"wp:term":[{"taxonomy":"category","embeddable":true,"href":"https:\/\/comision20dediciembrede1989.org.pa\/index.php\/wp-json\/wp\/v2\/categories?post=3252"},{"taxonomy":"post_tag","embeddable":true,"href":"https:\/\/comision20dediciembrede1989.org.pa\/index.php\/wp-json\/wp\/v2\/tags?post=3252"}],"curies":[{"name":"wp","href":"https:\/\/api.w.org\/{rel}","templated":true}]}}