{"id":3158,"date":"2023-01-05T04:01:36","date_gmt":"2023-01-05T04:01:36","guid":{"rendered":"https:\/\/comision20dediciembrede1989.org.pa\/?p=3158"},"modified":"2023-02-20T04:08:03","modified_gmt":"2023-02-20T04:08:03","slug":"entregan-restos-oseos-de-ismael-dorcy-una-de-las-victimas-de-la-invasion-de-ee-uu-a-panama","status":"publish","type":"post","link":"https:\/\/comision20dediciembrede1989.org.pa\/index.php\/2023\/01\/05\/entregan-restos-oseos-de-ismael-dorcy-una-de-las-victimas-de-la-invasion-de-ee-uu-a-panama\/","title":{"rendered":"Entregan restos \u00f3seos de Ismael Dorcy, una de las v\u00edctimas de la invasi\u00f3n de EE. UU. a Panam\u00e1"},"content":{"rendered":"<h2 class=\"news-headline__article-summary\">La identificaci\u00f3n de los restos de Ismael Dorcy se logr\u00f3 gracias a coordinaciones entre el Ministerio P\u00fablico de Panam\u00e1 y la Comisi\u00f3n 20 de Diciembre de 1989.<\/h2>\n<p>Familiares de Ismael Enrique Dorcy Segura, una de las v\u00edctimas de la\u00a0<strong>invasi\u00f3n de Estados Unidos a Panam\u00e1<\/strong>\u00a0(1989), recibieron sus restos \u00f3seos este jueves, tras 33 a\u00f1os de este hecho.<\/p>\n<p>Los restos de Dorcy fueron los primeros identificados mediante pruebas de ADN, tras gestiones lideradas por la Comisi\u00f3n 20 de diciembre de 1989.<\/p>\n<p>En el a\u00f1o 2020, 32 cuerpos fueron exhumados del Cementerio Jard\u00edn de Paz para su an\u00e1lisis gen\u00e9tico.<\/p>\n<p>En diciembre de 2022 se confirm\u00f3 la identificaci\u00f3n de los primeros restos \u00f3seos, mediante asistencia legal internacional. Dos restos humanos fueron enviados a la Fundaci\u00f3n de Antropolog\u00eda Forense de Guatemala (FAFG), que confirm\u00f3 que uno de ellos correspond\u00eda a Dorcy. El otro no pudo ser identificado.<\/p>\n<p>La familia de Ismael Dorcy denunci\u00f3 su desaparici\u00f3n en 1990. El Ministerio P\u00fablico reabri\u00f3 el caso en el 2019 a solicitud de la Comisi\u00f3n.<\/p>\n<p>\u00abSeg\u00fan inform\u00f3 su familia, Ismael lleg\u00f3 procedente de Penonom\u00e9 a la casa de su abuela ubicada en calle 19 oeste de El Chorrillo la noche del 19 de diciembre de 1989, cen\u00f3 y luego sali\u00f3 a la calle y en los alrededores se encontr\u00f3 con su hermana y con un vecino, quienes fueron las \u00faltimas personas en verlo con vida, minutos antes de comenzar la invasi\u00f3n\u00bb, detall\u00f3 en una nota la Comisi\u00f3n 20 de diciembre de 1989.<\/p>\n<p>Al momento de su desaparici\u00f3n, Dorcy ten\u00eda 32 a\u00f1os y era padre de un ni\u00f1o de 7 a\u00f1os y una ni\u00f1a de 5.<\/p>\n<p>Fuente: <a href=\"https:\/\/www.telemetro.com\/nacionales\/entregan-restos-oseos-ismael-dorcy-una-las-victimas-la-invasion-ee-uu-panama-n5827178\" target=\"_blank\" rel=\"noopener\">Telemetro<\/a><\/p>\n","protected":false},"excerpt":{"rendered":"<p>La identificaci\u00f3n de los restos de Ismael Dorcy se logr\u00f3 gracias a coordinaciones entre el Ministerio P\u00fablico de Panam\u00e1 y la Comisi\u00f3n 20 de Diciembre de 1989. Familiares de Ismael Enrique Dorcy Segura, una de las v\u00edctimas de la\u00a0invasi\u00f3n de Estados Unidos a Panam\u00e1\u00a0(1989), recibieron sus restos \u00f3seos este jueves, tras 33 a\u00f1os de este hecho. Los restos de Dorcy fueron los primeros identificados mediante pruebas de ADN, tras gestiones lideradas por la Comisi\u00f3n 20 de diciembre de 1989. En el a\u00f1o 2020, 32 cuerpos fueron exhumados del Cementerio Jard\u00edn de Paz para su an\u00e1lisis gen\u00e9tico. En diciembre de 2022 se confirm\u00f3 la identificaci\u00f3n de los primeros restos \u00f3seos, mediante asistencia legal internacional. Dos restos humanos fueron enviados a la Fundaci\u00f3n de Antropolog\u00eda Forense de Guatemala (FAFG), que confirm\u00f3 que uno de ellos correspond\u00eda a Dorcy. El otro no pudo ser identificado. La familia de Ismael Dorcy denunci\u00f3 su desaparici\u00f3n en 1990. El Ministerio P\u00fablico reabri\u00f3 el caso en el 2019 a solicitud de la Comisi\u00f3n. \u00abSeg\u00fan inform\u00f3 su familia, Ismael lleg\u00f3 procedente de Penonom\u00e9 a la casa de su abuela ubicada en calle 19 oeste de El Chorrillo la noche del 19 de diciembre de 1989, cen\u00f3 y luego sali\u00f3 a la calle y en los alrededores se encontr\u00f3 con su hermana y con un vecino, quienes fueron las \u00faltimas personas en verlo con vida, minutos antes de comenzar la invasi\u00f3n\u00bb, detall\u00f3 en una nota la Comisi\u00f3n 20 de diciembre de 1989. Al momento de su desaparici\u00f3n, Dorcy ten\u00eda [&hellip;]<\/p>\n","protected":false},"author":7,"featured_media":3159,"comment_status":"closed","ping_status":"closed","sticky":false,"template":"","format":"standard","meta":{"footnotes":""},"categories":[92,91],"tags":[106,116,88],"class_list":["post-3158","post","type-post","status-publish","format-standard","has-post-thumbnail","hentry","category-01-2023","category-91","tag-20-de-diciembre","tag-ismael-dorcy","tag-panama"],"yoast_head":"<!-- This site is optimized with the Yoast SEO plugin v27.5 - https:\/\/yoast.com\/product\/yoast-seo-wordpress\/ -->\n<title>Entregan restos \u00f3seos de Ismael Dorcy, una de las v\u00edctimas de<\/title>\n<meta name=\"description\" content=\"La identificaci\u00f3n de los restos de Ismael Dorcy se logr\u00f3 gracias a coordinaciones entre el Ministerio P\u00fablico de Panam\u00e1 y la Comisi\u00f3n 20 de\" \/>\n<meta name=\"robots\" content=\"index, follow, max-snippet:-1, max-image-preview:large, max-video-preview:-1\" \/>\n<link rel=\"canonical\" href=\"https:\/\/comision20dediciembrede1989.org.pa\/index.php\/2023\/01\/05\/entregan-restos-oseos-de-ismael-dorcy-una-de-las-victimas-de-la-invasion-de-ee-uu-a-panama\/\" \/>\n<meta property=\"og:locale\" content=\"es_ES\" \/>\n<meta property=\"og:type\" content=\"article\" \/>\n<meta property=\"og:title\" content=\"Entregan restos \u00f3seos de Ismael Dorcy, una de las v\u00edctimas de\" \/>\n<meta property=\"og:description\" content=\"La identificaci\u00f3n de los restos de Ismael Dorcy se logr\u00f3 gracias a coordinaciones entre el Ministerio P\u00fablico de Panam\u00e1 y la Comisi\u00f3n 20 de\" \/>\n<meta property=\"og:url\" content=\"https:\/\/comision20dediciembrede1989.org.pa\/index.php\/2023\/01\/05\/entregan-restos-oseos-de-ismael-dorcy-una-de-las-victimas-de-la-invasion-de-ee-uu-a-panama\/\" \/>\n<meta property=\"og:site_name\" content=\"Comision 20 de diciembre\" \/>\n<meta property=\"article:published_time\" content=\"2023-01-05T04:01:36+00:00\" \/>\n<meta property=\"article:modified_time\" content=\"2023-02-20T04:08:03+00:00\" \/>\n<meta property=\"og:image\" content=\"https:\/\/comision20dediciembrede1989.org.pa\/wp-content\/uploads\/2023\/02\/igjfgdh.jpg\" \/>\n\t<meta property=\"og:image:width\" content=\"884\" \/>\n\t<meta property=\"og:image:height\" content=\"640\" \/>\n\t<meta property=\"og:image:type\" content=\"image\/jpeg\" \/>\n<meta name=\"author\" content=\"MFadmin\" \/>\n<meta name=\"twitter:card\" content=\"summary_large_image\" \/>\n<meta name=\"twitter:label1\" content=\"Escrito por\" \/>\n\t<meta name=\"twitter:data1\" content=\"MFadmin\" \/>\n\t<meta name=\"twitter:label2\" content=\"Tiempo de lectura\" \/>\n\t<meta name=\"twitter:data2\" content=\"2 minutos\" \/>\n<script type=\"application\/ld+json\" class=\"yoast-schema-graph\">{\"@context\":\"https:\\\/\\\/schema.org\",\"@graph\":[{\"@type\":\"Article\",\"@id\":\"https:\\\/\\\/comision20dediciembrede1989.org.pa\\\/index.php\\\/2023\\\/01\\\/05\\\/entregan-restos-oseos-de-ismael-dorcy-una-de-las-victimas-de-la-invasion-de-ee-uu-a-panama\\\/#article\",\"isPartOf\":{\"@id\":\"https:\\\/\\\/comision20dediciembrede1989.org.pa\\\/index.php\\\/2023\\\/01\\\/05\\\/entregan-restos-oseos-de-ismael-dorcy-una-de-las-victimas-de-la-invasion-de-ee-uu-a-panama\\\/\"},\"author\":{\"name\":\"MFadmin\",\"@id\":\"https:\\\/\\\/comision20dediciembrede1989.org.pa\\\/#\\\/schema\\\/person\\\/0fea7be82c37e17f1362e93ba4ef2c6c\"},\"headline\":\"Entregan restos \u00f3seos de Ismael Dorcy, una de las v\u00edctimas de la invasi\u00f3n de EE. UU. a Panam\u00e1\",\"datePublished\":\"2023-01-05T04:01:36+00:00\",\"dateModified\":\"2023-02-20T04:08:03+00:00\",\"mainEntityOfPage\":{\"@id\":\"https:\\\/\\\/comision20dediciembrede1989.org.pa\\\/index.php\\\/2023\\\/01\\\/05\\\/entregan-restos-oseos-de-ismael-dorcy-una-de-las-victimas-de-la-invasion-de-ee-uu-a-panama\\\/\"},\"wordCount\":298,\"image\":{\"@id\":\"https:\\\/\\\/comision20dediciembrede1989.org.pa\\\/index.php\\\/2023\\\/01\\\/05\\\/entregan-restos-oseos-de-ismael-dorcy-una-de-las-victimas-de-la-invasion-de-ee-uu-a-panama\\\/#primaryimage\"},\"thumbnailUrl\":\"https:\\\/\\\/comision20dediciembrede1989.org.pa\\\/wp-content\\\/uploads\\\/2023\\\/02\\\/igjfgdh.jpg\",\"keywords\":[\"20 de diciembre\",\"Ismael Dorcy\",\"Panam\u00e1\"],\"articleSection\":[\"01-2023\",\"2023\"],\"inLanguage\":\"es\"},{\"@type\":\"WebPage\",\"@id\":\"https:\\\/\\\/comision20dediciembrede1989.org.pa\\\/index.php\\\/2023\\\/01\\\/05\\\/entregan-restos-oseos-de-ismael-dorcy-una-de-las-victimas-de-la-invasion-de-ee-uu-a-panama\\\/\",\"url\":\"https:\\\/\\\/comision20dediciembrede1989.org.pa\\\/index.php\\\/2023\\\/01\\\/05\\\/entregan-restos-oseos-de-ismael-dorcy-una-de-las-victimas-de-la-invasion-de-ee-uu-a-panama\\\/\",\"name\":\"Entregan restos \u00f3seos de Ismael Dorcy, una de las v\u00edctimas de\",\"isPartOf\":{\"@id\":\"https:\\\/\\\/comision20dediciembrede1989.org.pa\\\/#website\"},\"primaryImageOfPage\":{\"@id\":\"https:\\\/\\\/comision20dediciembrede1989.org.pa\\\/index.php\\\/2023\\\/01\\\/05\\\/entregan-restos-oseos-de-ismael-dorcy-una-de-las-victimas-de-la-invasion-de-ee-uu-a-panama\\\/#primaryimage\"},\"image\":{\"@id\":\"https:\\\/\\\/comision20dediciembrede1989.org.pa\\\/index.php\\\/2023\\\/01\\\/05\\\/entregan-restos-oseos-de-ismael-dorcy-una-de-las-victimas-de-la-invasion-de-ee-uu-a-panama\\\/#primaryimage\"},\"thumbnailUrl\":\"https:\\\/\\\/comision20dediciembrede1989.org.pa\\\/wp-content\\\/uploads\\\/2023\\\/02\\\/igjfgdh.jpg\",\"datePublished\":\"2023-01-05T04:01:36+00:00\",\"dateModified\":\"2023-02-20T04:08:03+00:00\",\"author\":{\"@id\":\"https:\\\/\\\/comision20dediciembrede1989.org.pa\\\/#\\\/schema\\\/person\\\/0fea7be82c37e17f1362e93ba4ef2c6c\"},\"description\":\"La identificaci\u00f3n de los restos de Ismael Dorcy se logr\u00f3 gracias a coordinaciones entre el Ministerio P\u00fablico de Panam\u00e1 y la Comisi\u00f3n 20 de\",\"breadcrumb\":{\"@id\":\"https:\\\/\\\/comision20dediciembrede1989.org.pa\\\/index.php\\\/2023\\\/01\\\/05\\\/entregan-restos-oseos-de-ismael-dorcy-una-de-las-victimas-de-la-invasion-de-ee-uu-a-panama\\\/#breadcrumb\"},\"inLanguage\":\"es\",\"potentialAction\":[{\"@type\":\"ReadAction\",\"target\":[\"https:\\\/\\\/comision20dediciembrede1989.org.pa\\\/index.php\\\/2023\\\/01\\\/05\\\/entregan-restos-oseos-de-ismael-dorcy-una-de-las-victimas-de-la-invasion-de-ee-uu-a-panama\\\/\"]}]},{\"@type\":\"ImageObject\",\"inLanguage\":\"es\",\"@id\":\"https:\\\/\\\/comision20dediciembrede1989.org.pa\\\/index.php\\\/2023\\\/01\\\/05\\\/entregan-restos-oseos-de-ismael-dorcy-una-de-las-victimas-de-la-invasion-de-ee-uu-a-panama\\\/#primaryimage\",\"url\":\"https:\\\/\\\/comision20dediciembrede1989.org.pa\\\/wp-content\\\/uploads\\\/2023\\\/02\\\/igjfgdh.jpg\",\"contentUrl\":\"https:\\\/\\\/comision20dediciembrede1989.org.pa\\\/wp-content\\\/uploads\\\/2023\\\/02\\\/igjfgdh.jpg\",\"width\":884,\"height\":640,\"caption\":\"Dorcy\"},{\"@type\":\"BreadcrumbList\",\"@id\":\"https:\\\/\\\/comision20dediciembrede1989.org.pa\\\/index.php\\\/2023\\\/01\\\/05\\\/entregan-restos-oseos-de-ismael-dorcy-una-de-las-victimas-de-la-invasion-de-ee-uu-a-panama\\\/#breadcrumb\",\"itemListElement\":[{\"@type\":\"ListItem\",\"position\":1,\"name\":\"Portada\",\"item\":\"https:\\\/\\\/comision20dediciembrede1989.org.pa\\\/\"},{\"@type\":\"ListItem\",\"position\":2,\"name\":\"Entregan restos \u00f3seos de Ismael Dorcy, una de las v\u00edctimas de la invasi\u00f3n de EE. UU. a Panam\u00e1\"}]},{\"@type\":\"WebSite\",\"@id\":\"https:\\\/\\\/comision20dediciembrede1989.org.pa\\\/#website\",\"url\":\"https:\\\/\\\/comision20dediciembrede1989.org.pa\\\/\",\"name\":\"Comision 20 de diciembre\",\"description\":\"Por la Verdad, la Memoria y la Justicia\",\"potentialAction\":[{\"@type\":\"SearchAction\",\"target\":{\"@type\":\"EntryPoint\",\"urlTemplate\":\"https:\\\/\\\/comision20dediciembrede1989.org.pa\\\/?s={search_term_string}\"},\"query-input\":{\"@type\":\"PropertyValueSpecification\",\"valueRequired\":true,\"valueName\":\"search_term_string\"}}],\"inLanguage\":\"es\"},{\"@type\":\"Person\",\"@id\":\"https:\\\/\\\/comision20dediciembrede1989.org.pa\\\/#\\\/schema\\\/person\\\/0fea7be82c37e17f1362e93ba4ef2c6c\",\"name\":\"MFadmin\",\"url\":\"https:\\\/\\\/comision20dediciembrede1989.org.pa\\\/index.php\\\/author\\\/mfadmin\\\/\"}]}<\/script>\n<!-- \/ Yoast SEO plugin. -->","yoast_head_json":{"title":"Entregan restos \u00f3seos de Ismael Dorcy, una de las v\u00edctimas de","description":"La identificaci\u00f3n de los restos de Ismael Dorcy se logr\u00f3 gracias a coordinaciones entre el Ministerio P\u00fablico de Panam\u00e1 y la Comisi\u00f3n 20 de","robots":{"index":"index","follow":"follow","max-snippet":"max-snippet:-1","max-image-preview":"max-image-preview:large","max-video-preview":"max-video-preview:-1"},"canonical":"https:\/\/comision20dediciembrede1989.org.pa\/index.php\/2023\/01\/05\/entregan-restos-oseos-de-ismael-dorcy-una-de-las-victimas-de-la-invasion-de-ee-uu-a-panama\/","og_locale":"es_ES","og_type":"article","og_title":"Entregan restos \u00f3seos de Ismael Dorcy, una de las v\u00edctimas de","og_description":"La identificaci\u00f3n de los restos de Ismael Dorcy se logr\u00f3 gracias a coordinaciones entre el Ministerio P\u00fablico de Panam\u00e1 y la Comisi\u00f3n 20 de","og_url":"https:\/\/comision20dediciembrede1989.org.pa\/index.php\/2023\/01\/05\/entregan-restos-oseos-de-ismael-dorcy-una-de-las-victimas-de-la-invasion-de-ee-uu-a-panama\/","og_site_name":"Comision 20 de diciembre","article_published_time":"2023-01-05T04:01:36+00:00","article_modified_time":"2023-02-20T04:08:03+00:00","og_image":[{"width":884,"height":640,"url":"https:\/\/comision20dediciembrede1989.org.pa\/wp-content\/uploads\/2023\/02\/igjfgdh.jpg","type":"image\/jpeg"}],"author":"MFadmin","twitter_card":"summary_large_image","twitter_misc":{"Escrito por":"MFadmin","Tiempo de lectura":"2 minutos"},"schema":{"@context":"https:\/\/schema.org","@graph":[{"@type":"Article","@id":"https:\/\/comision20dediciembrede1989.org.pa\/index.php\/2023\/01\/05\/entregan-restos-oseos-de-ismael-dorcy-una-de-las-victimas-de-la-invasion-de-ee-uu-a-panama\/#article","isPartOf":{"@id":"https:\/\/comision20dediciembrede1989.org.pa\/index.php\/2023\/01\/05\/entregan-restos-oseos-de-ismael-dorcy-una-de-las-victimas-de-la-invasion-de-ee-uu-a-panama\/"},"author":{"name":"MFadmin","@id":"https:\/\/comision20dediciembrede1989.org.pa\/#\/schema\/person\/0fea7be82c37e17f1362e93ba4ef2c6c"},"headline":"Entregan restos \u00f3seos de Ismael Dorcy, una de las v\u00edctimas de la invasi\u00f3n de EE. UU. a Panam\u00e1","datePublished":"2023-01-05T04:01:36+00:00","dateModified":"2023-02-20T04:08:03+00:00","mainEntityOfPage":{"@id":"https:\/\/comision20dediciembrede1989.org.pa\/index.php\/2023\/01\/05\/entregan-restos-oseos-de-ismael-dorcy-una-de-las-victimas-de-la-invasion-de-ee-uu-a-panama\/"},"wordCount":298,"image":{"@id":"https:\/\/comision20dediciembrede1989.org.pa\/index.php\/2023\/01\/05\/entregan-restos-oseos-de-ismael-dorcy-una-de-las-victimas-de-la-invasion-de-ee-uu-a-panama\/#primaryimage"},"thumbnailUrl":"https:\/\/comision20dediciembrede1989.org.pa\/wp-content\/uploads\/2023\/02\/igjfgdh.jpg","keywords":["20 de diciembre","Ismael Dorcy","Panam\u00e1"],"articleSection":["01-2023","2023"],"inLanguage":"es"},{"@type":"WebPage","@id":"https:\/\/comision20dediciembrede1989.org.pa\/index.php\/2023\/01\/05\/entregan-restos-oseos-de-ismael-dorcy-una-de-las-victimas-de-la-invasion-de-ee-uu-a-panama\/","url":"https:\/\/comision20dediciembrede1989.org.pa\/index.php\/2023\/01\/05\/entregan-restos-oseos-de-ismael-dorcy-una-de-las-victimas-de-la-invasion-de-ee-uu-a-panama\/","name":"Entregan restos \u00f3seos de Ismael Dorcy, una de las v\u00edctimas de","isPartOf":{"@id":"https:\/\/comision20dediciembrede1989.org.pa\/#website"},"primaryImageOfPage":{"@id":"https:\/\/comision20dediciembrede1989.org.pa\/index.php\/2023\/01\/05\/entregan-restos-oseos-de-ismael-dorcy-una-de-las-victimas-de-la-invasion-de-ee-uu-a-panama\/#primaryimage"},"image":{"@id":"https:\/\/comision20dediciembrede1989.org.pa\/index.php\/2023\/01\/05\/entregan-restos-oseos-de-ismael-dorcy-una-de-las-victimas-de-la-invasion-de-ee-uu-a-panama\/#primaryimage"},"thumbnailUrl":"https:\/\/comision20dediciembrede1989.org.pa\/wp-content\/uploads\/2023\/02\/igjfgdh.jpg","datePublished":"2023-01-05T04:01:36+00:00","dateModified":"2023-02-20T04:08:03+00:00","author":{"@id":"https:\/\/comision20dediciembrede1989.org.pa\/#\/schema\/person\/0fea7be82c37e17f1362e93ba4ef2c6c"},"description":"La identificaci\u00f3n de los restos de Ismael Dorcy se logr\u00f3 gracias a coordinaciones entre el Ministerio P\u00fablico de Panam\u00e1 y la Comisi\u00f3n 20 de","breadcrumb":{"@id":"https:\/\/comision20dediciembrede1989.org.pa\/index.php\/2023\/01\/05\/entregan-restos-oseos-de-ismael-dorcy-una-de-las-victimas-de-la-invasion-de-ee-uu-a-panama\/#breadcrumb"},"inLanguage":"es","potentialAction":[{"@type":"ReadAction","target":["https:\/\/comision20dediciembrede1989.org.pa\/index.php\/2023\/01\/05\/entregan-restos-oseos-de-ismael-dorcy-una-de-las-victimas-de-la-invasion-de-ee-uu-a-panama\/"]}]},{"@type":"ImageObject","inLanguage":"es","@id":"https:\/\/comision20dediciembrede1989.org.pa\/index.php\/2023\/01\/05\/entregan-restos-oseos-de-ismael-dorcy-una-de-las-victimas-de-la-invasion-de-ee-uu-a-panama\/#primaryimage","url":"https:\/\/comision20dediciembrede1989.org.pa\/wp-content\/uploads\/2023\/02\/igjfgdh.jpg","contentUrl":"https:\/\/comision20dediciembrede1989.org.pa\/wp-content\/uploads\/2023\/02\/igjfgdh.jpg","width":884,"height":640,"caption":"Dorcy"},{"@type":"BreadcrumbList","@id":"https:\/\/comision20dediciembrede1989.org.pa\/index.php\/2023\/01\/05\/entregan-restos-oseos-de-ismael-dorcy-una-de-las-victimas-de-la-invasion-de-ee-uu-a-panama\/#breadcrumb","itemListElement":[{"@type":"ListItem","position":1,"name":"Portada","item":"https:\/\/comision20dediciembrede1989.org.pa\/"},{"@type":"ListItem","position":2,"name":"Entregan restos \u00f3seos de Ismael Dorcy, una de las v\u00edctimas de la invasi\u00f3n de EE. UU. a Panam\u00e1"}]},{"@type":"WebSite","@id":"https:\/\/comision20dediciembrede1989.org.pa\/#website","url":"https:\/\/comision20dediciembrede1989.org.pa\/","name":"Comision 20 de diciembre","description":"Por la Verdad, la Memoria y la Justicia","potentialAction":[{"@type":"SearchAction","target":{"@type":"EntryPoint","urlTemplate":"https:\/\/comision20dediciembrede1989.org.pa\/?s={search_term_string}"},"query-input":{"@type":"PropertyValueSpecification","valueRequired":true,"valueName":"search_term_string"}}],"inLanguage":"es"},{"@type":"Person","@id":"https:\/\/comision20dediciembrede1989.org.pa\/#\/schema\/person\/0fea7be82c37e17f1362e93ba4ef2c6c","name":"MFadmin","url":"https:\/\/comision20dediciembrede1989.org.pa\/index.php\/author\/mfadmin\/"}]}},"_links":{"self":[{"href":"https:\/\/comision20dediciembrede1989.org.pa\/index.php\/wp-json\/wp\/v2\/posts\/3158","targetHints":{"allow":["GET"]}}],"collection":[{"href":"https:\/\/comision20dediciembrede1989.org.pa\/index.php\/wp-json\/wp\/v2\/posts"}],"about":[{"href":"https:\/\/comision20dediciembrede1989.org.pa\/index.php\/wp-json\/wp\/v2\/types\/post"}],"author":[{"embeddable":true,"href":"https:\/\/comision20dediciembrede1989.org.pa\/index.php\/wp-json\/wp\/v2\/users\/7"}],"replies":[{"embeddable":true,"href":"https:\/\/comision20dediciembrede1989.org.pa\/index.php\/wp-json\/wp\/v2\/comments?post=3158"}],"version-history":[{"count":1,"href":"https:\/\/comision20dediciembrede1989.org.pa\/index.php\/wp-json\/wp\/v2\/posts\/3158\/revisions"}],"predecessor-version":[{"id":3160,"href":"https:\/\/comision20dediciembrede1989.org.pa\/index.php\/wp-json\/wp\/v2\/posts\/3158\/revisions\/3160"}],"wp:featuredmedia":[{"embeddable":true,"href":"https:\/\/comision20dediciembrede1989.org.pa\/index.php\/wp-json\/wp\/v2\/media\/3159"}],"wp:attachment":[{"href":"https:\/\/comision20dediciembrede1989.org.pa\/index.php\/wp-json\/wp\/v2\/media?parent=3158"}],"wp:term":[{"taxonomy":"category","embeddable":true,"href":"https:\/\/comision20dediciembrede1989.org.pa\/index.php\/wp-json\/wp\/v2\/categories?post=3158"},{"taxonomy":"post_tag","embeddable":true,"href":"https:\/\/comision20dediciembrede1989.org.pa\/index.php\/wp-json\/wp\/v2\/tags?post=3158"}],"curies":[{"name":"wp","href":"https:\/\/api.w.org\/{rel}","templated":true}]}}