{"id":1881,"date":"2021-12-20T22:35:17","date_gmt":"2021-12-20T22:35:17","guid":{"rendered":"https:\/\/comision20dediciembrede1989.org.pa\/?p=1881"},"modified":"2022-06-28T19:29:24","modified_gmt":"2022-06-28T19:29:24","slug":"el-mundo-recuerda-32-anos-de-la-invasion-a-panama-por-parte-de-ee-uu","status":"publish","type":"post","link":"https:\/\/comision20dediciembrede1989.org.pa\/index.php\/2021\/12\/20\/el-mundo-recuerda-32-anos-de-la-invasion-a-panama-por-parte-de-ee-uu\/","title":{"rendered":"El mundo recuerda 32 a\u00f1os de la Invasi\u00f3n a Panam\u00e1 por parte de EE.UU."},"content":{"rendered":"<p style=\"text-align: justify;\">Este 20 de diciembre se cumplen 32 de la Invasi\u00f3n a Panam\u00e1, una masacre cuya autor\u00eda responde a Estados Unidos que bajo la premisa de \u00abproteger vidas\u00bb llev\u00f3 a cabo una matanza en ese pa\u00eds.<\/p>\n<p style=\"text-align: justify;\">A prop\u00f3sito de la fecha, el presidente de la Rep\u00fablica, Nicol\u00e1s Maduro, record\u00f3 el momento que llen\u00f3 de sangre la historia paname\u00f1a.<\/p>\n<p style=\"text-align: justify;\">\u00abEl mundo recuerda este abominable y doloroso hecho, honrando la memoria de las v\u00edctimas y sus familiares. \u00a1Prohibido Olvidar!\u00bb, reza parte del tuit.<\/p>\n<p style=\"text-align: justify;\">Tropas del ej\u00e9rcito de Estados Unidos invadieron la Rep\u00fablica de Panam\u00e1 al amanecer del 20 de diciembre de 1989, desatando uno de los episodios m\u00e1s desgarradores y traum\u00e1ticos en la historia del istmo centroamericano, rese\u00f1an medios internacionales.<\/p>\n<p style=\"text-align: justify;\">Historiadores comparan esta masacre con los horrores de la conquista hispana, l<strong>a Guerra de los Mil D\u00edas entre conservadores y liberales a fines del siglo XIX e inicios del XX y la matanza de estudiantes por estadounidenses acantonados en la zona del Canal de Panam\u00e1 el 9 de enero de 1964.<\/strong><\/p>\n<p style=\"text-align: justify;\">Las justificaciones del presidente\u00a0<strong>George H. W. Bush (padre)<\/strong>\u00a0para la invasi\u00f3n fueron \u201cproteger la vida de los ciudadanos estadounidenses que resid\u00edan en Panam\u00e1, defender la democracia y los derechos humanos de los paname\u00f1os, detener al general Manuel Antonio Noriega para combatir el tr\u00e1fico de drogas, y defender el tratado Torrijos-Carter sobre el canal\u201d.<\/p>\n<p style=\"text-align: justify;\">Fuente: <a href=\"https:\/\/www.vtv.gob.ve\/mundo-recuerda-invasion-panama-eeuu\/\">www.vtv.gob.ve\/<\/a><\/p>\n","protected":false},"excerpt":{"rendered":"<p>Este 20 de diciembre se cumplen 32 de la Invasi\u00f3n a Panam\u00e1, una masacre cuya autor\u00eda responde a Estados Unidos que bajo la premisa de \u00abproteger vidas\u00bb llev\u00f3 a cabo una matanza en ese pa\u00eds. A prop\u00f3sito de la fecha, el presidente de la Rep\u00fablica, Nicol\u00e1s Maduro, record\u00f3 el momento que llen\u00f3 de sangre la historia paname\u00f1a. \u00abEl mundo recuerda este abominable y doloroso hecho, honrando la memoria de las v\u00edctimas y sus familiares. \u00a1Prohibido Olvidar!\u00bb, reza parte del tuit. Tropas del ej\u00e9rcito de Estados Unidos invadieron la Rep\u00fablica de Panam\u00e1 al amanecer del 20 de diciembre de 1989, desatando uno de los episodios m\u00e1s desgarradores y traum\u00e1ticos en la historia del istmo centroamericano, rese\u00f1an medios internacionales. Historiadores comparan esta masacre con los horrores de la conquista hispana, la Guerra de los Mil D\u00edas entre conservadores y liberales a fines del siglo XIX e inicios del XX y la matanza de estudiantes por estadounidenses acantonados en la zona del Canal de Panam\u00e1 el 9 de enero de 1964. Las justificaciones del presidente\u00a0George H. W. Bush (padre)\u00a0para la invasi\u00f3n fueron \u201cproteger la vida de los ciudadanos estadounidenses que resid\u00edan en Panam\u00e1, defender la democracia y los derechos humanos de los paname\u00f1os, detener al general Manuel Antonio Noriega para combatir el tr\u00e1fico de drogas, y defender el tratado Torrijos-Carter sobre el canal\u201d. Fuente: www.vtv.gob.ve\/<\/p>\n","protected":false},"author":6,"featured_media":1882,"comment_status":"closed","ping_status":"closed","sticky":false,"template":"","format":"standard","meta":{"footnotes":""},"categories":[72,6],"tags":[],"class_list":["post-1881","post","type-post","status-publish","format-standard","has-post-thumbnail","hentry","category-12-2021","category-6"],"yoast_head":"<!-- This site is optimized with the Yoast SEO plugin v27.4 - https:\/\/yoast.com\/product\/yoast-seo-wordpress\/ -->\n<title>El mundo recuerda 32 a\u00f1os de la Invasi\u00f3n a Panam\u00e1 por parte de EE.UU.<\/title>\n<meta name=\"description\" content=\"El mundo recuerda 32 a\u00f1os de la Invasi\u00f3n a Panam\u00e1 por parte de EE.UU. | Este 20 de diciembre se cumplen 32 de la Invasi\u00f3n a Panam\u00e1...\" \/>\n<meta name=\"robots\" content=\"index, follow, max-snippet:-1, max-image-preview:large, max-video-preview:-1\" \/>\n<link rel=\"canonical\" href=\"https:\/\/comision20dediciembrede1989.org.pa\/index.php\/2021\/12\/20\/el-mundo-recuerda-32-anos-de-la-invasion-a-panama-por-parte-de-ee-uu\/\" \/>\n<meta property=\"og:locale\" content=\"es_ES\" \/>\n<meta property=\"og:type\" content=\"article\" \/>\n<meta property=\"og:title\" content=\"El mundo recuerda 32 a\u00f1os de la Invasi\u00f3n a Panam\u00e1 por parte de EE.UU.\" \/>\n<meta property=\"og:description\" content=\"El mundo recuerda 32 a\u00f1os de la Invasi\u00f3n a Panam\u00e1 por parte de EE.UU. | Este 20 de diciembre se cumplen 32 de la Invasi\u00f3n a Panam\u00e1...\" \/>\n<meta property=\"og:url\" content=\"https:\/\/comision20dediciembrede1989.org.pa\/index.php\/2021\/12\/20\/el-mundo-recuerda-32-anos-de-la-invasion-a-panama-por-parte-de-ee-uu\/\" \/>\n<meta property=\"og:site_name\" content=\"Comision 20 de diciembre\" \/>\n<meta property=\"article:published_time\" content=\"2021-12-20T22:35:17+00:00\" \/>\n<meta property=\"article:modified_time\" content=\"2022-06-28T19:29:24+00:00\" \/>\n<meta property=\"og:image\" content=\"https:\/\/comision20dediciembrede1989.org.pa\/wp-content\/uploads\/2022\/01\/guerrA.jpg\" \/>\n\t<meta property=\"og:image:width\" content=\"800\" \/>\n\t<meta property=\"og:image:height\" content=\"445\" \/>\n\t<meta property=\"og:image:type\" content=\"image\/jpeg\" \/>\n<meta name=\"author\" content=\"a dg\" \/>\n<meta name=\"twitter:card\" content=\"summary_large_image\" \/>\n<meta name=\"twitter:label1\" content=\"Escrito por\" \/>\n\t<meta name=\"twitter:data1\" content=\"a dg\" \/>\n\t<meta name=\"twitter:label2\" content=\"Tiempo de lectura\" \/>\n\t<meta name=\"twitter:data2\" content=\"2 minutos\" \/>\n<script type=\"application\/ld+json\" class=\"yoast-schema-graph\">{\"@context\":\"https:\\\/\\\/schema.org\",\"@graph\":[{\"@type\":\"Article\",\"@id\":\"https:\\\/\\\/comision20dediciembrede1989.org.pa\\\/index.php\\\/2021\\\/12\\\/20\\\/el-mundo-recuerda-32-anos-de-la-invasion-a-panama-por-parte-de-ee-uu\\\/#article\",\"isPartOf\":{\"@id\":\"https:\\\/\\\/comision20dediciembrede1989.org.pa\\\/index.php\\\/2021\\\/12\\\/20\\\/el-mundo-recuerda-32-anos-de-la-invasion-a-panama-por-parte-de-ee-uu\\\/\"},\"author\":{\"name\":\"a dg\",\"@id\":\"https:\\\/\\\/comision20dediciembrede1989.org.pa\\\/#\\\/schema\\\/person\\\/2627c63c9634ca580036064042ce2c25\"},\"headline\":\"El mundo recuerda 32 a\u00f1os de la Invasi\u00f3n a Panam\u00e1 por parte de EE.UU.\",\"datePublished\":\"2021-12-20T22:35:17+00:00\",\"dateModified\":\"2022-06-28T19:29:24+00:00\",\"mainEntityOfPage\":{\"@id\":\"https:\\\/\\\/comision20dediciembrede1989.org.pa\\\/index.php\\\/2021\\\/12\\\/20\\\/el-mundo-recuerda-32-anos-de-la-invasion-a-panama-por-parte-de-ee-uu\\\/\"},\"wordCount\":255,\"image\":{\"@id\":\"https:\\\/\\\/comision20dediciembrede1989.org.pa\\\/index.php\\\/2021\\\/12\\\/20\\\/el-mundo-recuerda-32-anos-de-la-invasion-a-panama-por-parte-de-ee-uu\\\/#primaryimage\"},\"thumbnailUrl\":\"https:\\\/\\\/comision20dediciembrede1989.org.pa\\\/wp-content\\\/uploads\\\/2022\\\/01\\\/guerrA.jpg\",\"articleSection\":[\"12-2021\",\"2021\"],\"inLanguage\":\"es\"},{\"@type\":\"WebPage\",\"@id\":\"https:\\\/\\\/comision20dediciembrede1989.org.pa\\\/index.php\\\/2021\\\/12\\\/20\\\/el-mundo-recuerda-32-anos-de-la-invasion-a-panama-por-parte-de-ee-uu\\\/\",\"url\":\"https:\\\/\\\/comision20dediciembrede1989.org.pa\\\/index.php\\\/2021\\\/12\\\/20\\\/el-mundo-recuerda-32-anos-de-la-invasion-a-panama-por-parte-de-ee-uu\\\/\",\"name\":\"El mundo recuerda 32 a\u00f1os de la Invasi\u00f3n a Panam\u00e1 por parte de EE.UU.\",\"isPartOf\":{\"@id\":\"https:\\\/\\\/comision20dediciembrede1989.org.pa\\\/#website\"},\"primaryImageOfPage\":{\"@id\":\"https:\\\/\\\/comision20dediciembrede1989.org.pa\\\/index.php\\\/2021\\\/12\\\/20\\\/el-mundo-recuerda-32-anos-de-la-invasion-a-panama-por-parte-de-ee-uu\\\/#primaryimage\"},\"image\":{\"@id\":\"https:\\\/\\\/comision20dediciembrede1989.org.pa\\\/index.php\\\/2021\\\/12\\\/20\\\/el-mundo-recuerda-32-anos-de-la-invasion-a-panama-por-parte-de-ee-uu\\\/#primaryimage\"},\"thumbnailUrl\":\"https:\\\/\\\/comision20dediciembrede1989.org.pa\\\/wp-content\\\/uploads\\\/2022\\\/01\\\/guerrA.jpg\",\"datePublished\":\"2021-12-20T22:35:17+00:00\",\"dateModified\":\"2022-06-28T19:29:24+00:00\",\"author\":{\"@id\":\"https:\\\/\\\/comision20dediciembrede1989.org.pa\\\/#\\\/schema\\\/person\\\/2627c63c9634ca580036064042ce2c25\"},\"description\":\"El mundo recuerda 32 a\u00f1os de la Invasi\u00f3n a Panam\u00e1 por parte de EE.UU. | Este 20 de diciembre se cumplen 32 de la Invasi\u00f3n a Panam\u00e1...\",\"breadcrumb\":{\"@id\":\"https:\\\/\\\/comision20dediciembrede1989.org.pa\\\/index.php\\\/2021\\\/12\\\/20\\\/el-mundo-recuerda-32-anos-de-la-invasion-a-panama-por-parte-de-ee-uu\\\/#breadcrumb\"},\"inLanguage\":\"es\",\"potentialAction\":[{\"@type\":\"ReadAction\",\"target\":[\"https:\\\/\\\/comision20dediciembrede1989.org.pa\\\/index.php\\\/2021\\\/12\\\/20\\\/el-mundo-recuerda-32-anos-de-la-invasion-a-panama-por-parte-de-ee-uu\\\/\"]}]},{\"@type\":\"ImageObject\",\"inLanguage\":\"es\",\"@id\":\"https:\\\/\\\/comision20dediciembrede1989.org.pa\\\/index.php\\\/2021\\\/12\\\/20\\\/el-mundo-recuerda-32-anos-de-la-invasion-a-panama-por-parte-de-ee-uu\\\/#primaryimage\",\"url\":\"https:\\\/\\\/comision20dediciembrede1989.org.pa\\\/wp-content\\\/uploads\\\/2022\\\/01\\\/guerrA.jpg\",\"contentUrl\":\"https:\\\/\\\/comision20dediciembrede1989.org.pa\\\/wp-content\\\/uploads\\\/2022\\\/01\\\/guerrA.jpg\",\"width\":800,\"height\":445},{\"@type\":\"BreadcrumbList\",\"@id\":\"https:\\\/\\\/comision20dediciembrede1989.org.pa\\\/index.php\\\/2021\\\/12\\\/20\\\/el-mundo-recuerda-32-anos-de-la-invasion-a-panama-por-parte-de-ee-uu\\\/#breadcrumb\",\"itemListElement\":[{\"@type\":\"ListItem\",\"position\":1,\"name\":\"Portada\",\"item\":\"https:\\\/\\\/comision20dediciembrede1989.org.pa\\\/\"},{\"@type\":\"ListItem\",\"position\":2,\"name\":\"El mundo recuerda 32 a\u00f1os de la Invasi\u00f3n a Panam\u00e1 por parte de EE.UU.\"}]},{\"@type\":\"WebSite\",\"@id\":\"https:\\\/\\\/comision20dediciembrede1989.org.pa\\\/#website\",\"url\":\"https:\\\/\\\/comision20dediciembrede1989.org.pa\\\/\",\"name\":\"Comision 20 de diciembre\",\"description\":\"Por la Verdad, la Memoria y la Justicia\",\"potentialAction\":[{\"@type\":\"SearchAction\",\"target\":{\"@type\":\"EntryPoint\",\"urlTemplate\":\"https:\\\/\\\/comision20dediciembrede1989.org.pa\\\/?s={search_term_string}\"},\"query-input\":{\"@type\":\"PropertyValueSpecification\",\"valueRequired\":true,\"valueName\":\"search_term_string\"}}],\"inLanguage\":\"es\"},{\"@type\":\"Person\",\"@id\":\"https:\\\/\\\/comision20dediciembrede1989.org.pa\\\/#\\\/schema\\\/person\\\/2627c63c9634ca580036064042ce2c25\",\"name\":\"a dg\",\"url\":\"https:\\\/\\\/comision20dediciembrede1989.org.pa\\\/index.php\\\/author\\\/admina\\\/\"}]}<\/script>\n<!-- \/ Yoast SEO plugin. -->","yoast_head_json":{"title":"El mundo recuerda 32 a\u00f1os de la Invasi\u00f3n a Panam\u00e1 por parte de EE.UU.","description":"El mundo recuerda 32 a\u00f1os de la Invasi\u00f3n a Panam\u00e1 por parte de EE.UU. | Este 20 de diciembre se cumplen 32 de la Invasi\u00f3n a Panam\u00e1...","robots":{"index":"index","follow":"follow","max-snippet":"max-snippet:-1","max-image-preview":"max-image-preview:large","max-video-preview":"max-video-preview:-1"},"canonical":"https:\/\/comision20dediciembrede1989.org.pa\/index.php\/2021\/12\/20\/el-mundo-recuerda-32-anos-de-la-invasion-a-panama-por-parte-de-ee-uu\/","og_locale":"es_ES","og_type":"article","og_title":"El mundo recuerda 32 a\u00f1os de la Invasi\u00f3n a Panam\u00e1 por parte de EE.UU.","og_description":"El mundo recuerda 32 a\u00f1os de la Invasi\u00f3n a Panam\u00e1 por parte de EE.UU. | Este 20 de diciembre se cumplen 32 de la Invasi\u00f3n a Panam\u00e1...","og_url":"https:\/\/comision20dediciembrede1989.org.pa\/index.php\/2021\/12\/20\/el-mundo-recuerda-32-anos-de-la-invasion-a-panama-por-parte-de-ee-uu\/","og_site_name":"Comision 20 de diciembre","article_published_time":"2021-12-20T22:35:17+00:00","article_modified_time":"2022-06-28T19:29:24+00:00","og_image":[{"width":800,"height":445,"url":"https:\/\/comision20dediciembrede1989.org.pa\/wp-content\/uploads\/2022\/01\/guerrA.jpg","type":"image\/jpeg"}],"author":"a dg","twitter_card":"summary_large_image","twitter_misc":{"Escrito por":"a dg","Tiempo de lectura":"2 minutos"},"schema":{"@context":"https:\/\/schema.org","@graph":[{"@type":"Article","@id":"https:\/\/comision20dediciembrede1989.org.pa\/index.php\/2021\/12\/20\/el-mundo-recuerda-32-anos-de-la-invasion-a-panama-por-parte-de-ee-uu\/#article","isPartOf":{"@id":"https:\/\/comision20dediciembrede1989.org.pa\/index.php\/2021\/12\/20\/el-mundo-recuerda-32-anos-de-la-invasion-a-panama-por-parte-de-ee-uu\/"},"author":{"name":"a dg","@id":"https:\/\/comision20dediciembrede1989.org.pa\/#\/schema\/person\/2627c63c9634ca580036064042ce2c25"},"headline":"El mundo recuerda 32 a\u00f1os de la Invasi\u00f3n a Panam\u00e1 por parte de EE.UU.","datePublished":"2021-12-20T22:35:17+00:00","dateModified":"2022-06-28T19:29:24+00:00","mainEntityOfPage":{"@id":"https:\/\/comision20dediciembrede1989.org.pa\/index.php\/2021\/12\/20\/el-mundo-recuerda-32-anos-de-la-invasion-a-panama-por-parte-de-ee-uu\/"},"wordCount":255,"image":{"@id":"https:\/\/comision20dediciembrede1989.org.pa\/index.php\/2021\/12\/20\/el-mundo-recuerda-32-anos-de-la-invasion-a-panama-por-parte-de-ee-uu\/#primaryimage"},"thumbnailUrl":"https:\/\/comision20dediciembrede1989.org.pa\/wp-content\/uploads\/2022\/01\/guerrA.jpg","articleSection":["12-2021","2021"],"inLanguage":"es"},{"@type":"WebPage","@id":"https:\/\/comision20dediciembrede1989.org.pa\/index.php\/2021\/12\/20\/el-mundo-recuerda-32-anos-de-la-invasion-a-panama-por-parte-de-ee-uu\/","url":"https:\/\/comision20dediciembrede1989.org.pa\/index.php\/2021\/12\/20\/el-mundo-recuerda-32-anos-de-la-invasion-a-panama-por-parte-de-ee-uu\/","name":"El mundo recuerda 32 a\u00f1os de la Invasi\u00f3n a Panam\u00e1 por parte de EE.UU.","isPartOf":{"@id":"https:\/\/comision20dediciembrede1989.org.pa\/#website"},"primaryImageOfPage":{"@id":"https:\/\/comision20dediciembrede1989.org.pa\/index.php\/2021\/12\/20\/el-mundo-recuerda-32-anos-de-la-invasion-a-panama-por-parte-de-ee-uu\/#primaryimage"},"image":{"@id":"https:\/\/comision20dediciembrede1989.org.pa\/index.php\/2021\/12\/20\/el-mundo-recuerda-32-anos-de-la-invasion-a-panama-por-parte-de-ee-uu\/#primaryimage"},"thumbnailUrl":"https:\/\/comision20dediciembrede1989.org.pa\/wp-content\/uploads\/2022\/01\/guerrA.jpg","datePublished":"2021-12-20T22:35:17+00:00","dateModified":"2022-06-28T19:29:24+00:00","author":{"@id":"https:\/\/comision20dediciembrede1989.org.pa\/#\/schema\/person\/2627c63c9634ca580036064042ce2c25"},"description":"El mundo recuerda 32 a\u00f1os de la Invasi\u00f3n a Panam\u00e1 por parte de EE.UU. | Este 20 de diciembre se cumplen 32 de la Invasi\u00f3n a Panam\u00e1...","breadcrumb":{"@id":"https:\/\/comision20dediciembrede1989.org.pa\/index.php\/2021\/12\/20\/el-mundo-recuerda-32-anos-de-la-invasion-a-panama-por-parte-de-ee-uu\/#breadcrumb"},"inLanguage":"es","potentialAction":[{"@type":"ReadAction","target":["https:\/\/comision20dediciembrede1989.org.pa\/index.php\/2021\/12\/20\/el-mundo-recuerda-32-anos-de-la-invasion-a-panama-por-parte-de-ee-uu\/"]}]},{"@type":"ImageObject","inLanguage":"es","@id":"https:\/\/comision20dediciembrede1989.org.pa\/index.php\/2021\/12\/20\/el-mundo-recuerda-32-anos-de-la-invasion-a-panama-por-parte-de-ee-uu\/#primaryimage","url":"https:\/\/comision20dediciembrede1989.org.pa\/wp-content\/uploads\/2022\/01\/guerrA.jpg","contentUrl":"https:\/\/comision20dediciembrede1989.org.pa\/wp-content\/uploads\/2022\/01\/guerrA.jpg","width":800,"height":445},{"@type":"BreadcrumbList","@id":"https:\/\/comision20dediciembrede1989.org.pa\/index.php\/2021\/12\/20\/el-mundo-recuerda-32-anos-de-la-invasion-a-panama-por-parte-de-ee-uu\/#breadcrumb","itemListElement":[{"@type":"ListItem","position":1,"name":"Portada","item":"https:\/\/comision20dediciembrede1989.org.pa\/"},{"@type":"ListItem","position":2,"name":"El mundo recuerda 32 a\u00f1os de la Invasi\u00f3n a Panam\u00e1 por parte de EE.UU."}]},{"@type":"WebSite","@id":"https:\/\/comision20dediciembrede1989.org.pa\/#website","url":"https:\/\/comision20dediciembrede1989.org.pa\/","name":"Comision 20 de diciembre","description":"Por la Verdad, la Memoria y la Justicia","potentialAction":[{"@type":"SearchAction","target":{"@type":"EntryPoint","urlTemplate":"https:\/\/comision20dediciembrede1989.org.pa\/?s={search_term_string}"},"query-input":{"@type":"PropertyValueSpecification","valueRequired":true,"valueName":"search_term_string"}}],"inLanguage":"es"},{"@type":"Person","@id":"https:\/\/comision20dediciembrede1989.org.pa\/#\/schema\/person\/2627c63c9634ca580036064042ce2c25","name":"a dg","url":"https:\/\/comision20dediciembrede1989.org.pa\/index.php\/author\/admina\/"}]}},"_links":{"self":[{"href":"https:\/\/comision20dediciembrede1989.org.pa\/index.php\/wp-json\/wp\/v2\/posts\/1881","targetHints":{"allow":["GET"]}}],"collection":[{"href":"https:\/\/comision20dediciembrede1989.org.pa\/index.php\/wp-json\/wp\/v2\/posts"}],"about":[{"href":"https:\/\/comision20dediciembrede1989.org.pa\/index.php\/wp-json\/wp\/v2\/types\/post"}],"author":[{"embeddable":true,"href":"https:\/\/comision20dediciembrede1989.org.pa\/index.php\/wp-json\/wp\/v2\/users\/6"}],"replies":[{"embeddable":true,"href":"https:\/\/comision20dediciembrede1989.org.pa\/index.php\/wp-json\/wp\/v2\/comments?post=1881"}],"version-history":[{"count":3,"href":"https:\/\/comision20dediciembrede1989.org.pa\/index.php\/wp-json\/wp\/v2\/posts\/1881\/revisions"}],"predecessor-version":[{"id":1936,"href":"https:\/\/comision20dediciembrede1989.org.pa\/index.php\/wp-json\/wp\/v2\/posts\/1881\/revisions\/1936"}],"wp:featuredmedia":[{"embeddable":true,"href":"https:\/\/comision20dediciembrede1989.org.pa\/index.php\/wp-json\/wp\/v2\/media\/1882"}],"wp:attachment":[{"href":"https:\/\/comision20dediciembrede1989.org.pa\/index.php\/wp-json\/wp\/v2\/media?parent=1881"}],"wp:term":[{"taxonomy":"category","embeddable":true,"href":"https:\/\/comision20dediciembrede1989.org.pa\/index.php\/wp-json\/wp\/v2\/categories?post=1881"},{"taxonomy":"post_tag","embeddable":true,"href":"https:\/\/comision20dediciembrede1989.org.pa\/index.php\/wp-json\/wp\/v2\/tags?post=1881"}],"curies":[{"name":"wp","href":"https:\/\/api.w.org\/{rel}","templated":true}]}}