{"id":1858,"date":"2021-12-20T22:12:08","date_gmt":"2021-12-20T22:12:08","guid":{"rendered":"https:\/\/comision20dediciembrede1989.org.pa\/?p=1858"},"modified":"2022-06-28T19:29:24","modified_gmt":"2022-06-28T19:29:24","slug":"panama-conmemoran-32-anos-de-la-invasion-de-estados-unidos","status":"publish","type":"post","link":"https:\/\/comision20dediciembrede1989.org.pa\/index.php\/2021\/12\/20\/panama-conmemoran-32-anos-de-la-invasion-de-estados-unidos\/","title":{"rendered":"Panam\u00e1: Conmemoran 32 a\u00f1os de la invasi\u00f3n de Estados Unidos"},"content":{"rendered":"<h2 class=\"news-headline__article-summary\">La invasi\u00f3n de EE.UU. a Panam\u00e1 en el a\u00f1o 1989, bajo el nombre Operaci\u00f3n Causa Justa, dej\u00f3 como resultado la p\u00e9rdida de centenares de vidas.<\/h2>\n<div class=\"article-body__author\">\n<div class=\"article-body__author-info-wrapper\">\n<div class=\"article-body__author-name\">Por <a href=\"https:\/\/www.ecotvpanama.com\/perfil\/2000036-redaccion-eco\" target=\"_blank\" rel=\"noopener\">Redacci\u00f3n ECO<\/a><\/div>\n<\/div>\n<\/div>\n<p>Con la Bandera Nacional ondeando a media asta y la realizaci\u00f3n de varios actos, <strong><a class=\"agrupador\" href=\"https:\/\/www.ecotvpanama.com\/\/panama-a2500844\" rel=\"2500844\">Panam\u00e1<\/a><\/strong> conmemora 32 a\u00f1os de la <a class=\"agrupador\" href=\"https:\/\/www.ecotvpanama.com\/invasion-a4004797\" rel=\"4004797\">invasi\u00f3n<\/a> de los <a class=\"agrupador\" href=\"https:\/\/www.ecotvpanama.com\/\/tags\/estados-unidos\" rel=\"2624994\">Estados Unidos<\/a> que culmin\u00f3 con la captura del entonces dictador Manuel Antonio Noriega.<\/p>\n<p>Los actos conmemorativos comenzaron con una visita al cementerio Jard\u00edn de Paz y la colocaci\u00f3n de una ofrenda floral en el sitio donde reposan los restos de muchas de las v\u00edctimas. Participaron varios ministros de Estado<\/p>\n<p>Mediante el Decreto Ejecutivo N\u00b0 72 del 17 de diciembre, se estableci\u00f3 declarar este 20 de Diciembre de 2021, como \u00abD\u00eda de duelo nacional\u00bb y se ordena que la Bandera Nacional se mantenga a media asta en las entidades p\u00fablicas y establecimientos privados del pa\u00eds.<\/p>\n<p>Cabe mencionar que hasta la fecha se desconoce la cifra exacta de ciudadanos que murieron durante la incursi\u00f3n de tropas de la Fuerza Armada de los Estados Unidos a Panam\u00e1, sin embargo, se calcula que fueron entre 500 y 5 mil paname\u00f1os.<\/p>\n<p><img fetchpriority=\"high\" decoding=\"async\" class=\"alignnone wp-image-1860 size-full\" src=\"http:\/\/comision20dediciembrede1989.org.pa\/wp-content\/uploads\/2022\/01\/imagepng.png\" alt=\"\" width=\"855\" height=\"555\" srcset=\"https:\/\/comision20dediciembrede1989.org.pa\/wp-content\/uploads\/2022\/01\/imagepng.png 855w, https:\/\/comision20dediciembrede1989.org.pa\/wp-content\/uploads\/2022\/01\/imagepng-300x195.png 300w, https:\/\/comision20dediciembrede1989.org.pa\/wp-content\/uploads\/2022\/01\/imagepng-768x499.png 768w\" sizes=\"(max-width: 855px) 100vw, 855px\" \/><\/p>\n<p>En el a\u00f1o 2019 fueron hecho p\u00fablicos cientos de documentos desclasificados de archivos de EE. UU. sobre la invasi\u00f3n a Panam\u00e1 que incluyen datos sobre muertos, juicios marciales por violaci\u00f3n de derechos humanos y llamadas presidenciales han sido publicados en \u00abPanama Files\u00bb.<\/p>\n<p>En octubre de este a\u00f1o se hab\u00eda anunciado que Panam\u00e1 reiniciar\u00eda la b\u00fasqueda de dos militares estadounidenses desaparecidos en un accidente de avi\u00f3n en 1985, durante la dictadura de Manuel Antonio Noriega.<\/p>\n<p>Fuente: <a href=\"https:\/\/www.ecotvpanama.com\/nacionales\/panama-conmemoran-32-anos-la-invasion-estados-unidos-n5630664\">Eco tv<\/a><\/p>\n","protected":false},"excerpt":{"rendered":"<p>La invasi\u00f3n de EE.UU. a Panam\u00e1 en el a\u00f1o 1989, bajo el nombre Operaci\u00f3n Causa Justa, dej\u00f3 como resultado la p\u00e9rdida de centenares de vidas. Por Redacci\u00f3n ECO Con la Bandera Nacional ondeando a media asta y la realizaci\u00f3n de varios actos, Panam\u00e1 conmemora 32 a\u00f1os de la invasi\u00f3n de los Estados Unidos que culmin\u00f3 con la captura del entonces dictador Manuel Antonio Noriega. Los actos conmemorativos comenzaron con una visita al cementerio Jard\u00edn de Paz y la colocaci\u00f3n de una ofrenda floral en el sitio donde reposan los restos de muchas de las v\u00edctimas. Participaron varios ministros de Estado Mediante el Decreto Ejecutivo N\u00b0 72 del 17 de diciembre, se estableci\u00f3 declarar este 20 de Diciembre de 2021, como \u00abD\u00eda de duelo nacional\u00bb y se ordena que la Bandera Nacional se mantenga a media asta en las entidades p\u00fablicas y establecimientos privados del pa\u00eds. Cabe mencionar que hasta la fecha se desconoce la cifra exacta de ciudadanos que murieron durante la incursi\u00f3n de tropas de la Fuerza Armada de los Estados Unidos a Panam\u00e1, sin embargo, se calcula que fueron entre 500 y 5 mil paname\u00f1os. En el a\u00f1o 2019 fueron hecho p\u00fablicos cientos de documentos desclasificados de archivos de EE. UU. sobre la invasi\u00f3n a Panam\u00e1 que incluyen datos sobre muertos, juicios marciales por violaci\u00f3n de derechos humanos y llamadas presidenciales han sido publicados en \u00abPanama Files\u00bb. En octubre de este a\u00f1o se hab\u00eda anunciado que Panam\u00e1 reiniciar\u00eda la b\u00fasqueda de dos militares estadounidenses desaparecidos en un accidente [&hellip;]<\/p>\n","protected":false},"author":6,"featured_media":1859,"comment_status":"closed","ping_status":"closed","sticky":false,"template":"","format":"standard","meta":{"footnotes":""},"categories":[72,6],"tags":[],"class_list":["post-1858","post","type-post","status-publish","format-standard","has-post-thumbnail","hentry","category-12-2021","category-6"],"yoast_head":"<!-- This site is optimized with the Yoast SEO plugin v27.4 - https:\/\/yoast.com\/product\/yoast-seo-wordpress\/ -->\n<title>Panam\u00e1: Conmemoran 32 a\u00f1os de la invasi\u00f3n de Estados Unidos<\/title>\n<meta name=\"description\" content=\"Panam\u00e1: Conmemoran 32 a\u00f1os de la invasi\u00f3n de Estados Unidos | La invasi\u00f3n de EE. UU. a Panam\u00e1 en el a\u00f1o 1989, bajo el nombre Operaci\u00f3n Causa\" \/>\n<meta name=\"robots\" content=\"index, follow, max-snippet:-1, max-image-preview:large, max-video-preview:-1\" \/>\n<link rel=\"canonical\" href=\"https:\/\/comision20dediciembrede1989.org.pa\/index.php\/2021\/12\/20\/panama-conmemoran-32-anos-de-la-invasion-de-estados-unidos\/\" \/>\n<meta property=\"og:locale\" content=\"es_ES\" \/>\n<meta property=\"og:type\" content=\"article\" \/>\n<meta property=\"og:title\" content=\"Panam\u00e1: Conmemoran 32 a\u00f1os de la invasi\u00f3n de Estados Unidos\" \/>\n<meta property=\"og:description\" content=\"Panam\u00e1: Conmemoran 32 a\u00f1os de la invasi\u00f3n de Estados Unidos | La invasi\u00f3n de EE. UU. a Panam\u00e1 en el a\u00f1o 1989, bajo el nombre Operaci\u00f3n Causa\" \/>\n<meta property=\"og:url\" content=\"https:\/\/comision20dediciembrede1989.org.pa\/index.php\/2021\/12\/20\/panama-conmemoran-32-anos-de-la-invasion-de-estados-unidos\/\" \/>\n<meta property=\"og:site_name\" content=\"Comision 20 de diciembre\" \/>\n<meta property=\"article:published_time\" content=\"2021-12-20T22:12:08+00:00\" \/>\n<meta property=\"article:modified_time\" content=\"2022-06-28T19:29:24+00:00\" \/>\n<meta property=\"og:image\" content=\"https:\/\/comision20dediciembrede1989.org.pa\/wp-content\/uploads\/2022\/01\/invasion-panamajpg.jpg\" \/>\n\t<meta property=\"og:image:width\" content=\"855\" \/>\n\t<meta property=\"og:image:height\" content=\"570\" \/>\n\t<meta property=\"og:image:type\" content=\"image\/jpeg\" \/>\n<meta name=\"author\" content=\"a dg\" \/>\n<meta name=\"twitter:card\" content=\"summary_large_image\" \/>\n<meta name=\"twitter:label1\" content=\"Escrito por\" \/>\n\t<meta name=\"twitter:data1\" content=\"a dg\" \/>\n\t<meta name=\"twitter:label2\" content=\"Tiempo de lectura\" \/>\n\t<meta name=\"twitter:data2\" content=\"2 minutos\" \/>\n<script type=\"application\/ld+json\" class=\"yoast-schema-graph\">{\"@context\":\"https:\\\/\\\/schema.org\",\"@graph\":[{\"@type\":\"Article\",\"@id\":\"https:\\\/\\\/comision20dediciembrede1989.org.pa\\\/index.php\\\/2021\\\/12\\\/20\\\/panama-conmemoran-32-anos-de-la-invasion-de-estados-unidos\\\/#article\",\"isPartOf\":{\"@id\":\"https:\\\/\\\/comision20dediciembrede1989.org.pa\\\/index.php\\\/2021\\\/12\\\/20\\\/panama-conmemoran-32-anos-de-la-invasion-de-estados-unidos\\\/\"},\"author\":{\"name\":\"a dg\",\"@id\":\"https:\\\/\\\/comision20dediciembrede1989.org.pa\\\/#\\\/schema\\\/person\\\/2627c63c9634ca580036064042ce2c25\"},\"headline\":\"Panam\u00e1: Conmemoran 32 a\u00f1os de la invasi\u00f3n de Estados Unidos\",\"datePublished\":\"2021-12-20T22:12:08+00:00\",\"dateModified\":\"2022-06-28T19:29:24+00:00\",\"mainEntityOfPage\":{\"@id\":\"https:\\\/\\\/comision20dediciembrede1989.org.pa\\\/index.php\\\/2021\\\/12\\\/20\\\/panama-conmemoran-32-anos-de-la-invasion-de-estados-unidos\\\/\"},\"wordCount\":291,\"image\":{\"@id\":\"https:\\\/\\\/comision20dediciembrede1989.org.pa\\\/index.php\\\/2021\\\/12\\\/20\\\/panama-conmemoran-32-anos-de-la-invasion-de-estados-unidos\\\/#primaryimage\"},\"thumbnailUrl\":\"https:\\\/\\\/comision20dediciembrede1989.org.pa\\\/wp-content\\\/uploads\\\/2022\\\/01\\\/invasion-panamajpg.jpg\",\"articleSection\":[\"12-2021\",\"2021\"],\"inLanguage\":\"es\"},{\"@type\":\"WebPage\",\"@id\":\"https:\\\/\\\/comision20dediciembrede1989.org.pa\\\/index.php\\\/2021\\\/12\\\/20\\\/panama-conmemoran-32-anos-de-la-invasion-de-estados-unidos\\\/\",\"url\":\"https:\\\/\\\/comision20dediciembrede1989.org.pa\\\/index.php\\\/2021\\\/12\\\/20\\\/panama-conmemoran-32-anos-de-la-invasion-de-estados-unidos\\\/\",\"name\":\"Panam\u00e1: Conmemoran 32 a\u00f1os de la invasi\u00f3n de Estados Unidos\",\"isPartOf\":{\"@id\":\"https:\\\/\\\/comision20dediciembrede1989.org.pa\\\/#website\"},\"primaryImageOfPage\":{\"@id\":\"https:\\\/\\\/comision20dediciembrede1989.org.pa\\\/index.php\\\/2021\\\/12\\\/20\\\/panama-conmemoran-32-anos-de-la-invasion-de-estados-unidos\\\/#primaryimage\"},\"image\":{\"@id\":\"https:\\\/\\\/comision20dediciembrede1989.org.pa\\\/index.php\\\/2021\\\/12\\\/20\\\/panama-conmemoran-32-anos-de-la-invasion-de-estados-unidos\\\/#primaryimage\"},\"thumbnailUrl\":\"https:\\\/\\\/comision20dediciembrede1989.org.pa\\\/wp-content\\\/uploads\\\/2022\\\/01\\\/invasion-panamajpg.jpg\",\"datePublished\":\"2021-12-20T22:12:08+00:00\",\"dateModified\":\"2022-06-28T19:29:24+00:00\",\"author\":{\"@id\":\"https:\\\/\\\/comision20dediciembrede1989.org.pa\\\/#\\\/schema\\\/person\\\/2627c63c9634ca580036064042ce2c25\"},\"description\":\"Panam\u00e1: Conmemoran 32 a\u00f1os de la invasi\u00f3n de Estados Unidos | La invasi\u00f3n de EE. UU. a Panam\u00e1 en el a\u00f1o 1989, bajo el nombre Operaci\u00f3n Causa\",\"breadcrumb\":{\"@id\":\"https:\\\/\\\/comision20dediciembrede1989.org.pa\\\/index.php\\\/2021\\\/12\\\/20\\\/panama-conmemoran-32-anos-de-la-invasion-de-estados-unidos\\\/#breadcrumb\"},\"inLanguage\":\"es\",\"potentialAction\":[{\"@type\":\"ReadAction\",\"target\":[\"https:\\\/\\\/comision20dediciembrede1989.org.pa\\\/index.php\\\/2021\\\/12\\\/20\\\/panama-conmemoran-32-anos-de-la-invasion-de-estados-unidos\\\/\"]}]},{\"@type\":\"ImageObject\",\"inLanguage\":\"es\",\"@id\":\"https:\\\/\\\/comision20dediciembrede1989.org.pa\\\/index.php\\\/2021\\\/12\\\/20\\\/panama-conmemoran-32-anos-de-la-invasion-de-estados-unidos\\\/#primaryimage\",\"url\":\"https:\\\/\\\/comision20dediciembrede1989.org.pa\\\/wp-content\\\/uploads\\\/2022\\\/01\\\/invasion-panamajpg.jpg\",\"contentUrl\":\"https:\\\/\\\/comision20dediciembrede1989.org.pa\\\/wp-content\\\/uploads\\\/2022\\\/01\\\/invasion-panamajpg.jpg\",\"width\":855,\"height\":570},{\"@type\":\"BreadcrumbList\",\"@id\":\"https:\\\/\\\/comision20dediciembrede1989.org.pa\\\/index.php\\\/2021\\\/12\\\/20\\\/panama-conmemoran-32-anos-de-la-invasion-de-estados-unidos\\\/#breadcrumb\",\"itemListElement\":[{\"@type\":\"ListItem\",\"position\":1,\"name\":\"Portada\",\"item\":\"https:\\\/\\\/comision20dediciembrede1989.org.pa\\\/\"},{\"@type\":\"ListItem\",\"position\":2,\"name\":\"Panam\u00e1: Conmemoran 32 a\u00f1os de la invasi\u00f3n de Estados Unidos\"}]},{\"@type\":\"WebSite\",\"@id\":\"https:\\\/\\\/comision20dediciembrede1989.org.pa\\\/#website\",\"url\":\"https:\\\/\\\/comision20dediciembrede1989.org.pa\\\/\",\"name\":\"Comision 20 de diciembre\",\"description\":\"Por la Verdad, la Memoria y la Justicia\",\"potentialAction\":[{\"@type\":\"SearchAction\",\"target\":{\"@type\":\"EntryPoint\",\"urlTemplate\":\"https:\\\/\\\/comision20dediciembrede1989.org.pa\\\/?s={search_term_string}\"},\"query-input\":{\"@type\":\"PropertyValueSpecification\",\"valueRequired\":true,\"valueName\":\"search_term_string\"}}],\"inLanguage\":\"es\"},{\"@type\":\"Person\",\"@id\":\"https:\\\/\\\/comision20dediciembrede1989.org.pa\\\/#\\\/schema\\\/person\\\/2627c63c9634ca580036064042ce2c25\",\"name\":\"a dg\",\"url\":\"https:\\\/\\\/comision20dediciembrede1989.org.pa\\\/index.php\\\/author\\\/admina\\\/\"}]}<\/script>\n<!-- \/ Yoast SEO plugin. -->","yoast_head_json":{"title":"Panam\u00e1: Conmemoran 32 a\u00f1os de la invasi\u00f3n de Estados Unidos","description":"Panam\u00e1: Conmemoran 32 a\u00f1os de la invasi\u00f3n de Estados Unidos | La invasi\u00f3n de EE. UU. a Panam\u00e1 en el a\u00f1o 1989, bajo el nombre Operaci\u00f3n Causa","robots":{"index":"index","follow":"follow","max-snippet":"max-snippet:-1","max-image-preview":"max-image-preview:large","max-video-preview":"max-video-preview:-1"},"canonical":"https:\/\/comision20dediciembrede1989.org.pa\/index.php\/2021\/12\/20\/panama-conmemoran-32-anos-de-la-invasion-de-estados-unidos\/","og_locale":"es_ES","og_type":"article","og_title":"Panam\u00e1: Conmemoran 32 a\u00f1os de la invasi\u00f3n de Estados Unidos","og_description":"Panam\u00e1: Conmemoran 32 a\u00f1os de la invasi\u00f3n de Estados Unidos | La invasi\u00f3n de EE. UU. a Panam\u00e1 en el a\u00f1o 1989, bajo el nombre Operaci\u00f3n Causa","og_url":"https:\/\/comision20dediciembrede1989.org.pa\/index.php\/2021\/12\/20\/panama-conmemoran-32-anos-de-la-invasion-de-estados-unidos\/","og_site_name":"Comision 20 de diciembre","article_published_time":"2021-12-20T22:12:08+00:00","article_modified_time":"2022-06-28T19:29:24+00:00","og_image":[{"width":855,"height":570,"url":"https:\/\/comision20dediciembrede1989.org.pa\/wp-content\/uploads\/2022\/01\/invasion-panamajpg.jpg","type":"image\/jpeg"}],"author":"a dg","twitter_card":"summary_large_image","twitter_misc":{"Escrito por":"a dg","Tiempo de lectura":"2 minutos"},"schema":{"@context":"https:\/\/schema.org","@graph":[{"@type":"Article","@id":"https:\/\/comision20dediciembrede1989.org.pa\/index.php\/2021\/12\/20\/panama-conmemoran-32-anos-de-la-invasion-de-estados-unidos\/#article","isPartOf":{"@id":"https:\/\/comision20dediciembrede1989.org.pa\/index.php\/2021\/12\/20\/panama-conmemoran-32-anos-de-la-invasion-de-estados-unidos\/"},"author":{"name":"a dg","@id":"https:\/\/comision20dediciembrede1989.org.pa\/#\/schema\/person\/2627c63c9634ca580036064042ce2c25"},"headline":"Panam\u00e1: Conmemoran 32 a\u00f1os de la invasi\u00f3n de Estados Unidos","datePublished":"2021-12-20T22:12:08+00:00","dateModified":"2022-06-28T19:29:24+00:00","mainEntityOfPage":{"@id":"https:\/\/comision20dediciembrede1989.org.pa\/index.php\/2021\/12\/20\/panama-conmemoran-32-anos-de-la-invasion-de-estados-unidos\/"},"wordCount":291,"image":{"@id":"https:\/\/comision20dediciembrede1989.org.pa\/index.php\/2021\/12\/20\/panama-conmemoran-32-anos-de-la-invasion-de-estados-unidos\/#primaryimage"},"thumbnailUrl":"https:\/\/comision20dediciembrede1989.org.pa\/wp-content\/uploads\/2022\/01\/invasion-panamajpg.jpg","articleSection":["12-2021","2021"],"inLanguage":"es"},{"@type":"WebPage","@id":"https:\/\/comision20dediciembrede1989.org.pa\/index.php\/2021\/12\/20\/panama-conmemoran-32-anos-de-la-invasion-de-estados-unidos\/","url":"https:\/\/comision20dediciembrede1989.org.pa\/index.php\/2021\/12\/20\/panama-conmemoran-32-anos-de-la-invasion-de-estados-unidos\/","name":"Panam\u00e1: Conmemoran 32 a\u00f1os de la invasi\u00f3n de Estados Unidos","isPartOf":{"@id":"https:\/\/comision20dediciembrede1989.org.pa\/#website"},"primaryImageOfPage":{"@id":"https:\/\/comision20dediciembrede1989.org.pa\/index.php\/2021\/12\/20\/panama-conmemoran-32-anos-de-la-invasion-de-estados-unidos\/#primaryimage"},"image":{"@id":"https:\/\/comision20dediciembrede1989.org.pa\/index.php\/2021\/12\/20\/panama-conmemoran-32-anos-de-la-invasion-de-estados-unidos\/#primaryimage"},"thumbnailUrl":"https:\/\/comision20dediciembrede1989.org.pa\/wp-content\/uploads\/2022\/01\/invasion-panamajpg.jpg","datePublished":"2021-12-20T22:12:08+00:00","dateModified":"2022-06-28T19:29:24+00:00","author":{"@id":"https:\/\/comision20dediciembrede1989.org.pa\/#\/schema\/person\/2627c63c9634ca580036064042ce2c25"},"description":"Panam\u00e1: Conmemoran 32 a\u00f1os de la invasi\u00f3n de Estados Unidos | La invasi\u00f3n de EE. UU. a Panam\u00e1 en el a\u00f1o 1989, bajo el nombre Operaci\u00f3n Causa","breadcrumb":{"@id":"https:\/\/comision20dediciembrede1989.org.pa\/index.php\/2021\/12\/20\/panama-conmemoran-32-anos-de-la-invasion-de-estados-unidos\/#breadcrumb"},"inLanguage":"es","potentialAction":[{"@type":"ReadAction","target":["https:\/\/comision20dediciembrede1989.org.pa\/index.php\/2021\/12\/20\/panama-conmemoran-32-anos-de-la-invasion-de-estados-unidos\/"]}]},{"@type":"ImageObject","inLanguage":"es","@id":"https:\/\/comision20dediciembrede1989.org.pa\/index.php\/2021\/12\/20\/panama-conmemoran-32-anos-de-la-invasion-de-estados-unidos\/#primaryimage","url":"https:\/\/comision20dediciembrede1989.org.pa\/wp-content\/uploads\/2022\/01\/invasion-panamajpg.jpg","contentUrl":"https:\/\/comision20dediciembrede1989.org.pa\/wp-content\/uploads\/2022\/01\/invasion-panamajpg.jpg","width":855,"height":570},{"@type":"BreadcrumbList","@id":"https:\/\/comision20dediciembrede1989.org.pa\/index.php\/2021\/12\/20\/panama-conmemoran-32-anos-de-la-invasion-de-estados-unidos\/#breadcrumb","itemListElement":[{"@type":"ListItem","position":1,"name":"Portada","item":"https:\/\/comision20dediciembrede1989.org.pa\/"},{"@type":"ListItem","position":2,"name":"Panam\u00e1: Conmemoran 32 a\u00f1os de la invasi\u00f3n de Estados Unidos"}]},{"@type":"WebSite","@id":"https:\/\/comision20dediciembrede1989.org.pa\/#website","url":"https:\/\/comision20dediciembrede1989.org.pa\/","name":"Comision 20 de diciembre","description":"Por la Verdad, la Memoria y la Justicia","potentialAction":[{"@type":"SearchAction","target":{"@type":"EntryPoint","urlTemplate":"https:\/\/comision20dediciembrede1989.org.pa\/?s={search_term_string}"},"query-input":{"@type":"PropertyValueSpecification","valueRequired":true,"valueName":"search_term_string"}}],"inLanguage":"es"},{"@type":"Person","@id":"https:\/\/comision20dediciembrede1989.org.pa\/#\/schema\/person\/2627c63c9634ca580036064042ce2c25","name":"a dg","url":"https:\/\/comision20dediciembrede1989.org.pa\/index.php\/author\/admina\/"}]}},"_links":{"self":[{"href":"https:\/\/comision20dediciembrede1989.org.pa\/index.php\/wp-json\/wp\/v2\/posts\/1858","targetHints":{"allow":["GET"]}}],"collection":[{"href":"https:\/\/comision20dediciembrede1989.org.pa\/index.php\/wp-json\/wp\/v2\/posts"}],"about":[{"href":"https:\/\/comision20dediciembrede1989.org.pa\/index.php\/wp-json\/wp\/v2\/types\/post"}],"author":[{"embeddable":true,"href":"https:\/\/comision20dediciembrede1989.org.pa\/index.php\/wp-json\/wp\/v2\/users\/6"}],"replies":[{"embeddable":true,"href":"https:\/\/comision20dediciembrede1989.org.pa\/index.php\/wp-json\/wp\/v2\/comments?post=1858"}],"version-history":[{"count":4,"href":"https:\/\/comision20dediciembrede1989.org.pa\/index.php\/wp-json\/wp\/v2\/posts\/1858\/revisions"}],"predecessor-version":[{"id":1934,"href":"https:\/\/comision20dediciembrede1989.org.pa\/index.php\/wp-json\/wp\/v2\/posts\/1858\/revisions\/1934"}],"wp:featuredmedia":[{"embeddable":true,"href":"https:\/\/comision20dediciembrede1989.org.pa\/index.php\/wp-json\/wp\/v2\/media\/1859"}],"wp:attachment":[{"href":"https:\/\/comision20dediciembrede1989.org.pa\/index.php\/wp-json\/wp\/v2\/media?parent=1858"}],"wp:term":[{"taxonomy":"category","embeddable":true,"href":"https:\/\/comision20dediciembrede1989.org.pa\/index.php\/wp-json\/wp\/v2\/categories?post=1858"},{"taxonomy":"post_tag","embeddable":true,"href":"https:\/\/comision20dediciembrede1989.org.pa\/index.php\/wp-json\/wp\/v2\/tags?post=1858"}],"curies":[{"name":"wp","href":"https:\/\/api.w.org\/{rel}","templated":true}]}}