{"id":1845,"date":"2021-12-20T21:20:27","date_gmt":"2021-12-20T21:20:27","guid":{"rendered":"https:\/\/comision20dediciembrede1989.org.pa\/?p=1845"},"modified":"2022-06-28T19:29:24","modified_gmt":"2022-06-28T19:29:24","slug":"arzobispo-dice-que-herida-de-la-invasion-de-eeuu-a-panama-esta-aun-abierta","status":"publish","type":"post","link":"https:\/\/comision20dediciembrede1989.org.pa\/index.php\/2021\/12\/20\/arzobispo-dice-que-herida-de-la-invasion-de-eeuu-a-panama-esta-aun-abierta\/","title":{"rendered":"Arzobispo dice que herida de la invasi\u00f3n de EEUU a Panam\u00e1 est\u00e1 \u00aba\u00fan abierta\u00bb"},"content":{"rendered":"<p>El prelado record\u00f3 que m\u00e1s de tres d\u00e9cadas despu\u00e9s de la invasi\u00f3n no se conoce \u00aba ciencia cierta cu\u00e1ntas vidas se perdieron\u00bb<\/p>\n<p id=\"m102-101-103\" class=\"paragraph \">La \u00abprofunda herida\u00bb causada por la invasi\u00f3n de EE.UU. a Panam\u00e1 \u00aba\u00fan permanece abierta\u00bb, afirm\u00f3 este lunes el arzobispo metropolitano, Jos\u00e9 Domingo Ulloa, durante una invocaci\u00f3n religiosa por el 32 aniversario de la acci\u00f3n militar estadounidense que derroc\u00f3 al dictador Manuel Antonio Noriega.<\/p>\n<p id=\"m107-106-108\" class=\"paragraph \">Al recordar a los \u00abca\u00eddos el 20 de diciembre de 1989\u00bb, el prelado calific\u00f3 la invasi\u00f3n como \u00abuno de los acontecimientos m\u00e1s doloroso de la historia\u00bb del pa\u00eds, y pidi\u00f3 a los ciudadanos preguntarse si se hizo \u00abtodo lo que estuvo en nuestras manos para evitar el enfrentamiento entre paname\u00f1os\u00bb.<\/p>\n<p id=\"m112-111-113\" class=\"paragraph \">\u00abAunque han transcurrido 32 a\u00f1os, es imposible ser indiferentes y mucho menos insensibles al escuchar el clamor de las v\u00edctimas y de los familiares de los fallecidos a causa de la invasi\u00f3n. Recordar las escenas dantescas de c\u00f3mo qued\u00f3 nuestro pa\u00eds, no solo en la ruina material sino tambi\u00e9n moral, a\u00fan estremecen nuestra conciencia\u00bb, afirm\u00f3 Ulloa.<\/p>\n<p id=\"m127-126-128\" class=\"paragraph \">El prelado record\u00f3 que m\u00e1s de tres d\u00e9cadas despu\u00e9s de la invasi\u00f3n no se conoce \u00aba ciencia cierta cu\u00e1ntas vidas se perdieron\u00bb en aquel acontecimiento, y que son miles las v\u00edctimas que exigen saber la verdad.<\/p>\n<p id=\"m132-131-133\" class=\"paragraph \">Es por ello que resalt\u00f3 la \u00abgran responsabilidad hist\u00f3rica\u00bb que tiene la llamada \u00abComisi\u00f3n Especial 20 de diciembre de 1989, creada en el 2016 con el objetivo de \u00abesclarecer y ofrecerle al pueblo paname\u00f1o la verdad de lo sucedido durante la invasi\u00f3n\u00bb.<\/p>\n<p id=\"m142-141-143\" class=\"paragraph \">\u00abEl gran bien para todos, es la verdadera justicia, es dar a cada uno lo que corresponde\u00bb, dijo el jerarca cat\u00f3lico, y resalt\u00f3 que los paname\u00f1os necesitan reencontrarse y escucharse \u00abpara sanar\u00bb.<\/p>\n<p id=\"m147-146-148\" class=\"paragraph \">M\u00e1s de 30 a\u00f1os despu\u00e9s a\u00fan no se sabe con certeza en Panam\u00e1 el n\u00famero real de los fallecidos durante la invasi\u00f3n, en la que EE.UU. moviliz\u00f3 26.000 soldados y us\u00f3 armamento de \u00faltima generaci\u00f3n para capturar a Noriega (1934-2017).<\/p>\n<div id=\"m21-19-22\">\n<article id=\"article-461468\" class=\"article default\" data-history-state=\"0\" data-title=\"Arzobispo dice que herida de la invasi\u00f3n de EEUU a Panam\u00e1 est\u00e1 &quot;a\u00fan abierta&quot;\">\n<div class=\"content-modules\">\n<p id=\"m152-151-153\" class=\"paragraph \">Acusado de narcotr\u00e1fico por Estados Unidos, Noriega, que gobern\u00f3 de facto entre 1983 y 1989, se entreg\u00f3 el 3 de enero de 1990 a los estadounidenses, lo que supuso el desmantelamiento de las Fuerzas de Defensa paname\u00f1as.<\/p>\n<p id=\"m157-156-158\" class=\"paragraph \">Documentos estadounidenses desclasificados a lo largo de los a\u00f1os y publicados por primera vez en diciembre de 2019 se\u00f1alan 516 muertos durante la invasi\u00f3n, de ellos 314 militares, la gran mayor\u00eda paname\u00f1os, mientras que en el pa\u00eds centroamericano se habla de miles de civiles fallecidos y de violaciones de derechos humanos.<\/p>\n<p id=\"m162-161-163\" class=\"paragraph \">La Comisi\u00f3n Especial, respaldada por el Gobierno paname\u00f1o y que ya ha identificado al menos 350 v\u00edctimas, sostiene que, contrario a lo que muchos creen, los muertos durante la invasi\u00f3n no fueron aliados del Gobierno de Noriega sino civiles \u00abque sufrieron estas consecuencias a trav\u00e9s de violaci\u00f3n de protocolos de guerra\u00bb.<\/p>\n<p>Fuente: <a href=\"https:\/\/www.laestrella.com.pa\/nacional\/211220\/arzobispo-dice-herida-invasion-eeuu-panama-abierta\" target=\"_blank\" rel=\"noopener\">La Estrella de Panam\u00e1<\/a><\/p>\n<div id=\"m21-19-22\">\n<div class=\"board-free-html board-free-html-home\">\n<div id=\"m26-25-27\" class=\"free-content \"><\/div>\n<\/div>\n<\/div>\n<\/div>\n<\/article>\n<\/div>\n","protected":false},"excerpt":{"rendered":"<p>El prelado record\u00f3 que m\u00e1s de tres d\u00e9cadas despu\u00e9s de la invasi\u00f3n no se conoce \u00aba ciencia cierta cu\u00e1ntas vidas se perdieron\u00bb La \u00abprofunda herida\u00bb causada por la invasi\u00f3n de EE.UU. a Panam\u00e1 \u00aba\u00fan permanece abierta\u00bb, afirm\u00f3 este lunes el arzobispo metropolitano, Jos\u00e9 Domingo Ulloa, durante una invocaci\u00f3n religiosa por el 32 aniversario de la acci\u00f3n militar estadounidense que derroc\u00f3 al dictador Manuel Antonio Noriega. Al recordar a los \u00abca\u00eddos el 20 de diciembre de 1989\u00bb, el prelado calific\u00f3 la invasi\u00f3n como \u00abuno de los acontecimientos m\u00e1s doloroso de la historia\u00bb del pa\u00eds, y pidi\u00f3 a los ciudadanos preguntarse si se hizo \u00abtodo lo que estuvo en nuestras manos para evitar el enfrentamiento entre paname\u00f1os\u00bb. \u00abAunque han transcurrido 32 a\u00f1os, es imposible ser indiferentes y mucho menos insensibles al escuchar el clamor de las v\u00edctimas y de los familiares de los fallecidos a causa de la invasi\u00f3n. Recordar las escenas dantescas de c\u00f3mo qued\u00f3 nuestro pa\u00eds, no solo en la ruina material sino tambi\u00e9n moral, a\u00fan estremecen nuestra conciencia\u00bb, afirm\u00f3 Ulloa. El prelado record\u00f3 que m\u00e1s de tres d\u00e9cadas despu\u00e9s de la invasi\u00f3n no se conoce \u00aba ciencia cierta cu\u00e1ntas vidas se perdieron\u00bb en aquel acontecimiento, y que son miles las v\u00edctimas que exigen saber la verdad. Es por ello que resalt\u00f3 la \u00abgran responsabilidad hist\u00f3rica\u00bb que tiene la llamada \u00abComisi\u00f3n Especial 20 de diciembre de 1989, creada en el 2016 con el objetivo de \u00abesclarecer y ofrecerle al pueblo paname\u00f1o la verdad de lo sucedido durante la invasi\u00f3n\u00bb. \u00abEl [&hellip;]<\/p>\n","protected":false},"author":6,"featured_media":1847,"comment_status":"closed","ping_status":"closed","sticky":false,"template":"","format":"standard","meta":{"footnotes":""},"categories":[72,6],"tags":[],"class_list":["post-1845","post","type-post","status-publish","format-standard","has-post-thumbnail","hentry","category-12-2021","category-6"],"yoast_head":"<!-- This site is optimized with the Yoast SEO plugin v27.4 - https:\/\/yoast.com\/product\/yoast-seo-wordpress\/ -->\n<title>Arzobispo dice que herida de la invasi\u00f3n de EEUU est\u00e1 &quot;a\u00fan abierta&quot;<\/title>\n<meta name=\"description\" content=\"Arzobispo dice que herida de la invasi\u00f3n de EEUU a Panam\u00e1 est\u00e1 &quot;a\u00fan abierta&quot; | El prelado record\u00f3 que m\u00e1s de tres d\u00e9cadas despu\u00e9s de...\" \/>\n<meta name=\"robots\" content=\"index, follow, max-snippet:-1, max-image-preview:large, max-video-preview:-1\" \/>\n<link rel=\"canonical\" href=\"https:\/\/comision20dediciembrede1989.org.pa\/index.php\/2021\/12\/20\/arzobispo-dice-que-herida-de-la-invasion-de-eeuu-a-panama-esta-aun-abierta\/\" \/>\n<meta property=\"og:locale\" content=\"es_ES\" \/>\n<meta property=\"og:type\" content=\"article\" \/>\n<meta property=\"og:title\" content=\"Arzobispo dice que herida de la invasi\u00f3n de EEUU est\u00e1 &quot;a\u00fan abierta&quot;\" \/>\n<meta property=\"og:description\" content=\"Arzobispo dice que herida de la invasi\u00f3n de EEUU a Panam\u00e1 est\u00e1 &quot;a\u00fan abierta&quot; | El prelado record\u00f3 que m\u00e1s de tres d\u00e9cadas despu\u00e9s de...\" \/>\n<meta property=\"og:url\" content=\"https:\/\/comision20dediciembrede1989.org.pa\/index.php\/2021\/12\/20\/arzobispo-dice-que-herida-de-la-invasion-de-eeuu-a-panama-esta-aun-abierta\/\" \/>\n<meta property=\"og:site_name\" content=\"Comision 20 de diciembre\" \/>\n<meta property=\"article:published_time\" content=\"2021-12-20T21:20:27+00:00\" \/>\n<meta property=\"article:modified_time\" content=\"2022-06-28T19:29:24+00:00\" \/>\n<meta property=\"og:image\" content=\"https:\/\/comision20dediciembrede1989.org.pa\/wp-content\/uploads\/2021\/12\/laestrella.jpeg\" \/>\n\t<meta property=\"og:image:width\" content=\"990\" \/>\n\t<meta property=\"og:image:height\" content=\"491\" \/>\n\t<meta property=\"og:image:type\" content=\"image\/jpeg\" \/>\n<meta name=\"author\" content=\"a dg\" \/>\n<meta name=\"twitter:card\" content=\"summary_large_image\" \/>\n<meta name=\"twitter:label1\" content=\"Escrito por\" \/>\n\t<meta name=\"twitter:data1\" content=\"a dg\" \/>\n\t<meta name=\"twitter:label2\" content=\"Tiempo de lectura\" \/>\n\t<meta name=\"twitter:data2\" content=\"3 minutos\" \/>\n<script type=\"application\/ld+json\" class=\"yoast-schema-graph\">{\"@context\":\"https:\\\/\\\/schema.org\",\"@graph\":[{\"@type\":\"Article\",\"@id\":\"https:\\\/\\\/comision20dediciembrede1989.org.pa\\\/index.php\\\/2021\\\/12\\\/20\\\/arzobispo-dice-que-herida-de-la-invasion-de-eeuu-a-panama-esta-aun-abierta\\\/#article\",\"isPartOf\":{\"@id\":\"https:\\\/\\\/comision20dediciembrede1989.org.pa\\\/index.php\\\/2021\\\/12\\\/20\\\/arzobispo-dice-que-herida-de-la-invasion-de-eeuu-a-panama-esta-aun-abierta\\\/\"},\"author\":{\"name\":\"a dg\",\"@id\":\"https:\\\/\\\/comision20dediciembrede1989.org.pa\\\/#\\\/schema\\\/person\\\/2627c63c9634ca580036064042ce2c25\"},\"headline\":\"Arzobispo dice que herida de la invasi\u00f3n de EEUU a Panam\u00e1 est\u00e1 \u00aba\u00fan abierta\u00bb\",\"datePublished\":\"2021-12-20T21:20:27+00:00\",\"dateModified\":\"2022-06-28T19:29:24+00:00\",\"mainEntityOfPage\":{\"@id\":\"https:\\\/\\\/comision20dediciembrede1989.org.pa\\\/index.php\\\/2021\\\/12\\\/20\\\/arzobispo-dice-que-herida-de-la-invasion-de-eeuu-a-panama-esta-aun-abierta\\\/\"},\"wordCount\":520,\"image\":{\"@id\":\"https:\\\/\\\/comision20dediciembrede1989.org.pa\\\/index.php\\\/2021\\\/12\\\/20\\\/arzobispo-dice-que-herida-de-la-invasion-de-eeuu-a-panama-esta-aun-abierta\\\/#primaryimage\"},\"thumbnailUrl\":\"https:\\\/\\\/comision20dediciembrede1989.org.pa\\\/wp-content\\\/uploads\\\/2021\\\/12\\\/laestrella.jpeg\",\"articleSection\":[\"12-2021\",\"2021\"],\"inLanguage\":\"es\"},{\"@type\":\"WebPage\",\"@id\":\"https:\\\/\\\/comision20dediciembrede1989.org.pa\\\/index.php\\\/2021\\\/12\\\/20\\\/arzobispo-dice-que-herida-de-la-invasion-de-eeuu-a-panama-esta-aun-abierta\\\/\",\"url\":\"https:\\\/\\\/comision20dediciembrede1989.org.pa\\\/index.php\\\/2021\\\/12\\\/20\\\/arzobispo-dice-que-herida-de-la-invasion-de-eeuu-a-panama-esta-aun-abierta\\\/\",\"name\":\"Arzobispo dice que herida de la invasi\u00f3n de EEUU est\u00e1 \\\"a\u00fan abierta\\\"\",\"isPartOf\":{\"@id\":\"https:\\\/\\\/comision20dediciembrede1989.org.pa\\\/#website\"},\"primaryImageOfPage\":{\"@id\":\"https:\\\/\\\/comision20dediciembrede1989.org.pa\\\/index.php\\\/2021\\\/12\\\/20\\\/arzobispo-dice-que-herida-de-la-invasion-de-eeuu-a-panama-esta-aun-abierta\\\/#primaryimage\"},\"image\":{\"@id\":\"https:\\\/\\\/comision20dediciembrede1989.org.pa\\\/index.php\\\/2021\\\/12\\\/20\\\/arzobispo-dice-que-herida-de-la-invasion-de-eeuu-a-panama-esta-aun-abierta\\\/#primaryimage\"},\"thumbnailUrl\":\"https:\\\/\\\/comision20dediciembrede1989.org.pa\\\/wp-content\\\/uploads\\\/2021\\\/12\\\/laestrella.jpeg\",\"datePublished\":\"2021-12-20T21:20:27+00:00\",\"dateModified\":\"2022-06-28T19:29:24+00:00\",\"author\":{\"@id\":\"https:\\\/\\\/comision20dediciembrede1989.org.pa\\\/#\\\/schema\\\/person\\\/2627c63c9634ca580036064042ce2c25\"},\"description\":\"Arzobispo dice que herida de la invasi\u00f3n de EEUU a Panam\u00e1 est\u00e1 \\\"a\u00fan abierta\\\" | El prelado record\u00f3 que m\u00e1s de tres d\u00e9cadas despu\u00e9s de...\",\"breadcrumb\":{\"@id\":\"https:\\\/\\\/comision20dediciembrede1989.org.pa\\\/index.php\\\/2021\\\/12\\\/20\\\/arzobispo-dice-que-herida-de-la-invasion-de-eeuu-a-panama-esta-aun-abierta\\\/#breadcrumb\"},\"inLanguage\":\"es\",\"potentialAction\":[{\"@type\":\"ReadAction\",\"target\":[\"https:\\\/\\\/comision20dediciembrede1989.org.pa\\\/index.php\\\/2021\\\/12\\\/20\\\/arzobispo-dice-que-herida-de-la-invasion-de-eeuu-a-panama-esta-aun-abierta\\\/\"]}]},{\"@type\":\"ImageObject\",\"inLanguage\":\"es\",\"@id\":\"https:\\\/\\\/comision20dediciembrede1989.org.pa\\\/index.php\\\/2021\\\/12\\\/20\\\/arzobispo-dice-que-herida-de-la-invasion-de-eeuu-a-panama-esta-aun-abierta\\\/#primaryimage\",\"url\":\"https:\\\/\\\/comision20dediciembrede1989.org.pa\\\/wp-content\\\/uploads\\\/2021\\\/12\\\/laestrella.jpeg\",\"contentUrl\":\"https:\\\/\\\/comision20dediciembrede1989.org.pa\\\/wp-content\\\/uploads\\\/2021\\\/12\\\/laestrella.jpeg\",\"width\":990,\"height\":491,\"caption\":\"herida\"},{\"@type\":\"BreadcrumbList\",\"@id\":\"https:\\\/\\\/comision20dediciembrede1989.org.pa\\\/index.php\\\/2021\\\/12\\\/20\\\/arzobispo-dice-que-herida-de-la-invasion-de-eeuu-a-panama-esta-aun-abierta\\\/#breadcrumb\",\"itemListElement\":[{\"@type\":\"ListItem\",\"position\":1,\"name\":\"Portada\",\"item\":\"https:\\\/\\\/comision20dediciembrede1989.org.pa\\\/\"},{\"@type\":\"ListItem\",\"position\":2,\"name\":\"Arzobispo dice que herida de la invasi\u00f3n de EEUU a Panam\u00e1 est\u00e1 \u00aba\u00fan abierta\u00bb\"}]},{\"@type\":\"WebSite\",\"@id\":\"https:\\\/\\\/comision20dediciembrede1989.org.pa\\\/#website\",\"url\":\"https:\\\/\\\/comision20dediciembrede1989.org.pa\\\/\",\"name\":\"Comision 20 de diciembre\",\"description\":\"Por la Verdad, la Memoria y la Justicia\",\"potentialAction\":[{\"@type\":\"SearchAction\",\"target\":{\"@type\":\"EntryPoint\",\"urlTemplate\":\"https:\\\/\\\/comision20dediciembrede1989.org.pa\\\/?s={search_term_string}\"},\"query-input\":{\"@type\":\"PropertyValueSpecification\",\"valueRequired\":true,\"valueName\":\"search_term_string\"}}],\"inLanguage\":\"es\"},{\"@type\":\"Person\",\"@id\":\"https:\\\/\\\/comision20dediciembrede1989.org.pa\\\/#\\\/schema\\\/person\\\/2627c63c9634ca580036064042ce2c25\",\"name\":\"a dg\",\"url\":\"https:\\\/\\\/comision20dediciembrede1989.org.pa\\\/index.php\\\/author\\\/admina\\\/\"}]}<\/script>\n<!-- \/ Yoast SEO plugin. -->","yoast_head_json":{"title":"Arzobispo dice que herida de la invasi\u00f3n de EEUU est\u00e1 \"a\u00fan abierta\"","description":"Arzobispo dice que herida de la invasi\u00f3n de EEUU a Panam\u00e1 est\u00e1 \"a\u00fan abierta\" | El prelado record\u00f3 que m\u00e1s de tres d\u00e9cadas despu\u00e9s de...","robots":{"index":"index","follow":"follow","max-snippet":"max-snippet:-1","max-image-preview":"max-image-preview:large","max-video-preview":"max-video-preview:-1"},"canonical":"https:\/\/comision20dediciembrede1989.org.pa\/index.php\/2021\/12\/20\/arzobispo-dice-que-herida-de-la-invasion-de-eeuu-a-panama-esta-aun-abierta\/","og_locale":"es_ES","og_type":"article","og_title":"Arzobispo dice que herida de la invasi\u00f3n de EEUU est\u00e1 \"a\u00fan abierta\"","og_description":"Arzobispo dice que herida de la invasi\u00f3n de EEUU a Panam\u00e1 est\u00e1 \"a\u00fan abierta\" | El prelado record\u00f3 que m\u00e1s de tres d\u00e9cadas despu\u00e9s de...","og_url":"https:\/\/comision20dediciembrede1989.org.pa\/index.php\/2021\/12\/20\/arzobispo-dice-que-herida-de-la-invasion-de-eeuu-a-panama-esta-aun-abierta\/","og_site_name":"Comision 20 de diciembre","article_published_time":"2021-12-20T21:20:27+00:00","article_modified_time":"2022-06-28T19:29:24+00:00","og_image":[{"width":990,"height":491,"url":"https:\/\/comision20dediciembrede1989.org.pa\/wp-content\/uploads\/2021\/12\/laestrella.jpeg","type":"image\/jpeg"}],"author":"a dg","twitter_card":"summary_large_image","twitter_misc":{"Escrito por":"a dg","Tiempo de lectura":"3 minutos"},"schema":{"@context":"https:\/\/schema.org","@graph":[{"@type":"Article","@id":"https:\/\/comision20dediciembrede1989.org.pa\/index.php\/2021\/12\/20\/arzobispo-dice-que-herida-de-la-invasion-de-eeuu-a-panama-esta-aun-abierta\/#article","isPartOf":{"@id":"https:\/\/comision20dediciembrede1989.org.pa\/index.php\/2021\/12\/20\/arzobispo-dice-que-herida-de-la-invasion-de-eeuu-a-panama-esta-aun-abierta\/"},"author":{"name":"a dg","@id":"https:\/\/comision20dediciembrede1989.org.pa\/#\/schema\/person\/2627c63c9634ca580036064042ce2c25"},"headline":"Arzobispo dice que herida de la invasi\u00f3n de EEUU a Panam\u00e1 est\u00e1 \u00aba\u00fan abierta\u00bb","datePublished":"2021-12-20T21:20:27+00:00","dateModified":"2022-06-28T19:29:24+00:00","mainEntityOfPage":{"@id":"https:\/\/comision20dediciembrede1989.org.pa\/index.php\/2021\/12\/20\/arzobispo-dice-que-herida-de-la-invasion-de-eeuu-a-panama-esta-aun-abierta\/"},"wordCount":520,"image":{"@id":"https:\/\/comision20dediciembrede1989.org.pa\/index.php\/2021\/12\/20\/arzobispo-dice-que-herida-de-la-invasion-de-eeuu-a-panama-esta-aun-abierta\/#primaryimage"},"thumbnailUrl":"https:\/\/comision20dediciembrede1989.org.pa\/wp-content\/uploads\/2021\/12\/laestrella.jpeg","articleSection":["12-2021","2021"],"inLanguage":"es"},{"@type":"WebPage","@id":"https:\/\/comision20dediciembrede1989.org.pa\/index.php\/2021\/12\/20\/arzobispo-dice-que-herida-de-la-invasion-de-eeuu-a-panama-esta-aun-abierta\/","url":"https:\/\/comision20dediciembrede1989.org.pa\/index.php\/2021\/12\/20\/arzobispo-dice-que-herida-de-la-invasion-de-eeuu-a-panama-esta-aun-abierta\/","name":"Arzobispo dice que herida de la invasi\u00f3n de EEUU est\u00e1 \"a\u00fan abierta\"","isPartOf":{"@id":"https:\/\/comision20dediciembrede1989.org.pa\/#website"},"primaryImageOfPage":{"@id":"https:\/\/comision20dediciembrede1989.org.pa\/index.php\/2021\/12\/20\/arzobispo-dice-que-herida-de-la-invasion-de-eeuu-a-panama-esta-aun-abierta\/#primaryimage"},"image":{"@id":"https:\/\/comision20dediciembrede1989.org.pa\/index.php\/2021\/12\/20\/arzobispo-dice-que-herida-de-la-invasion-de-eeuu-a-panama-esta-aun-abierta\/#primaryimage"},"thumbnailUrl":"https:\/\/comision20dediciembrede1989.org.pa\/wp-content\/uploads\/2021\/12\/laestrella.jpeg","datePublished":"2021-12-20T21:20:27+00:00","dateModified":"2022-06-28T19:29:24+00:00","author":{"@id":"https:\/\/comision20dediciembrede1989.org.pa\/#\/schema\/person\/2627c63c9634ca580036064042ce2c25"},"description":"Arzobispo dice que herida de la invasi\u00f3n de EEUU a Panam\u00e1 est\u00e1 \"a\u00fan abierta\" | El prelado record\u00f3 que m\u00e1s de tres d\u00e9cadas despu\u00e9s de...","breadcrumb":{"@id":"https:\/\/comision20dediciembrede1989.org.pa\/index.php\/2021\/12\/20\/arzobispo-dice-que-herida-de-la-invasion-de-eeuu-a-panama-esta-aun-abierta\/#breadcrumb"},"inLanguage":"es","potentialAction":[{"@type":"ReadAction","target":["https:\/\/comision20dediciembrede1989.org.pa\/index.php\/2021\/12\/20\/arzobispo-dice-que-herida-de-la-invasion-de-eeuu-a-panama-esta-aun-abierta\/"]}]},{"@type":"ImageObject","inLanguage":"es","@id":"https:\/\/comision20dediciembrede1989.org.pa\/index.php\/2021\/12\/20\/arzobispo-dice-que-herida-de-la-invasion-de-eeuu-a-panama-esta-aun-abierta\/#primaryimage","url":"https:\/\/comision20dediciembrede1989.org.pa\/wp-content\/uploads\/2021\/12\/laestrella.jpeg","contentUrl":"https:\/\/comision20dediciembrede1989.org.pa\/wp-content\/uploads\/2021\/12\/laestrella.jpeg","width":990,"height":491,"caption":"herida"},{"@type":"BreadcrumbList","@id":"https:\/\/comision20dediciembrede1989.org.pa\/index.php\/2021\/12\/20\/arzobispo-dice-que-herida-de-la-invasion-de-eeuu-a-panama-esta-aun-abierta\/#breadcrumb","itemListElement":[{"@type":"ListItem","position":1,"name":"Portada","item":"https:\/\/comision20dediciembrede1989.org.pa\/"},{"@type":"ListItem","position":2,"name":"Arzobispo dice que herida de la invasi\u00f3n de EEUU a Panam\u00e1 est\u00e1 \u00aba\u00fan abierta\u00bb"}]},{"@type":"WebSite","@id":"https:\/\/comision20dediciembrede1989.org.pa\/#website","url":"https:\/\/comision20dediciembrede1989.org.pa\/","name":"Comision 20 de diciembre","description":"Por la Verdad, la Memoria y la Justicia","potentialAction":[{"@type":"SearchAction","target":{"@type":"EntryPoint","urlTemplate":"https:\/\/comision20dediciembrede1989.org.pa\/?s={search_term_string}"},"query-input":{"@type":"PropertyValueSpecification","valueRequired":true,"valueName":"search_term_string"}}],"inLanguage":"es"},{"@type":"Person","@id":"https:\/\/comision20dediciembrede1989.org.pa\/#\/schema\/person\/2627c63c9634ca580036064042ce2c25","name":"a dg","url":"https:\/\/comision20dediciembrede1989.org.pa\/index.php\/author\/admina\/"}]}},"_links":{"self":[{"href":"https:\/\/comision20dediciembrede1989.org.pa\/index.php\/wp-json\/wp\/v2\/posts\/1845","targetHints":{"allow":["GET"]}}],"collection":[{"href":"https:\/\/comision20dediciembrede1989.org.pa\/index.php\/wp-json\/wp\/v2\/posts"}],"about":[{"href":"https:\/\/comision20dediciembrede1989.org.pa\/index.php\/wp-json\/wp\/v2\/types\/post"}],"author":[{"embeddable":true,"href":"https:\/\/comision20dediciembrede1989.org.pa\/index.php\/wp-json\/wp\/v2\/users\/6"}],"replies":[{"embeddable":true,"href":"https:\/\/comision20dediciembrede1989.org.pa\/index.php\/wp-json\/wp\/v2\/comments?post=1845"}],"version-history":[{"count":3,"href":"https:\/\/comision20dediciembrede1989.org.pa\/index.php\/wp-json\/wp\/v2\/posts\/1845\/revisions"}],"predecessor-version":[{"id":1931,"href":"https:\/\/comision20dediciembrede1989.org.pa\/index.php\/wp-json\/wp\/v2\/posts\/1845\/revisions\/1931"}],"wp:featuredmedia":[{"embeddable":true,"href":"https:\/\/comision20dediciembrede1989.org.pa\/index.php\/wp-json\/wp\/v2\/media\/1847"}],"wp:attachment":[{"href":"https:\/\/comision20dediciembrede1989.org.pa\/index.php\/wp-json\/wp\/v2\/media?parent=1845"}],"wp:term":[{"taxonomy":"category","embeddable":true,"href":"https:\/\/comision20dediciembrede1989.org.pa\/index.php\/wp-json\/wp\/v2\/categories?post=1845"},{"taxonomy":"post_tag","embeddable":true,"href":"https:\/\/comision20dediciembrede1989.org.pa\/index.php\/wp-json\/wp\/v2\/tags?post=1845"}],"curies":[{"name":"wp","href":"https:\/\/api.w.org\/{rel}","templated":true}]}}