{"id":1775,"date":"2021-07-29T12:49:56","date_gmt":"2021-07-29T12:49:56","guid":{"rendered":"https:\/\/comision20dediciembrede1989.org.pa\/?p=1775"},"modified":"2022-06-28T19:31:31","modified_gmt":"2022-06-28T19:31:31","slug":"notifican-a-la-comision-20-de-diciembre-que-ya-no-tendran-que-mudarse-del-parque-omar","status":"publish","type":"post","link":"https:\/\/comision20dediciembrede1989.org.pa\/index.php\/2021\/07\/29\/notifican-a-la-comision-20-de-diciembre-que-ya-no-tendran-que-mudarse-del-parque-omar\/","title":{"rendered":"Notifican a la Comisi\u00f3n 20 de Diciembre que ya no tendr\u00e1n que mudarse del Parque Omar"},"content":{"rendered":"<p>El presidente de la Comisi\u00f3n 20 de Diciembre, Juan Planells, inform\u00f3 a TVN Noticias que el Ministerio de Relaciones Exteriores le inform\u00f3 que ya no tendr\u00e1 que mudar las oficinas del Parque Omar.<\/p>\n<p>A la Comisi\u00f3n 20 de Diciembre se le notific\u00f3 en d\u00eda pasados por parte de la Direcci\u00f3n del Parque Omar, que tienen otros planes de desarrollo y que tendr\u00edan hasta septiembre para mudarse.<\/p>\n<p>En las oficinas de la Comisi\u00f3n 20 de Diciembre se guardan archivos con testimonios de familiares de v\u00edctimas de la Invasi\u00f3n, se hacen entrevistas y se guardan los expendientes con los casos de las familias que buscan justicia.<\/p>\n<p>Planells explic\u00f3 en su momento, que mudarse no solo representar\u00eda un nuevo gasto para el Gobierno Nacional, sino que tambi\u00e9n podr\u00eda ser un obst\u00e1culo para familiares que busquen el sitio ya que la actual ubicaci\u00f3n en el parque es c\u00e9ntrica y brinda varios beneficios. Adem\u00e1s, considera que el lugar es un punto simb\u00f3lico que representa un compromiso patri\u00f3tico.<\/p>\n","protected":false},"excerpt":{"rendered":"<p>El presidente de la Comisi\u00f3n 20 de Diciembre, Juan Planells, inform\u00f3 a TVN Noticias que el Ministerio de Relaciones Exteriores le inform\u00f3 que ya no tendr\u00e1 que mudar las oficinas del Parque Omar. A la Comisi\u00f3n 20 de Diciembre se le notific\u00f3 en d\u00eda pasados por parte de la Direcci\u00f3n del Parque Omar, que tienen otros planes de desarrollo y que tendr\u00edan hasta septiembre para mudarse. En las oficinas de la Comisi\u00f3n 20 de Diciembre se guardan archivos con testimonios de familiares de v\u00edctimas de la Invasi\u00f3n, se hacen entrevistas y se guardan los expendientes con los casos de las familias que buscan justicia. Planells explic\u00f3 en su momento, que mudarse no solo representar\u00eda un nuevo gasto para el Gobierno Nacional, sino que tambi\u00e9n podr\u00eda ser un obst\u00e1culo para familiares que busquen el sitio ya que la actual ubicaci\u00f3n en el parque es c\u00e9ntrica y brinda varios beneficios. Adem\u00e1s, considera que el lugar es un punto simb\u00f3lico que representa un compromiso patri\u00f3tico.<\/p>\n","protected":false},"author":7,"featured_media":1776,"comment_status":"closed","ping_status":"closed","sticky":false,"template":"","format":"standard","meta":{"footnotes":""},"categories":[67,6],"tags":[],"class_list":["post-1775","post","type-post","status-publish","format-standard","has-post-thumbnail","hentry","category-07-2021","category-6"],"yoast_head":"<!-- This site is optimized with the Yoast SEO plugin v27.5 - https:\/\/yoast.com\/product\/yoast-seo-wordpress\/ -->\n<title>Notifican a la Comisi\u00f3n 20 de Diciembre que ya no tendr\u00e1n que mudarse del Parque Omar - Comision 20 de diciembre<\/title>\n<meta name=\"robots\" content=\"index, follow, max-snippet:-1, max-image-preview:large, max-video-preview:-1\" \/>\n<link rel=\"canonical\" href=\"https:\/\/comision20dediciembrede1989.org.pa\/index.php\/2021\/07\/29\/notifican-a-la-comision-20-de-diciembre-que-ya-no-tendran-que-mudarse-del-parque-omar\/\" \/>\n<meta property=\"og:locale\" content=\"es_ES\" \/>\n<meta property=\"og:type\" content=\"article\" \/>\n<meta property=\"og:title\" content=\"Notifican a la Comisi\u00f3n 20 de Diciembre que ya no tendr\u00e1n que mudarse del Parque Omar - Comision 20 de diciembre\" \/>\n<meta property=\"og:description\" content=\"El presidente de la Comisi\u00f3n 20 de Diciembre, Juan Planells, inform\u00f3 a TVN Noticias que el Ministerio de Relaciones Exteriores le inform\u00f3 que ya no tendr\u00e1 que mudar las oficinas del Parque Omar. A la Comisi\u00f3n 20 de Diciembre se le notific\u00f3 en d\u00eda pasados por parte de la Direcci\u00f3n del Parque Omar, que tienen otros planes de desarrollo y que tendr\u00edan hasta septiembre para mudarse. En las oficinas de la Comisi\u00f3n 20 de Diciembre se guardan archivos con testimonios de familiares de v\u00edctimas de la Invasi\u00f3n, se hacen entrevistas y se guardan los expendientes con los casos de las familias que buscan justicia. Planells explic\u00f3 en su momento, que mudarse no solo representar\u00eda un nuevo gasto para el Gobierno Nacional, sino que tambi\u00e9n podr\u00eda ser un obst\u00e1culo para familiares que busquen el sitio ya que la actual ubicaci\u00f3n en el parque es c\u00e9ntrica y brinda varios beneficios. Adem\u00e1s, considera que el lugar es un punto simb\u00f3lico que representa un compromiso patri\u00f3tico.\" \/>\n<meta property=\"og:url\" content=\"https:\/\/comision20dediciembrede1989.org.pa\/index.php\/2021\/07\/29\/notifican-a-la-comision-20-de-diciembre-que-ya-no-tendran-que-mudarse-del-parque-omar\/\" \/>\n<meta property=\"og:site_name\" content=\"Comision 20 de diciembre\" \/>\n<meta property=\"article:published_time\" content=\"2021-07-29T12:49:56+00:00\" \/>\n<meta property=\"article:modified_time\" content=\"2022-06-28T19:31:31+00:00\" \/>\n<meta property=\"og:image\" content=\"https:\/\/comision20dediciembrede1989.org.pa\/wp-content\/uploads\/2021\/12\/pomar.jpg\" \/>\n\t<meta property=\"og:image:width\" content=\"832\" \/>\n\t<meta property=\"og:image:height\" content=\"466\" \/>\n\t<meta property=\"og:image:type\" content=\"image\/jpeg\" \/>\n<meta name=\"author\" content=\"MFadmin\" \/>\n<meta name=\"twitter:card\" content=\"summary_large_image\" \/>\n<meta name=\"twitter:label1\" content=\"Escrito por\" \/>\n\t<meta name=\"twitter:data1\" content=\"MFadmin\" \/>\n\t<meta name=\"twitter:label2\" content=\"Tiempo de lectura\" \/>\n\t<meta name=\"twitter:data2\" content=\"1 minuto\" \/>\n<script type=\"application\/ld+json\" class=\"yoast-schema-graph\">{\"@context\":\"https:\\\/\\\/schema.org\",\"@graph\":[{\"@type\":\"Article\",\"@id\":\"https:\\\/\\\/comision20dediciembrede1989.org.pa\\\/index.php\\\/2021\\\/07\\\/29\\\/notifican-a-la-comision-20-de-diciembre-que-ya-no-tendran-que-mudarse-del-parque-omar\\\/#article\",\"isPartOf\":{\"@id\":\"https:\\\/\\\/comision20dediciembrede1989.org.pa\\\/index.php\\\/2021\\\/07\\\/29\\\/notifican-a-la-comision-20-de-diciembre-que-ya-no-tendran-que-mudarse-del-parque-omar\\\/\"},\"author\":{\"name\":\"MFadmin\",\"@id\":\"https:\\\/\\\/comision20dediciembrede1989.org.pa\\\/#\\\/schema\\\/person\\\/0fea7be82c37e17f1362e93ba4ef2c6c\"},\"headline\":\"Notifican a la Comisi\u00f3n 20 de Diciembre que ya no tendr\u00e1n que mudarse del Parque Omar\",\"datePublished\":\"2021-07-29T12:49:56+00:00\",\"dateModified\":\"2022-06-28T19:31:31+00:00\",\"mainEntityOfPage\":{\"@id\":\"https:\\\/\\\/comision20dediciembrede1989.org.pa\\\/index.php\\\/2021\\\/07\\\/29\\\/notifican-a-la-comision-20-de-diciembre-que-ya-no-tendran-que-mudarse-del-parque-omar\\\/\"},\"wordCount\":193,\"image\":{\"@id\":\"https:\\\/\\\/comision20dediciembrede1989.org.pa\\\/index.php\\\/2021\\\/07\\\/29\\\/notifican-a-la-comision-20-de-diciembre-que-ya-no-tendran-que-mudarse-del-parque-omar\\\/#primaryimage\"},\"thumbnailUrl\":\"https:\\\/\\\/comision20dediciembrede1989.org.pa\\\/wp-content\\\/uploads\\\/2021\\\/12\\\/pomar.jpg\",\"articleSection\":[\"07-2021\",\"2021\"],\"inLanguage\":\"es\"},{\"@type\":\"WebPage\",\"@id\":\"https:\\\/\\\/comision20dediciembrede1989.org.pa\\\/index.php\\\/2021\\\/07\\\/29\\\/notifican-a-la-comision-20-de-diciembre-que-ya-no-tendran-que-mudarse-del-parque-omar\\\/\",\"url\":\"https:\\\/\\\/comision20dediciembrede1989.org.pa\\\/index.php\\\/2021\\\/07\\\/29\\\/notifican-a-la-comision-20-de-diciembre-que-ya-no-tendran-que-mudarse-del-parque-omar\\\/\",\"name\":\"Notifican a la Comisi\u00f3n 20 de Diciembre que ya no tendr\u00e1n que mudarse del Parque Omar - Comision 20 de diciembre\",\"isPartOf\":{\"@id\":\"https:\\\/\\\/comision20dediciembrede1989.org.pa\\\/#website\"},\"primaryImageOfPage\":{\"@id\":\"https:\\\/\\\/comision20dediciembrede1989.org.pa\\\/index.php\\\/2021\\\/07\\\/29\\\/notifican-a-la-comision-20-de-diciembre-que-ya-no-tendran-que-mudarse-del-parque-omar\\\/#primaryimage\"},\"image\":{\"@id\":\"https:\\\/\\\/comision20dediciembrede1989.org.pa\\\/index.php\\\/2021\\\/07\\\/29\\\/notifican-a-la-comision-20-de-diciembre-que-ya-no-tendran-que-mudarse-del-parque-omar\\\/#primaryimage\"},\"thumbnailUrl\":\"https:\\\/\\\/comision20dediciembrede1989.org.pa\\\/wp-content\\\/uploads\\\/2021\\\/12\\\/pomar.jpg\",\"datePublished\":\"2021-07-29T12:49:56+00:00\",\"dateModified\":\"2022-06-28T19:31:31+00:00\",\"author\":{\"@id\":\"https:\\\/\\\/comision20dediciembrede1989.org.pa\\\/#\\\/schema\\\/person\\\/0fea7be82c37e17f1362e93ba4ef2c6c\"},\"breadcrumb\":{\"@id\":\"https:\\\/\\\/comision20dediciembrede1989.org.pa\\\/index.php\\\/2021\\\/07\\\/29\\\/notifican-a-la-comision-20-de-diciembre-que-ya-no-tendran-que-mudarse-del-parque-omar\\\/#breadcrumb\"},\"inLanguage\":\"es\",\"potentialAction\":[{\"@type\":\"ReadAction\",\"target\":[\"https:\\\/\\\/comision20dediciembrede1989.org.pa\\\/index.php\\\/2021\\\/07\\\/29\\\/notifican-a-la-comision-20-de-diciembre-que-ya-no-tendran-que-mudarse-del-parque-omar\\\/\"]}]},{\"@type\":\"ImageObject\",\"inLanguage\":\"es\",\"@id\":\"https:\\\/\\\/comision20dediciembrede1989.org.pa\\\/index.php\\\/2021\\\/07\\\/29\\\/notifican-a-la-comision-20-de-diciembre-que-ya-no-tendran-que-mudarse-del-parque-omar\\\/#primaryimage\",\"url\":\"https:\\\/\\\/comision20dediciembrede1989.org.pa\\\/wp-content\\\/uploads\\\/2021\\\/12\\\/pomar.jpg\",\"contentUrl\":\"https:\\\/\\\/comision20dediciembrede1989.org.pa\\\/wp-content\\\/uploads\\\/2021\\\/12\\\/pomar.jpg\",\"width\":832,\"height\":466},{\"@type\":\"BreadcrumbList\",\"@id\":\"https:\\\/\\\/comision20dediciembrede1989.org.pa\\\/index.php\\\/2021\\\/07\\\/29\\\/notifican-a-la-comision-20-de-diciembre-que-ya-no-tendran-que-mudarse-del-parque-omar\\\/#breadcrumb\",\"itemListElement\":[{\"@type\":\"ListItem\",\"position\":1,\"name\":\"Portada\",\"item\":\"https:\\\/\\\/comision20dediciembrede1989.org.pa\\\/\"},{\"@type\":\"ListItem\",\"position\":2,\"name\":\"Notifican a la Comisi\u00f3n 20 de Diciembre que ya no tendr\u00e1n que mudarse del Parque Omar\"}]},{\"@type\":\"WebSite\",\"@id\":\"https:\\\/\\\/comision20dediciembrede1989.org.pa\\\/#website\",\"url\":\"https:\\\/\\\/comision20dediciembrede1989.org.pa\\\/\",\"name\":\"Comision 20 de diciembre\",\"description\":\"Por la Verdad, la Memoria y la Justicia\",\"potentialAction\":[{\"@type\":\"SearchAction\",\"target\":{\"@type\":\"EntryPoint\",\"urlTemplate\":\"https:\\\/\\\/comision20dediciembrede1989.org.pa\\\/?s={search_term_string}\"},\"query-input\":{\"@type\":\"PropertyValueSpecification\",\"valueRequired\":true,\"valueName\":\"search_term_string\"}}],\"inLanguage\":\"es\"},{\"@type\":\"Person\",\"@id\":\"https:\\\/\\\/comision20dediciembrede1989.org.pa\\\/#\\\/schema\\\/person\\\/0fea7be82c37e17f1362e93ba4ef2c6c\",\"name\":\"MFadmin\",\"url\":\"https:\\\/\\\/comision20dediciembrede1989.org.pa\\\/index.php\\\/author\\\/mfadmin\\\/\"}]}<\/script>\n<!-- \/ Yoast SEO plugin. -->","yoast_head_json":{"title":"Notifican a la Comisi\u00f3n 20 de Diciembre que ya no tendr\u00e1n que mudarse del Parque Omar - Comision 20 de diciembre","robots":{"index":"index","follow":"follow","max-snippet":"max-snippet:-1","max-image-preview":"max-image-preview:large","max-video-preview":"max-video-preview:-1"},"canonical":"https:\/\/comision20dediciembrede1989.org.pa\/index.php\/2021\/07\/29\/notifican-a-la-comision-20-de-diciembre-que-ya-no-tendran-que-mudarse-del-parque-omar\/","og_locale":"es_ES","og_type":"article","og_title":"Notifican a la Comisi\u00f3n 20 de Diciembre que ya no tendr\u00e1n que mudarse del Parque Omar - Comision 20 de diciembre","og_description":"El presidente de la Comisi\u00f3n 20 de Diciembre, Juan Planells, inform\u00f3 a TVN Noticias que el Ministerio de Relaciones Exteriores le inform\u00f3 que ya no tendr\u00e1 que mudar las oficinas del Parque Omar. A la Comisi\u00f3n 20 de Diciembre se le notific\u00f3 en d\u00eda pasados por parte de la Direcci\u00f3n del Parque Omar, que tienen otros planes de desarrollo y que tendr\u00edan hasta septiembre para mudarse. En las oficinas de la Comisi\u00f3n 20 de Diciembre se guardan archivos con testimonios de familiares de v\u00edctimas de la Invasi\u00f3n, se hacen entrevistas y se guardan los expendientes con los casos de las familias que buscan justicia. Planells explic\u00f3 en su momento, que mudarse no solo representar\u00eda un nuevo gasto para el Gobierno Nacional, sino que tambi\u00e9n podr\u00eda ser un obst\u00e1culo para familiares que busquen el sitio ya que la actual ubicaci\u00f3n en el parque es c\u00e9ntrica y brinda varios beneficios. Adem\u00e1s, considera que el lugar es un punto simb\u00f3lico que representa un compromiso patri\u00f3tico.","og_url":"https:\/\/comision20dediciembrede1989.org.pa\/index.php\/2021\/07\/29\/notifican-a-la-comision-20-de-diciembre-que-ya-no-tendran-que-mudarse-del-parque-omar\/","og_site_name":"Comision 20 de diciembre","article_published_time":"2021-07-29T12:49:56+00:00","article_modified_time":"2022-06-28T19:31:31+00:00","og_image":[{"width":832,"height":466,"url":"https:\/\/comision20dediciembrede1989.org.pa\/wp-content\/uploads\/2021\/12\/pomar.jpg","type":"image\/jpeg"}],"author":"MFadmin","twitter_card":"summary_large_image","twitter_misc":{"Escrito por":"MFadmin","Tiempo de lectura":"1 minuto"},"schema":{"@context":"https:\/\/schema.org","@graph":[{"@type":"Article","@id":"https:\/\/comision20dediciembrede1989.org.pa\/index.php\/2021\/07\/29\/notifican-a-la-comision-20-de-diciembre-que-ya-no-tendran-que-mudarse-del-parque-omar\/#article","isPartOf":{"@id":"https:\/\/comision20dediciembrede1989.org.pa\/index.php\/2021\/07\/29\/notifican-a-la-comision-20-de-diciembre-que-ya-no-tendran-que-mudarse-del-parque-omar\/"},"author":{"name":"MFadmin","@id":"https:\/\/comision20dediciembrede1989.org.pa\/#\/schema\/person\/0fea7be82c37e17f1362e93ba4ef2c6c"},"headline":"Notifican a la Comisi\u00f3n 20 de Diciembre que ya no tendr\u00e1n que mudarse del Parque Omar","datePublished":"2021-07-29T12:49:56+00:00","dateModified":"2022-06-28T19:31:31+00:00","mainEntityOfPage":{"@id":"https:\/\/comision20dediciembrede1989.org.pa\/index.php\/2021\/07\/29\/notifican-a-la-comision-20-de-diciembre-que-ya-no-tendran-que-mudarse-del-parque-omar\/"},"wordCount":193,"image":{"@id":"https:\/\/comision20dediciembrede1989.org.pa\/index.php\/2021\/07\/29\/notifican-a-la-comision-20-de-diciembre-que-ya-no-tendran-que-mudarse-del-parque-omar\/#primaryimage"},"thumbnailUrl":"https:\/\/comision20dediciembrede1989.org.pa\/wp-content\/uploads\/2021\/12\/pomar.jpg","articleSection":["07-2021","2021"],"inLanguage":"es"},{"@type":"WebPage","@id":"https:\/\/comision20dediciembrede1989.org.pa\/index.php\/2021\/07\/29\/notifican-a-la-comision-20-de-diciembre-que-ya-no-tendran-que-mudarse-del-parque-omar\/","url":"https:\/\/comision20dediciembrede1989.org.pa\/index.php\/2021\/07\/29\/notifican-a-la-comision-20-de-diciembre-que-ya-no-tendran-que-mudarse-del-parque-omar\/","name":"Notifican a la Comisi\u00f3n 20 de Diciembre que ya no tendr\u00e1n que mudarse del Parque Omar - Comision 20 de diciembre","isPartOf":{"@id":"https:\/\/comision20dediciembrede1989.org.pa\/#website"},"primaryImageOfPage":{"@id":"https:\/\/comision20dediciembrede1989.org.pa\/index.php\/2021\/07\/29\/notifican-a-la-comision-20-de-diciembre-que-ya-no-tendran-que-mudarse-del-parque-omar\/#primaryimage"},"image":{"@id":"https:\/\/comision20dediciembrede1989.org.pa\/index.php\/2021\/07\/29\/notifican-a-la-comision-20-de-diciembre-que-ya-no-tendran-que-mudarse-del-parque-omar\/#primaryimage"},"thumbnailUrl":"https:\/\/comision20dediciembrede1989.org.pa\/wp-content\/uploads\/2021\/12\/pomar.jpg","datePublished":"2021-07-29T12:49:56+00:00","dateModified":"2022-06-28T19:31:31+00:00","author":{"@id":"https:\/\/comision20dediciembrede1989.org.pa\/#\/schema\/person\/0fea7be82c37e17f1362e93ba4ef2c6c"},"breadcrumb":{"@id":"https:\/\/comision20dediciembrede1989.org.pa\/index.php\/2021\/07\/29\/notifican-a-la-comision-20-de-diciembre-que-ya-no-tendran-que-mudarse-del-parque-omar\/#breadcrumb"},"inLanguage":"es","potentialAction":[{"@type":"ReadAction","target":["https:\/\/comision20dediciembrede1989.org.pa\/index.php\/2021\/07\/29\/notifican-a-la-comision-20-de-diciembre-que-ya-no-tendran-que-mudarse-del-parque-omar\/"]}]},{"@type":"ImageObject","inLanguage":"es","@id":"https:\/\/comision20dediciembrede1989.org.pa\/index.php\/2021\/07\/29\/notifican-a-la-comision-20-de-diciembre-que-ya-no-tendran-que-mudarse-del-parque-omar\/#primaryimage","url":"https:\/\/comision20dediciembrede1989.org.pa\/wp-content\/uploads\/2021\/12\/pomar.jpg","contentUrl":"https:\/\/comision20dediciembrede1989.org.pa\/wp-content\/uploads\/2021\/12\/pomar.jpg","width":832,"height":466},{"@type":"BreadcrumbList","@id":"https:\/\/comision20dediciembrede1989.org.pa\/index.php\/2021\/07\/29\/notifican-a-la-comision-20-de-diciembre-que-ya-no-tendran-que-mudarse-del-parque-omar\/#breadcrumb","itemListElement":[{"@type":"ListItem","position":1,"name":"Portada","item":"https:\/\/comision20dediciembrede1989.org.pa\/"},{"@type":"ListItem","position":2,"name":"Notifican a la Comisi\u00f3n 20 de Diciembre que ya no tendr\u00e1n que mudarse del Parque Omar"}]},{"@type":"WebSite","@id":"https:\/\/comision20dediciembrede1989.org.pa\/#website","url":"https:\/\/comision20dediciembrede1989.org.pa\/","name":"Comision 20 de diciembre","description":"Por la Verdad, la Memoria y la Justicia","potentialAction":[{"@type":"SearchAction","target":{"@type":"EntryPoint","urlTemplate":"https:\/\/comision20dediciembrede1989.org.pa\/?s={search_term_string}"},"query-input":{"@type":"PropertyValueSpecification","valueRequired":true,"valueName":"search_term_string"}}],"inLanguage":"es"},{"@type":"Person","@id":"https:\/\/comision20dediciembrede1989.org.pa\/#\/schema\/person\/0fea7be82c37e17f1362e93ba4ef2c6c","name":"MFadmin","url":"https:\/\/comision20dediciembrede1989.org.pa\/index.php\/author\/mfadmin\/"}]}},"_links":{"self":[{"href":"https:\/\/comision20dediciembrede1989.org.pa\/index.php\/wp-json\/wp\/v2\/posts\/1775","targetHints":{"allow":["GET"]}}],"collection":[{"href":"https:\/\/comision20dediciembrede1989.org.pa\/index.php\/wp-json\/wp\/v2\/posts"}],"about":[{"href":"https:\/\/comision20dediciembrede1989.org.pa\/index.php\/wp-json\/wp\/v2\/types\/post"}],"author":[{"embeddable":true,"href":"https:\/\/comision20dediciembrede1989.org.pa\/index.php\/wp-json\/wp\/v2\/users\/7"}],"replies":[{"embeddable":true,"href":"https:\/\/comision20dediciembrede1989.org.pa\/index.php\/wp-json\/wp\/v2\/comments?post=1775"}],"version-history":[{"count":1,"href":"https:\/\/comision20dediciembrede1989.org.pa\/index.php\/wp-json\/wp\/v2\/posts\/1775\/revisions"}],"predecessor-version":[{"id":1777,"href":"https:\/\/comision20dediciembrede1989.org.pa\/index.php\/wp-json\/wp\/v2\/posts\/1775\/revisions\/1777"}],"wp:featuredmedia":[{"embeddable":true,"href":"https:\/\/comision20dediciembrede1989.org.pa\/index.php\/wp-json\/wp\/v2\/media\/1776"}],"wp:attachment":[{"href":"https:\/\/comision20dediciembrede1989.org.pa\/index.php\/wp-json\/wp\/v2\/media?parent=1775"}],"wp:term":[{"taxonomy":"category","embeddable":true,"href":"https:\/\/comision20dediciembrede1989.org.pa\/index.php\/wp-json\/wp\/v2\/categories?post=1775"},{"taxonomy":"post_tag","embeddable":true,"href":"https:\/\/comision20dediciembrede1989.org.pa\/index.php\/wp-json\/wp\/v2\/tags?post=1775"}],"curies":[{"name":"wp","href":"https:\/\/api.w.org\/{rel}","templated":true}]}}