{"id":1747,"date":"2021-06-20T17:00:01","date_gmt":"2021-06-20T17:00:01","guid":{"rendered":"https:\/\/comision20dediciembrede1989.org.pa\/?p=1747"},"modified":"2022-06-28T19:31:31","modified_gmt":"2022-06-28T19:31:31","slug":"comision-20-de-diciembre-se-mantiene-sin-fondos","status":"publish","type":"post","link":"https:\/\/comision20dediciembrede1989.org.pa\/index.php\/2021\/06\/20\/comision-20-de-diciembre-se-mantiene-sin-fondos\/","title":{"rendered":"Comisi\u00f3n 20 de Diciembre se mantiene sin fondos"},"content":{"rendered":"<h4>Por medio de un comunicado la Comisi\u00f3n 20 de Diciembre de 1989 dio a conocer que se mantiene sin fondos desde enero de este a\u00f1o.<\/h4>\n<p><strong>Retraso<\/strong>. Por medio de un comunicado la Comisi\u00f3n 20 de Diciembre de 1989 dio a conocer que se mantiene sin fondos desde enero de este a\u00f1o.<\/p>\n<p>Por el retraso en los trabajos de exhumaci\u00f3n y an\u00e1lisis de los restos realizados por antrop\u00f3logos y arque\u00f3logos con el objetivo de identificar a desaparecidos se han suspendido, dijo Juan Planells, presidente de la comisi\u00f3n.<\/p>\n<p>\u00abEstamos hablando de los primeros $185 mil que prometieron traspasar a la comisi\u00f3n y cuyo tr\u00e1mite se hizo en su totalidad, excepto que la Contralor\u00eda de la Rep\u00fablica no ha dado su autorizaci\u00f3n porque quer\u00eda tener otras decisiones como la extensi\u00f3n del tiempo que est\u00e1 pr\u00f3ximo a vencerse el 20 de julio, de acuerdo con la Ley&#8217;, sostuvo Planells.<\/p>\n<p>Agreg\u00f3 que Contralor\u00eda quer\u00eda tener esa seguridad por lo tanto nunca autoriz\u00f3 el uso de esos fondos a pesar de que ya est\u00e1n reservados en la Ciudad del Saber, que es la administradora de estos bienes.<\/p>\n<p>Las exhumaciones se han llevado a cabo en los cementerios Jard\u00edn de Paz, en la ciudad capital, y en Monte Esperanza, en la provincia de Col\u00f3n, con el prop\u00f3sito de determinar la identidad de las v\u00edctimas de la invasi\u00f3n de Estados Unidos a Panam\u00e1 en diciembre de 1989.<\/p>\n<p>Otro de los objetivos de la comisi\u00f3n es determinar la cantidad de fallecidos, que despu\u00e9s de m\u00e1s de tres d\u00e9cadas no se tiene una cifra oficial.<\/p>\n<p>El presidente de la comisi\u00f3n dijo que como sociedad no se puede seguir manteniendo en el abandono la atenci\u00f3n a este deber patri\u00f3tico, que lleva m\u00e1s de 30 a\u00f1os en retraso.<\/p>\n<p>Esta delegaci\u00f3n fue creada en julio de 2016, mediante un decreto ejecutivo. Sin embargo, no fue hasta julio de 2017 que recibi\u00f3 los fondos para iniciar operaciones y en noviembre de ese a\u00f1o abri\u00f3 sus puertas al p\u00fablico.<\/p>\n<p>En marzo de 2019, recibi\u00f3 una pr\u00f3rroga hasta julio de 2020, que fue suspendida por la crisis sanitaria producto de la covid-19.<\/p>\n<p>Fuente: <a href=\"http:\/\/elsiglo.com.pa\/panama\/comision-20-diciembre-mantiene-fondos\/24180124\" target=\"_blank\" rel=\"noopener\">El Siglo<\/a><\/p>\n","protected":false},"excerpt":{"rendered":"<p>Por medio de un comunicado la Comisi\u00f3n 20 de Diciembre de 1989 dio a conocer que se mantiene sin fondos desde enero de este a\u00f1o. Retraso. Por medio de un comunicado la Comisi\u00f3n 20 de Diciembre de 1989 dio a conocer que se mantiene sin fondos desde enero de este a\u00f1o. Por el retraso en los trabajos de exhumaci\u00f3n y an\u00e1lisis de los restos realizados por antrop\u00f3logos y arque\u00f3logos con el objetivo de identificar a desaparecidos se han suspendido, dijo Juan Planells, presidente de la comisi\u00f3n. \u00abEstamos hablando de los primeros $185 mil que prometieron traspasar a la comisi\u00f3n y cuyo tr\u00e1mite se hizo en su totalidad, excepto que la Contralor\u00eda de la Rep\u00fablica no ha dado su autorizaci\u00f3n porque quer\u00eda tener otras decisiones como la extensi\u00f3n del tiempo que est\u00e1 pr\u00f3ximo a vencerse el 20 de julio, de acuerdo con la Ley&#8217;, sostuvo Planells. Agreg\u00f3 que Contralor\u00eda quer\u00eda tener esa seguridad por lo tanto nunca autoriz\u00f3 el uso de esos fondos a pesar de que ya est\u00e1n reservados en la Ciudad del Saber, que es la administradora de estos bienes. Las exhumaciones se han llevado a cabo en los cementerios Jard\u00edn de Paz, en la ciudad capital, y en Monte Esperanza, en la provincia de Col\u00f3n, con el prop\u00f3sito de determinar la identidad de las v\u00edctimas de la invasi\u00f3n de Estados Unidos a Panam\u00e1 en diciembre de 1989. Otro de los objetivos de la comisi\u00f3n es determinar la cantidad de fallecidos, que despu\u00e9s de m\u00e1s de tres d\u00e9cadas no [&hellip;]<\/p>\n","protected":false},"author":7,"featured_media":1748,"comment_status":"closed","ping_status":"closed","sticky":false,"template":"","format":"standard","meta":{"footnotes":""},"categories":[66,6],"tags":[],"class_list":["post-1747","post","type-post","status-publish","format-standard","has-post-thumbnail","hentry","category-06-2021","category-6"],"yoast_head":"<!-- This site is optimized with the Yoast SEO plugin v27.5 - https:\/\/yoast.com\/product\/yoast-seo-wordpress\/ -->\n<title>Comisi\u00f3n 20 de Diciembre se mantiene sin fondos - Comision 20 de diciembre<\/title>\n<meta name=\"robots\" content=\"index, follow, max-snippet:-1, max-image-preview:large, max-video-preview:-1\" \/>\n<link rel=\"canonical\" href=\"https:\/\/comision20dediciembrede1989.org.pa\/index.php\/2021\/06\/20\/comision-20-de-diciembre-se-mantiene-sin-fondos\/\" \/>\n<meta property=\"og:locale\" content=\"es_ES\" \/>\n<meta property=\"og:type\" content=\"article\" \/>\n<meta property=\"og:title\" content=\"Comisi\u00f3n 20 de Diciembre se mantiene sin fondos - Comision 20 de diciembre\" \/>\n<meta property=\"og:description\" content=\"Por medio de un comunicado la Comisi\u00f3n 20 de Diciembre de 1989 dio a conocer que se mantiene sin fondos desde enero de este a\u00f1o. Retraso. Por medio de un comunicado la Comisi\u00f3n 20 de Diciembre de 1989 dio a conocer que se mantiene sin fondos desde enero de este a\u00f1o. Por el retraso en los trabajos de exhumaci\u00f3n y an\u00e1lisis de los restos realizados por antrop\u00f3logos y arque\u00f3logos con el objetivo de identificar a desaparecidos se han suspendido, dijo Juan Planells, presidente de la comisi\u00f3n. \u00abEstamos hablando de los primeros $185 mil que prometieron traspasar a la comisi\u00f3n y cuyo tr\u00e1mite se hizo en su totalidad, excepto que la Contralor\u00eda de la Rep\u00fablica no ha dado su autorizaci\u00f3n porque quer\u00eda tener otras decisiones como la extensi\u00f3n del tiempo que est\u00e1 pr\u00f3ximo a vencerse el 20 de julio, de acuerdo con la Ley&#8217;, sostuvo Planells. Agreg\u00f3 que Contralor\u00eda quer\u00eda tener esa seguridad por lo tanto nunca autoriz\u00f3 el uso de esos fondos a pesar de que ya est\u00e1n reservados en la Ciudad del Saber, que es la administradora de estos bienes. Las exhumaciones se han llevado a cabo en los cementerios Jard\u00edn de Paz, en la ciudad capital, y en Monte Esperanza, en la provincia de Col\u00f3n, con el prop\u00f3sito de determinar la identidad de las v\u00edctimas de la invasi\u00f3n de Estados Unidos a Panam\u00e1 en diciembre de 1989. Otro de los objetivos de la comisi\u00f3n es determinar la cantidad de fallecidos, que despu\u00e9s de m\u00e1s de tres d\u00e9cadas no [&hellip;]\" \/>\n<meta property=\"og:url\" content=\"https:\/\/comision20dediciembrede1989.org.pa\/index.php\/2021\/06\/20\/comision-20-de-diciembre-se-mantiene-sin-fondos\/\" \/>\n<meta property=\"og:site_name\" content=\"Comision 20 de diciembre\" \/>\n<meta property=\"article:published_time\" content=\"2021-06-20T17:00:01+00:00\" \/>\n<meta property=\"article:modified_time\" content=\"2022-06-28T19:31:31+00:00\" \/>\n<meta property=\"og:image\" content=\"https:\/\/comision20dediciembrede1989.org.pa\/wp-content\/uploads\/2021\/12\/siglo.jpg\" \/>\n\t<meta property=\"og:image:width\" content=\"936\" \/>\n\t<meta property=\"og:image:height\" content=\"599\" \/>\n\t<meta property=\"og:image:type\" content=\"image\/jpeg\" \/>\n<meta name=\"author\" content=\"MFadmin\" \/>\n<meta name=\"twitter:card\" content=\"summary_large_image\" \/>\n<meta name=\"twitter:label1\" content=\"Escrito por\" \/>\n\t<meta name=\"twitter:data1\" content=\"MFadmin\" \/>\n\t<meta name=\"twitter:label2\" content=\"Tiempo de lectura\" \/>\n\t<meta name=\"twitter:data2\" content=\"2 minutos\" \/>\n<script type=\"application\/ld+json\" class=\"yoast-schema-graph\">{\"@context\":\"https:\\\/\\\/schema.org\",\"@graph\":[{\"@type\":\"Article\",\"@id\":\"https:\\\/\\\/comision20dediciembrede1989.org.pa\\\/index.php\\\/2021\\\/06\\\/20\\\/comision-20-de-diciembre-se-mantiene-sin-fondos\\\/#article\",\"isPartOf\":{\"@id\":\"https:\\\/\\\/comision20dediciembrede1989.org.pa\\\/index.php\\\/2021\\\/06\\\/20\\\/comision-20-de-diciembre-se-mantiene-sin-fondos\\\/\"},\"author\":{\"name\":\"MFadmin\",\"@id\":\"https:\\\/\\\/comision20dediciembrede1989.org.pa\\\/#\\\/schema\\\/person\\\/0fea7be82c37e17f1362e93ba4ef2c6c\"},\"headline\":\"Comisi\u00f3n 20 de Diciembre se mantiene sin fondos\",\"datePublished\":\"2021-06-20T17:00:01+00:00\",\"dateModified\":\"2022-06-28T19:31:31+00:00\",\"mainEntityOfPage\":{\"@id\":\"https:\\\/\\\/comision20dediciembrede1989.org.pa\\\/index.php\\\/2021\\\/06\\\/20\\\/comision-20-de-diciembre-se-mantiene-sin-fondos\\\/\"},\"wordCount\":383,\"image\":{\"@id\":\"https:\\\/\\\/comision20dediciembrede1989.org.pa\\\/index.php\\\/2021\\\/06\\\/20\\\/comision-20-de-diciembre-se-mantiene-sin-fondos\\\/#primaryimage\"},\"thumbnailUrl\":\"https:\\\/\\\/comision20dediciembrede1989.org.pa\\\/wp-content\\\/uploads\\\/2021\\\/12\\\/siglo.jpg\",\"articleSection\":[\"06-2021\",\"2021\"],\"inLanguage\":\"es\"},{\"@type\":\"WebPage\",\"@id\":\"https:\\\/\\\/comision20dediciembrede1989.org.pa\\\/index.php\\\/2021\\\/06\\\/20\\\/comision-20-de-diciembre-se-mantiene-sin-fondos\\\/\",\"url\":\"https:\\\/\\\/comision20dediciembrede1989.org.pa\\\/index.php\\\/2021\\\/06\\\/20\\\/comision-20-de-diciembre-se-mantiene-sin-fondos\\\/\",\"name\":\"Comisi\u00f3n 20 de Diciembre se mantiene sin fondos - Comision 20 de diciembre\",\"isPartOf\":{\"@id\":\"https:\\\/\\\/comision20dediciembrede1989.org.pa\\\/#website\"},\"primaryImageOfPage\":{\"@id\":\"https:\\\/\\\/comision20dediciembrede1989.org.pa\\\/index.php\\\/2021\\\/06\\\/20\\\/comision-20-de-diciembre-se-mantiene-sin-fondos\\\/#primaryimage\"},\"image\":{\"@id\":\"https:\\\/\\\/comision20dediciembrede1989.org.pa\\\/index.php\\\/2021\\\/06\\\/20\\\/comision-20-de-diciembre-se-mantiene-sin-fondos\\\/#primaryimage\"},\"thumbnailUrl\":\"https:\\\/\\\/comision20dediciembrede1989.org.pa\\\/wp-content\\\/uploads\\\/2021\\\/12\\\/siglo.jpg\",\"datePublished\":\"2021-06-20T17:00:01+00:00\",\"dateModified\":\"2022-06-28T19:31:31+00:00\",\"author\":{\"@id\":\"https:\\\/\\\/comision20dediciembrede1989.org.pa\\\/#\\\/schema\\\/person\\\/0fea7be82c37e17f1362e93ba4ef2c6c\"},\"breadcrumb\":{\"@id\":\"https:\\\/\\\/comision20dediciembrede1989.org.pa\\\/index.php\\\/2021\\\/06\\\/20\\\/comision-20-de-diciembre-se-mantiene-sin-fondos\\\/#breadcrumb\"},\"inLanguage\":\"es\",\"potentialAction\":[{\"@type\":\"ReadAction\",\"target\":[\"https:\\\/\\\/comision20dediciembrede1989.org.pa\\\/index.php\\\/2021\\\/06\\\/20\\\/comision-20-de-diciembre-se-mantiene-sin-fondos\\\/\"]}]},{\"@type\":\"ImageObject\",\"inLanguage\":\"es\",\"@id\":\"https:\\\/\\\/comision20dediciembrede1989.org.pa\\\/index.php\\\/2021\\\/06\\\/20\\\/comision-20-de-diciembre-se-mantiene-sin-fondos\\\/#primaryimage\",\"url\":\"https:\\\/\\\/comision20dediciembrede1989.org.pa\\\/wp-content\\\/uploads\\\/2021\\\/12\\\/siglo.jpg\",\"contentUrl\":\"https:\\\/\\\/comision20dediciembrede1989.org.pa\\\/wp-content\\\/uploads\\\/2021\\\/12\\\/siglo.jpg\",\"width\":936,\"height\":599},{\"@type\":\"BreadcrumbList\",\"@id\":\"https:\\\/\\\/comision20dediciembrede1989.org.pa\\\/index.php\\\/2021\\\/06\\\/20\\\/comision-20-de-diciembre-se-mantiene-sin-fondos\\\/#breadcrumb\",\"itemListElement\":[{\"@type\":\"ListItem\",\"position\":1,\"name\":\"Portada\",\"item\":\"https:\\\/\\\/comision20dediciembrede1989.org.pa\\\/\"},{\"@type\":\"ListItem\",\"position\":2,\"name\":\"Comisi\u00f3n 20 de Diciembre se mantiene sin fondos\"}]},{\"@type\":\"WebSite\",\"@id\":\"https:\\\/\\\/comision20dediciembrede1989.org.pa\\\/#website\",\"url\":\"https:\\\/\\\/comision20dediciembrede1989.org.pa\\\/\",\"name\":\"Comision 20 de diciembre\",\"description\":\"Por la Verdad, la Memoria y la Justicia\",\"potentialAction\":[{\"@type\":\"SearchAction\",\"target\":{\"@type\":\"EntryPoint\",\"urlTemplate\":\"https:\\\/\\\/comision20dediciembrede1989.org.pa\\\/?s={search_term_string}\"},\"query-input\":{\"@type\":\"PropertyValueSpecification\",\"valueRequired\":true,\"valueName\":\"search_term_string\"}}],\"inLanguage\":\"es\"},{\"@type\":\"Person\",\"@id\":\"https:\\\/\\\/comision20dediciembrede1989.org.pa\\\/#\\\/schema\\\/person\\\/0fea7be82c37e17f1362e93ba4ef2c6c\",\"name\":\"MFadmin\",\"url\":\"https:\\\/\\\/comision20dediciembrede1989.org.pa\\\/index.php\\\/author\\\/mfadmin\\\/\"}]}<\/script>\n<!-- \/ Yoast SEO plugin. -->","yoast_head_json":{"title":"Comisi\u00f3n 20 de Diciembre se mantiene sin fondos - Comision 20 de diciembre","robots":{"index":"index","follow":"follow","max-snippet":"max-snippet:-1","max-image-preview":"max-image-preview:large","max-video-preview":"max-video-preview:-1"},"canonical":"https:\/\/comision20dediciembrede1989.org.pa\/index.php\/2021\/06\/20\/comision-20-de-diciembre-se-mantiene-sin-fondos\/","og_locale":"es_ES","og_type":"article","og_title":"Comisi\u00f3n 20 de Diciembre se mantiene sin fondos - Comision 20 de diciembre","og_description":"Por medio de un comunicado la Comisi\u00f3n 20 de Diciembre de 1989 dio a conocer que se mantiene sin fondos desde enero de este a\u00f1o. Retraso. Por medio de un comunicado la Comisi\u00f3n 20 de Diciembre de 1989 dio a conocer que se mantiene sin fondos desde enero de este a\u00f1o. Por el retraso en los trabajos de exhumaci\u00f3n y an\u00e1lisis de los restos realizados por antrop\u00f3logos y arque\u00f3logos con el objetivo de identificar a desaparecidos se han suspendido, dijo Juan Planells, presidente de la comisi\u00f3n. \u00abEstamos hablando de los primeros $185 mil que prometieron traspasar a la comisi\u00f3n y cuyo tr\u00e1mite se hizo en su totalidad, excepto que la Contralor\u00eda de la Rep\u00fablica no ha dado su autorizaci\u00f3n porque quer\u00eda tener otras decisiones como la extensi\u00f3n del tiempo que est\u00e1 pr\u00f3ximo a vencerse el 20 de julio, de acuerdo con la Ley&#8217;, sostuvo Planells. Agreg\u00f3 que Contralor\u00eda quer\u00eda tener esa seguridad por lo tanto nunca autoriz\u00f3 el uso de esos fondos a pesar de que ya est\u00e1n reservados en la Ciudad del Saber, que es la administradora de estos bienes. Las exhumaciones se han llevado a cabo en los cementerios Jard\u00edn de Paz, en la ciudad capital, y en Monte Esperanza, en la provincia de Col\u00f3n, con el prop\u00f3sito de determinar la identidad de las v\u00edctimas de la invasi\u00f3n de Estados Unidos a Panam\u00e1 en diciembre de 1989. Otro de los objetivos de la comisi\u00f3n es determinar la cantidad de fallecidos, que despu\u00e9s de m\u00e1s de tres d\u00e9cadas no [&hellip;]","og_url":"https:\/\/comision20dediciembrede1989.org.pa\/index.php\/2021\/06\/20\/comision-20-de-diciembre-se-mantiene-sin-fondos\/","og_site_name":"Comision 20 de diciembre","article_published_time":"2021-06-20T17:00:01+00:00","article_modified_time":"2022-06-28T19:31:31+00:00","og_image":[{"width":936,"height":599,"url":"https:\/\/comision20dediciembrede1989.org.pa\/wp-content\/uploads\/2021\/12\/siglo.jpg","type":"image\/jpeg"}],"author":"MFadmin","twitter_card":"summary_large_image","twitter_misc":{"Escrito por":"MFadmin","Tiempo de lectura":"2 minutos"},"schema":{"@context":"https:\/\/schema.org","@graph":[{"@type":"Article","@id":"https:\/\/comision20dediciembrede1989.org.pa\/index.php\/2021\/06\/20\/comision-20-de-diciembre-se-mantiene-sin-fondos\/#article","isPartOf":{"@id":"https:\/\/comision20dediciembrede1989.org.pa\/index.php\/2021\/06\/20\/comision-20-de-diciembre-se-mantiene-sin-fondos\/"},"author":{"name":"MFadmin","@id":"https:\/\/comision20dediciembrede1989.org.pa\/#\/schema\/person\/0fea7be82c37e17f1362e93ba4ef2c6c"},"headline":"Comisi\u00f3n 20 de Diciembre se mantiene sin fondos","datePublished":"2021-06-20T17:00:01+00:00","dateModified":"2022-06-28T19:31:31+00:00","mainEntityOfPage":{"@id":"https:\/\/comision20dediciembrede1989.org.pa\/index.php\/2021\/06\/20\/comision-20-de-diciembre-se-mantiene-sin-fondos\/"},"wordCount":383,"image":{"@id":"https:\/\/comision20dediciembrede1989.org.pa\/index.php\/2021\/06\/20\/comision-20-de-diciembre-se-mantiene-sin-fondos\/#primaryimage"},"thumbnailUrl":"https:\/\/comision20dediciembrede1989.org.pa\/wp-content\/uploads\/2021\/12\/siglo.jpg","articleSection":["06-2021","2021"],"inLanguage":"es"},{"@type":"WebPage","@id":"https:\/\/comision20dediciembrede1989.org.pa\/index.php\/2021\/06\/20\/comision-20-de-diciembre-se-mantiene-sin-fondos\/","url":"https:\/\/comision20dediciembrede1989.org.pa\/index.php\/2021\/06\/20\/comision-20-de-diciembre-se-mantiene-sin-fondos\/","name":"Comisi\u00f3n 20 de Diciembre se mantiene sin fondos - Comision 20 de diciembre","isPartOf":{"@id":"https:\/\/comision20dediciembrede1989.org.pa\/#website"},"primaryImageOfPage":{"@id":"https:\/\/comision20dediciembrede1989.org.pa\/index.php\/2021\/06\/20\/comision-20-de-diciembre-se-mantiene-sin-fondos\/#primaryimage"},"image":{"@id":"https:\/\/comision20dediciembrede1989.org.pa\/index.php\/2021\/06\/20\/comision-20-de-diciembre-se-mantiene-sin-fondos\/#primaryimage"},"thumbnailUrl":"https:\/\/comision20dediciembrede1989.org.pa\/wp-content\/uploads\/2021\/12\/siglo.jpg","datePublished":"2021-06-20T17:00:01+00:00","dateModified":"2022-06-28T19:31:31+00:00","author":{"@id":"https:\/\/comision20dediciembrede1989.org.pa\/#\/schema\/person\/0fea7be82c37e17f1362e93ba4ef2c6c"},"breadcrumb":{"@id":"https:\/\/comision20dediciembrede1989.org.pa\/index.php\/2021\/06\/20\/comision-20-de-diciembre-se-mantiene-sin-fondos\/#breadcrumb"},"inLanguage":"es","potentialAction":[{"@type":"ReadAction","target":["https:\/\/comision20dediciembrede1989.org.pa\/index.php\/2021\/06\/20\/comision-20-de-diciembre-se-mantiene-sin-fondos\/"]}]},{"@type":"ImageObject","inLanguage":"es","@id":"https:\/\/comision20dediciembrede1989.org.pa\/index.php\/2021\/06\/20\/comision-20-de-diciembre-se-mantiene-sin-fondos\/#primaryimage","url":"https:\/\/comision20dediciembrede1989.org.pa\/wp-content\/uploads\/2021\/12\/siglo.jpg","contentUrl":"https:\/\/comision20dediciembrede1989.org.pa\/wp-content\/uploads\/2021\/12\/siglo.jpg","width":936,"height":599},{"@type":"BreadcrumbList","@id":"https:\/\/comision20dediciembrede1989.org.pa\/index.php\/2021\/06\/20\/comision-20-de-diciembre-se-mantiene-sin-fondos\/#breadcrumb","itemListElement":[{"@type":"ListItem","position":1,"name":"Portada","item":"https:\/\/comision20dediciembrede1989.org.pa\/"},{"@type":"ListItem","position":2,"name":"Comisi\u00f3n 20 de Diciembre se mantiene sin fondos"}]},{"@type":"WebSite","@id":"https:\/\/comision20dediciembrede1989.org.pa\/#website","url":"https:\/\/comision20dediciembrede1989.org.pa\/","name":"Comision 20 de diciembre","description":"Por la Verdad, la Memoria y la Justicia","potentialAction":[{"@type":"SearchAction","target":{"@type":"EntryPoint","urlTemplate":"https:\/\/comision20dediciembrede1989.org.pa\/?s={search_term_string}"},"query-input":{"@type":"PropertyValueSpecification","valueRequired":true,"valueName":"search_term_string"}}],"inLanguage":"es"},{"@type":"Person","@id":"https:\/\/comision20dediciembrede1989.org.pa\/#\/schema\/person\/0fea7be82c37e17f1362e93ba4ef2c6c","name":"MFadmin","url":"https:\/\/comision20dediciembrede1989.org.pa\/index.php\/author\/mfadmin\/"}]}},"_links":{"self":[{"href":"https:\/\/comision20dediciembrede1989.org.pa\/index.php\/wp-json\/wp\/v2\/posts\/1747","targetHints":{"allow":["GET"]}}],"collection":[{"href":"https:\/\/comision20dediciembrede1989.org.pa\/index.php\/wp-json\/wp\/v2\/posts"}],"about":[{"href":"https:\/\/comision20dediciembrede1989.org.pa\/index.php\/wp-json\/wp\/v2\/types\/post"}],"author":[{"embeddable":true,"href":"https:\/\/comision20dediciembrede1989.org.pa\/index.php\/wp-json\/wp\/v2\/users\/7"}],"replies":[{"embeddable":true,"href":"https:\/\/comision20dediciembrede1989.org.pa\/index.php\/wp-json\/wp\/v2\/comments?post=1747"}],"version-history":[{"count":4,"href":"https:\/\/comision20dediciembrede1989.org.pa\/index.php\/wp-json\/wp\/v2\/posts\/1747\/revisions"}],"predecessor-version":[{"id":2819,"href":"https:\/\/comision20dediciembrede1989.org.pa\/index.php\/wp-json\/wp\/v2\/posts\/1747\/revisions\/2819"}],"wp:featuredmedia":[{"embeddable":true,"href":"https:\/\/comision20dediciembrede1989.org.pa\/index.php\/wp-json\/wp\/v2\/media\/1748"}],"wp:attachment":[{"href":"https:\/\/comision20dediciembrede1989.org.pa\/index.php\/wp-json\/wp\/v2\/media?parent=1747"}],"wp:term":[{"taxonomy":"category","embeddable":true,"href":"https:\/\/comision20dediciembrede1989.org.pa\/index.php\/wp-json\/wp\/v2\/categories?post=1747"},{"taxonomy":"post_tag","embeddable":true,"href":"https:\/\/comision20dediciembrede1989.org.pa\/index.php\/wp-json\/wp\/v2\/tags?post=1747"}],"curies":[{"name":"wp","href":"https:\/\/api.w.org\/{rel}","templated":true}]}}