{"id":1745,"date":"2021-06-19T16:54:04","date_gmt":"2021-06-19T16:54:04","guid":{"rendered":"https:\/\/comision20dediciembrede1989.org.pa\/?p=1745"},"modified":"2022-06-28T19:31:31","modified_gmt":"2022-06-28T19:31:31","slug":"comision-20-de-diciembre-no-recibe-fondos-desde-enero-para-continuar-con-exhumacion-de-restos-de-la-invasion","status":"publish","type":"post","link":"https:\/\/comision20dediciembrede1989.org.pa\/index.php\/2021\/06\/19\/comision-20-de-diciembre-no-recibe-fondos-desde-enero-para-continuar-con-exhumacion-de-restos-de-la-invasion\/","title":{"rendered":"Comisi\u00f3n 20 de diciembre no recibe fondos desde enero para continuar con exhumaci\u00f3n de restos de la invasi\u00f3n"},"content":{"rendered":"<h4>Juan Planells Fern\u00e1ndez, presidente de la Comisi\u00f3n, asegur\u00f3 que se ha tenido que paralizar la investigaci\u00f3n de arque\u00f3logos y antrop\u00f3logos, tanto para concluir la \u00faltima etapa del proceso en el Jard\u00edn de Paz, como la primera en Monte Esperanza<\/h4>\n<p>La Comisi\u00f3n 20 de diciembre de 1989\u00a0en un comunicado inform\u00f3\u00a0inform\u00f3 que desde enero del 2021 no ha recibido fondos\u00a0para atender sus compromisos, la cual ha provocado la suspensi\u00f3n que manten\u00edan con relaci\u00f3n a la exhumaci\u00f3n y an\u00e1lisis de los restos de la pasada invasi\u00f3n.<\/p>\n<p>Juan Planells Fern\u00e1ndez, presidente de la Comisi\u00f3n, asegur\u00f3 que se ha tenido que paralizar la investigaci\u00f3n de arque\u00f3logos y antrop\u00f3logos, tanto para concluir la \u00faltima etapa del proceso en el Jard\u00edn de Paz, como la primera en Monte Esperanza.<\/p>\n<p>Como sociedad no podemos seguir manteniendo en el abandono la atenci\u00f3n a este deber patri\u00f3tico, que lleva m\u00e1s de 30 a\u00f1os en el retraso, se\u00f1al\u00f3 Planells.<\/p>\n<p>Fuente:<a href=\"https:\/\/www.radiopanama.com.pa\/noticias\/actualidad\/comision-20-de-diciembre-no-recibe-fondos-desde-enero-para-continuar-con-exhumacion---de-restos-de-la-invasion\/20210619\/nota\/4144614.aspx\" target=\"_blank\" rel=\"noopener\"> Radio Panam\u00e1<\/a><\/p>\n","protected":false},"excerpt":{"rendered":"<p>Juan Planells Fern\u00e1ndez, presidente de la Comisi\u00f3n, asegur\u00f3 que se ha tenido que paralizar la investigaci\u00f3n de arque\u00f3logos y antrop\u00f3logos, tanto para concluir la \u00faltima etapa del proceso en el Jard\u00edn de Paz, como la primera en Monte Esperanza La Comisi\u00f3n 20 de diciembre de 1989\u00a0en un comunicado inform\u00f3\u00a0inform\u00f3 que desde enero del 2021 no ha recibido fondos\u00a0para atender sus compromisos, la cual ha provocado la suspensi\u00f3n que manten\u00edan con relaci\u00f3n a la exhumaci\u00f3n y an\u00e1lisis de los restos de la pasada invasi\u00f3n. Juan Planells Fern\u00e1ndez, presidente de la Comisi\u00f3n, asegur\u00f3 que se ha tenido que paralizar la investigaci\u00f3n de arque\u00f3logos y antrop\u00f3logos, tanto para concluir la \u00faltima etapa del proceso en el Jard\u00edn de Paz, como la primera en Monte Esperanza. Como sociedad no podemos seguir manteniendo en el abandono la atenci\u00f3n a este deber patri\u00f3tico, que lleva m\u00e1s de 30 a\u00f1os en el retraso, se\u00f1al\u00f3 Planells. Fuente: Radio Panam\u00e1<\/p>\n","protected":false},"author":7,"featured_media":0,"comment_status":"closed","ping_status":"closed","sticky":false,"template":"","format":"standard","meta":{"footnotes":""},"categories":[66,6],"tags":[],"class_list":["post-1745","post","type-post","status-publish","format-standard","hentry","category-06-2021","category-6"],"yoast_head":"<!-- This site is optimized with the Yoast SEO plugin v27.5 - https:\/\/yoast.com\/product\/yoast-seo-wordpress\/ -->\n<title>Comisi\u00f3n 20 de diciembre no recibe fondos desde enero para continuar con exhumaci\u00f3n de restos de la invasi\u00f3n - Comision 20 de diciembre<\/title>\n<meta name=\"robots\" content=\"index, follow, max-snippet:-1, max-image-preview:large, max-video-preview:-1\" \/>\n<link rel=\"canonical\" href=\"https:\/\/comision20dediciembrede1989.org.pa\/index.php\/2021\/06\/19\/comision-20-de-diciembre-no-recibe-fondos-desde-enero-para-continuar-con-exhumacion-de-restos-de-la-invasion\/\" \/>\n<meta property=\"og:locale\" content=\"es_ES\" \/>\n<meta property=\"og:type\" content=\"article\" \/>\n<meta property=\"og:title\" content=\"Comisi\u00f3n 20 de diciembre no recibe fondos desde enero para continuar con exhumaci\u00f3n de restos de la invasi\u00f3n - Comision 20 de diciembre\" \/>\n<meta property=\"og:description\" content=\"Juan Planells Fern\u00e1ndez, presidente de la Comisi\u00f3n, asegur\u00f3 que se ha tenido que paralizar la investigaci\u00f3n de arque\u00f3logos y antrop\u00f3logos, tanto para concluir la \u00faltima etapa del proceso en el Jard\u00edn de Paz, como la primera en Monte Esperanza La Comisi\u00f3n 20 de diciembre de 1989\u00a0en un comunicado inform\u00f3\u00a0inform\u00f3 que desde enero del 2021 no ha recibido fondos\u00a0para atender sus compromisos, la cual ha provocado la suspensi\u00f3n que manten\u00edan con relaci\u00f3n a la exhumaci\u00f3n y an\u00e1lisis de los restos de la pasada invasi\u00f3n. Juan Planells Fern\u00e1ndez, presidente de la Comisi\u00f3n, asegur\u00f3 que se ha tenido que paralizar la investigaci\u00f3n de arque\u00f3logos y antrop\u00f3logos, tanto para concluir la \u00faltima etapa del proceso en el Jard\u00edn de Paz, como la primera en Monte Esperanza. Como sociedad no podemos seguir manteniendo en el abandono la atenci\u00f3n a este deber patri\u00f3tico, que lleva m\u00e1s de 30 a\u00f1os en el retraso, se\u00f1al\u00f3 Planells. Fuente: Radio Panam\u00e1\" \/>\n<meta property=\"og:url\" content=\"https:\/\/comision20dediciembrede1989.org.pa\/index.php\/2021\/06\/19\/comision-20-de-diciembre-no-recibe-fondos-desde-enero-para-continuar-con-exhumacion-de-restos-de-la-invasion\/\" \/>\n<meta property=\"og:site_name\" content=\"Comision 20 de diciembre\" \/>\n<meta property=\"article:published_time\" content=\"2021-06-19T16:54:04+00:00\" \/>\n<meta property=\"article:modified_time\" content=\"2022-06-28T19:31:31+00:00\" \/>\n<meta name=\"author\" content=\"MFadmin\" \/>\n<meta name=\"twitter:card\" content=\"summary_large_image\" \/>\n<meta name=\"twitter:label1\" content=\"Escrito por\" \/>\n\t<meta name=\"twitter:data1\" content=\"MFadmin\" \/>\n\t<meta name=\"twitter:label2\" content=\"Tiempo de lectura\" \/>\n\t<meta name=\"twitter:data2\" content=\"1 minuto\" \/>\n<script type=\"application\/ld+json\" class=\"yoast-schema-graph\">{\"@context\":\"https:\\\/\\\/schema.org\",\"@graph\":[{\"@type\":\"Article\",\"@id\":\"https:\\\/\\\/comision20dediciembrede1989.org.pa\\\/index.php\\\/2021\\\/06\\\/19\\\/comision-20-de-diciembre-no-recibe-fondos-desde-enero-para-continuar-con-exhumacion-de-restos-de-la-invasion\\\/#article\",\"isPartOf\":{\"@id\":\"https:\\\/\\\/comision20dediciembrede1989.org.pa\\\/index.php\\\/2021\\\/06\\\/19\\\/comision-20-de-diciembre-no-recibe-fondos-desde-enero-para-continuar-con-exhumacion-de-restos-de-la-invasion\\\/\"},\"author\":{\"name\":\"MFadmin\",\"@id\":\"https:\\\/\\\/comision20dediciembrede1989.org.pa\\\/#\\\/schema\\\/person\\\/0fea7be82c37e17f1362e93ba4ef2c6c\"},\"headline\":\"Comisi\u00f3n 20 de diciembre no recibe fondos desde enero para continuar con exhumaci\u00f3n de restos de la invasi\u00f3n\",\"datePublished\":\"2021-06-19T16:54:04+00:00\",\"dateModified\":\"2022-06-28T19:31:31+00:00\",\"mainEntityOfPage\":{\"@id\":\"https:\\\/\\\/comision20dediciembrede1989.org.pa\\\/index.php\\\/2021\\\/06\\\/19\\\/comision-20-de-diciembre-no-recibe-fondos-desde-enero-para-continuar-con-exhumacion-de-restos-de-la-invasion\\\/\"},\"wordCount\":194,\"articleSection\":[\"06-2021\",\"2021\"],\"inLanguage\":\"es\"},{\"@type\":\"WebPage\",\"@id\":\"https:\\\/\\\/comision20dediciembrede1989.org.pa\\\/index.php\\\/2021\\\/06\\\/19\\\/comision-20-de-diciembre-no-recibe-fondos-desde-enero-para-continuar-con-exhumacion-de-restos-de-la-invasion\\\/\",\"url\":\"https:\\\/\\\/comision20dediciembrede1989.org.pa\\\/index.php\\\/2021\\\/06\\\/19\\\/comision-20-de-diciembre-no-recibe-fondos-desde-enero-para-continuar-con-exhumacion-de-restos-de-la-invasion\\\/\",\"name\":\"Comisi\u00f3n 20 de diciembre no recibe fondos desde enero para continuar con exhumaci\u00f3n de restos de la invasi\u00f3n - Comision 20 de diciembre\",\"isPartOf\":{\"@id\":\"https:\\\/\\\/comision20dediciembrede1989.org.pa\\\/#website\"},\"datePublished\":\"2021-06-19T16:54:04+00:00\",\"dateModified\":\"2022-06-28T19:31:31+00:00\",\"author\":{\"@id\":\"https:\\\/\\\/comision20dediciembrede1989.org.pa\\\/#\\\/schema\\\/person\\\/0fea7be82c37e17f1362e93ba4ef2c6c\"},\"breadcrumb\":{\"@id\":\"https:\\\/\\\/comision20dediciembrede1989.org.pa\\\/index.php\\\/2021\\\/06\\\/19\\\/comision-20-de-diciembre-no-recibe-fondos-desde-enero-para-continuar-con-exhumacion-de-restos-de-la-invasion\\\/#breadcrumb\"},\"inLanguage\":\"es\",\"potentialAction\":[{\"@type\":\"ReadAction\",\"target\":[\"https:\\\/\\\/comision20dediciembrede1989.org.pa\\\/index.php\\\/2021\\\/06\\\/19\\\/comision-20-de-diciembre-no-recibe-fondos-desde-enero-para-continuar-con-exhumacion-de-restos-de-la-invasion\\\/\"]}]},{\"@type\":\"BreadcrumbList\",\"@id\":\"https:\\\/\\\/comision20dediciembrede1989.org.pa\\\/index.php\\\/2021\\\/06\\\/19\\\/comision-20-de-diciembre-no-recibe-fondos-desde-enero-para-continuar-con-exhumacion-de-restos-de-la-invasion\\\/#breadcrumb\",\"itemListElement\":[{\"@type\":\"ListItem\",\"position\":1,\"name\":\"Portada\",\"item\":\"https:\\\/\\\/comision20dediciembrede1989.org.pa\\\/\"},{\"@type\":\"ListItem\",\"position\":2,\"name\":\"Comisi\u00f3n 20 de diciembre no recibe fondos desde enero para continuar con exhumaci\u00f3n de restos de la invasi\u00f3n\"}]},{\"@type\":\"WebSite\",\"@id\":\"https:\\\/\\\/comision20dediciembrede1989.org.pa\\\/#website\",\"url\":\"https:\\\/\\\/comision20dediciembrede1989.org.pa\\\/\",\"name\":\"Comision 20 de diciembre\",\"description\":\"Por la Verdad, la Memoria y la Justicia\",\"potentialAction\":[{\"@type\":\"SearchAction\",\"target\":{\"@type\":\"EntryPoint\",\"urlTemplate\":\"https:\\\/\\\/comision20dediciembrede1989.org.pa\\\/?s={search_term_string}\"},\"query-input\":{\"@type\":\"PropertyValueSpecification\",\"valueRequired\":true,\"valueName\":\"search_term_string\"}}],\"inLanguage\":\"es\"},{\"@type\":\"Person\",\"@id\":\"https:\\\/\\\/comision20dediciembrede1989.org.pa\\\/#\\\/schema\\\/person\\\/0fea7be82c37e17f1362e93ba4ef2c6c\",\"name\":\"MFadmin\",\"url\":\"https:\\\/\\\/comision20dediciembrede1989.org.pa\\\/index.php\\\/author\\\/mfadmin\\\/\"}]}<\/script>\n<!-- \/ Yoast SEO plugin. -->","yoast_head_json":{"title":"Comisi\u00f3n 20 de diciembre no recibe fondos desde enero para continuar con exhumaci\u00f3n de restos de la invasi\u00f3n - Comision 20 de diciembre","robots":{"index":"index","follow":"follow","max-snippet":"max-snippet:-1","max-image-preview":"max-image-preview:large","max-video-preview":"max-video-preview:-1"},"canonical":"https:\/\/comision20dediciembrede1989.org.pa\/index.php\/2021\/06\/19\/comision-20-de-diciembre-no-recibe-fondos-desde-enero-para-continuar-con-exhumacion-de-restos-de-la-invasion\/","og_locale":"es_ES","og_type":"article","og_title":"Comisi\u00f3n 20 de diciembre no recibe fondos desde enero para continuar con exhumaci\u00f3n de restos de la invasi\u00f3n - Comision 20 de diciembre","og_description":"Juan Planells Fern\u00e1ndez, presidente de la Comisi\u00f3n, asegur\u00f3 que se ha tenido que paralizar la investigaci\u00f3n de arque\u00f3logos y antrop\u00f3logos, tanto para concluir la \u00faltima etapa del proceso en el Jard\u00edn de Paz, como la primera en Monte Esperanza La Comisi\u00f3n 20 de diciembre de 1989\u00a0en un comunicado inform\u00f3\u00a0inform\u00f3 que desde enero del 2021 no ha recibido fondos\u00a0para atender sus compromisos, la cual ha provocado la suspensi\u00f3n que manten\u00edan con relaci\u00f3n a la exhumaci\u00f3n y an\u00e1lisis de los restos de la pasada invasi\u00f3n. Juan Planells Fern\u00e1ndez, presidente de la Comisi\u00f3n, asegur\u00f3 que se ha tenido que paralizar la investigaci\u00f3n de arque\u00f3logos y antrop\u00f3logos, tanto para concluir la \u00faltima etapa del proceso en el Jard\u00edn de Paz, como la primera en Monte Esperanza. Como sociedad no podemos seguir manteniendo en el abandono la atenci\u00f3n a este deber patri\u00f3tico, que lleva m\u00e1s de 30 a\u00f1os en el retraso, se\u00f1al\u00f3 Planells. Fuente: Radio Panam\u00e1","og_url":"https:\/\/comision20dediciembrede1989.org.pa\/index.php\/2021\/06\/19\/comision-20-de-diciembre-no-recibe-fondos-desde-enero-para-continuar-con-exhumacion-de-restos-de-la-invasion\/","og_site_name":"Comision 20 de diciembre","article_published_time":"2021-06-19T16:54:04+00:00","article_modified_time":"2022-06-28T19:31:31+00:00","author":"MFadmin","twitter_card":"summary_large_image","twitter_misc":{"Escrito por":"MFadmin","Tiempo de lectura":"1 minuto"},"schema":{"@context":"https:\/\/schema.org","@graph":[{"@type":"Article","@id":"https:\/\/comision20dediciembrede1989.org.pa\/index.php\/2021\/06\/19\/comision-20-de-diciembre-no-recibe-fondos-desde-enero-para-continuar-con-exhumacion-de-restos-de-la-invasion\/#article","isPartOf":{"@id":"https:\/\/comision20dediciembrede1989.org.pa\/index.php\/2021\/06\/19\/comision-20-de-diciembre-no-recibe-fondos-desde-enero-para-continuar-con-exhumacion-de-restos-de-la-invasion\/"},"author":{"name":"MFadmin","@id":"https:\/\/comision20dediciembrede1989.org.pa\/#\/schema\/person\/0fea7be82c37e17f1362e93ba4ef2c6c"},"headline":"Comisi\u00f3n 20 de diciembre no recibe fondos desde enero para continuar con exhumaci\u00f3n de restos de la invasi\u00f3n","datePublished":"2021-06-19T16:54:04+00:00","dateModified":"2022-06-28T19:31:31+00:00","mainEntityOfPage":{"@id":"https:\/\/comision20dediciembrede1989.org.pa\/index.php\/2021\/06\/19\/comision-20-de-diciembre-no-recibe-fondos-desde-enero-para-continuar-con-exhumacion-de-restos-de-la-invasion\/"},"wordCount":194,"articleSection":["06-2021","2021"],"inLanguage":"es"},{"@type":"WebPage","@id":"https:\/\/comision20dediciembrede1989.org.pa\/index.php\/2021\/06\/19\/comision-20-de-diciembre-no-recibe-fondos-desde-enero-para-continuar-con-exhumacion-de-restos-de-la-invasion\/","url":"https:\/\/comision20dediciembrede1989.org.pa\/index.php\/2021\/06\/19\/comision-20-de-diciembre-no-recibe-fondos-desde-enero-para-continuar-con-exhumacion-de-restos-de-la-invasion\/","name":"Comisi\u00f3n 20 de diciembre no recibe fondos desde enero para continuar con exhumaci\u00f3n de restos de la invasi\u00f3n - Comision 20 de diciembre","isPartOf":{"@id":"https:\/\/comision20dediciembrede1989.org.pa\/#website"},"datePublished":"2021-06-19T16:54:04+00:00","dateModified":"2022-06-28T19:31:31+00:00","author":{"@id":"https:\/\/comision20dediciembrede1989.org.pa\/#\/schema\/person\/0fea7be82c37e17f1362e93ba4ef2c6c"},"breadcrumb":{"@id":"https:\/\/comision20dediciembrede1989.org.pa\/index.php\/2021\/06\/19\/comision-20-de-diciembre-no-recibe-fondos-desde-enero-para-continuar-con-exhumacion-de-restos-de-la-invasion\/#breadcrumb"},"inLanguage":"es","potentialAction":[{"@type":"ReadAction","target":["https:\/\/comision20dediciembrede1989.org.pa\/index.php\/2021\/06\/19\/comision-20-de-diciembre-no-recibe-fondos-desde-enero-para-continuar-con-exhumacion-de-restos-de-la-invasion\/"]}]},{"@type":"BreadcrumbList","@id":"https:\/\/comision20dediciembrede1989.org.pa\/index.php\/2021\/06\/19\/comision-20-de-diciembre-no-recibe-fondos-desde-enero-para-continuar-con-exhumacion-de-restos-de-la-invasion\/#breadcrumb","itemListElement":[{"@type":"ListItem","position":1,"name":"Portada","item":"https:\/\/comision20dediciembrede1989.org.pa\/"},{"@type":"ListItem","position":2,"name":"Comisi\u00f3n 20 de diciembre no recibe fondos desde enero para continuar con exhumaci\u00f3n de restos de la invasi\u00f3n"}]},{"@type":"WebSite","@id":"https:\/\/comision20dediciembrede1989.org.pa\/#website","url":"https:\/\/comision20dediciembrede1989.org.pa\/","name":"Comision 20 de diciembre","description":"Por la Verdad, la Memoria y la Justicia","potentialAction":[{"@type":"SearchAction","target":{"@type":"EntryPoint","urlTemplate":"https:\/\/comision20dediciembrede1989.org.pa\/?s={search_term_string}"},"query-input":{"@type":"PropertyValueSpecification","valueRequired":true,"valueName":"search_term_string"}}],"inLanguage":"es"},{"@type":"Person","@id":"https:\/\/comision20dediciembrede1989.org.pa\/#\/schema\/person\/0fea7be82c37e17f1362e93ba4ef2c6c","name":"MFadmin","url":"https:\/\/comision20dediciembrede1989.org.pa\/index.php\/author\/mfadmin\/"}]}},"_links":{"self":[{"href":"https:\/\/comision20dediciembrede1989.org.pa\/index.php\/wp-json\/wp\/v2\/posts\/1745","targetHints":{"allow":["GET"]}}],"collection":[{"href":"https:\/\/comision20dediciembrede1989.org.pa\/index.php\/wp-json\/wp\/v2\/posts"}],"about":[{"href":"https:\/\/comision20dediciembrede1989.org.pa\/index.php\/wp-json\/wp\/v2\/types\/post"}],"author":[{"embeddable":true,"href":"https:\/\/comision20dediciembrede1989.org.pa\/index.php\/wp-json\/wp\/v2\/users\/7"}],"replies":[{"embeddable":true,"href":"https:\/\/comision20dediciembrede1989.org.pa\/index.php\/wp-json\/wp\/v2\/comments?post=1745"}],"version-history":[{"count":1,"href":"https:\/\/comision20dediciembrede1989.org.pa\/index.php\/wp-json\/wp\/v2\/posts\/1745\/revisions"}],"predecessor-version":[{"id":1746,"href":"https:\/\/comision20dediciembrede1989.org.pa\/index.php\/wp-json\/wp\/v2\/posts\/1745\/revisions\/1746"}],"wp:attachment":[{"href":"https:\/\/comision20dediciembrede1989.org.pa\/index.php\/wp-json\/wp\/v2\/media?parent=1745"}],"wp:term":[{"taxonomy":"category","embeddable":true,"href":"https:\/\/comision20dediciembrede1989.org.pa\/index.php\/wp-json\/wp\/v2\/categories?post=1745"},{"taxonomy":"post_tag","embeddable":true,"href":"https:\/\/comision20dediciembrede1989.org.pa\/index.php\/wp-json\/wp\/v2\/tags?post=1745"}],"curies":[{"name":"wp","href":"https:\/\/api.w.org\/{rel}","templated":true}]}}