{"id":1255,"date":"2020-10-20T22:44:58","date_gmt":"2020-10-20T22:44:58","guid":{"rendered":"http:\/\/comision20dediciembrede1989.org.pa\/?p=1255"},"modified":"2022-06-28T19:35:35","modified_gmt":"2022-06-28T19:35:35","slug":"cancilleria-busca-fondos-para-apoyar-a-la-comision-20-de-diciembre","status":"publish","type":"post","link":"https:\/\/comision20dediciembrede1989.org.pa\/index.php\/2020\/10\/20\/cancilleria-busca-fondos-para-apoyar-a-la-comision-20-de-diciembre\/","title":{"rendered":"Canciller\u00eda busca fondos para apoyar a la comisi\u00f3n 20 de diciembre"},"content":{"rendered":"\t\t<div data-elementor-type=\"wp-post\" data-elementor-id=\"1255\" class=\"elementor elementor-1255\">\n\t\t\t\t\t\t<section class=\"elementor-section elementor-top-section elementor-element elementor-element-f168192 elementor-section-boxed elementor-section-height-default elementor-section-height-default\" data-id=\"f168192\" data-element_type=\"section\" data-e-type=\"section\">\n\t\t\t\t\t\t<div class=\"elementor-container elementor-column-gap-default\">\n\t\t\t\t\t<div class=\"elementor-column elementor-col-100 elementor-top-column elementor-element elementor-element-ce27e9e\" data-id=\"ce27e9e\" data-element_type=\"column\" data-e-type=\"column\">\n\t\t\t<div class=\"elementor-widget-wrap elementor-element-populated\">\n\t\t\t\t\t\t<div class=\"elementor-element elementor-element-e29093b elementor-widget elementor-widget-text-editor\" data-id=\"e29093b\" data-element_type=\"widget\" data-e-type=\"widget\" data-widget_type=\"text-editor.default\">\n\t\t\t\t<div class=\"elementor-widget-container\">\n\t\t\t\t\t\t\t\t\t<p>FUENTE:\u00a0<a href=\"https:\/\/www.tvn-2.com\/videos\/entrevistas\/Comision-Diciembre-fondos-continuar-investigaciones_2_5697950157.html\"><strong> TVN<\/strong><\/a><\/p><p>Dar\u00edo Chir\u00fa, secretario general de la Canciller\u00eda, dijo que pedir\u00e1n un traslado de partida al MEF para otorgar los dineros que hacen falta para culminar los trabajos de exhumaci\u00f3n de las v\u00edctimas del 20 de diciembre de 1989.<\/p>\t\t\t\t\t\t\t\t<\/div>\n\t\t\t\t<\/div>\n\t\t\t\t\t<\/div>\n\t\t<\/div>\n\t\t\t\t\t<\/div>\n\t\t<\/section>\n\t\t\t\t<section class=\"elementor-section elementor-top-section elementor-element elementor-element-3af81db elementor-section-boxed elementor-section-height-default elementor-section-height-default\" data-id=\"3af81db\" data-element_type=\"section\" data-e-type=\"section\">\n\t\t\t\t\t\t<div class=\"elementor-container elementor-column-gap-default\">\n\t\t\t\t\t<div class=\"elementor-column elementor-col-100 elementor-top-column elementor-element elementor-element-8e44c05\" data-id=\"8e44c05\" data-element_type=\"column\" data-e-type=\"column\">\n\t\t\t<div class=\"elementor-widget-wrap elementor-element-populated\">\n\t\t\t\t\t\t<div class=\"elementor-element elementor-element-3ed6513 elementor-widget elementor-widget-spacer\" data-id=\"3ed6513\" data-element_type=\"widget\" data-e-type=\"widget\" data-widget_type=\"spacer.default\">\n\t\t\t\t<div class=\"elementor-widget-container\">\n\t\t\t\t\t\t\t<div class=\"elementor-spacer\">\n\t\t\t<div class=\"elementor-spacer-inner\"><\/div>\n\t\t<\/div>\n\t\t\t\t\t\t<\/div>\n\t\t\t\t<\/div>\n\t\t\t\t\t<\/div>\n\t\t<\/div>\n\t\t\t\t\t<\/div>\n\t\t<\/section>\n\t\t\t\t<section class=\"elementor-section elementor-top-section elementor-element elementor-element-6bc7ee8 elementor-section-boxed elementor-section-height-default elementor-section-height-default\" data-id=\"6bc7ee8\" data-element_type=\"section\" data-e-type=\"section\">\n\t\t\t\t\t\t<div class=\"elementor-container elementor-column-gap-default\">\n\t\t\t\t\t<div class=\"elementor-column elementor-col-100 elementor-top-column elementor-element elementor-element-cc0a5bb\" data-id=\"cc0a5bb\" data-element_type=\"column\" data-e-type=\"column\">\n\t\t\t<div class=\"elementor-widget-wrap elementor-element-populated\">\n\t\t\t\t\t\t<div class=\"elementor-element elementor-element-9d6acc5 elementor-widget elementor-widget-video\" data-id=\"9d6acc5\" data-element_type=\"widget\" data-e-type=\"widget\" data-settings=\"{&quot;video_type&quot;:&quot;hosted&quot;,&quot;controls&quot;:&quot;yes&quot;}\" data-widget_type=\"video.default\">\n\t\t\t\t<div class=\"elementor-widget-container\">\n\t\t\t\t\t\t\t<div class=\"e-hosted-video elementor-wrapper elementor-open-inline\">\n\t\t\t\t\t<video class=\"elementor-video\" src=\"http:\/\/comision20dediciembrede1989.org.pa\/wp-content\/uploads\/2020\/10\/Canciller\u00eda-busca-fondos-para-apoyar-a-la-Comisi\u00f3n-20-de-Diciembre.mp4\" controls=\"\" preload=\"metadata\"><\/video>\n\t\t\t\t<\/div>\n\t\t\t\t\t\t<\/div>\n\t\t\t\t<\/div>\n\t\t\t\t\t<\/div>\n\t\t<\/div>\n\t\t\t\t\t<\/div>\n\t\t<\/section>\n\t\t\t\t<\/div>\n\t\t","protected":false},"excerpt":{"rendered":"<p>FUENTE:\u00a0 TVN Dar\u00edo Chir\u00fa, secretario general de la Canciller\u00eda, dijo que pedir\u00e1n un traslado de partida al MEF para otorgar los dineros que hacen falta para culminar los trabajos de exhumaci\u00f3n de las v\u00edctimas del 20 de diciembre de 1989. http:\/\/comision20dediciembrede1989.org.pa\/wp-content\/uploads\/2020\/10\/Canciller\u00eda-busca-fondos-para-apoyar-a-la-Comisi\u00f3n-20-de-Diciembre.mp4<\/p>\n","protected":false},"author":7,"featured_media":1209,"comment_status":"closed","ping_status":"closed","sticky":false,"template":"","format":"standard","meta":{"footnotes":""},"categories":[7],"tags":[],"class_list":["post-1255","post","type-post","status-publish","format-standard","has-post-thumbnail","hentry","category-7"],"yoast_head":"<!-- This site is optimized with the Yoast SEO plugin v27.5 - https:\/\/yoast.com\/product\/yoast-seo-wordpress\/ -->\n<title>Canciller\u00eda busca fondos para apoyar a la comisi\u00f3n 20 de diciembre - Comision 20 de diciembre<\/title>\n<meta name=\"robots\" content=\"index, follow, max-snippet:-1, max-image-preview:large, max-video-preview:-1\" \/>\n<link rel=\"canonical\" href=\"https:\/\/comision20dediciembrede1989.org.pa\/index.php\/2020\/10\/20\/cancilleria-busca-fondos-para-apoyar-a-la-comision-20-de-diciembre\/\" \/>\n<meta property=\"og:locale\" content=\"es_ES\" \/>\n<meta property=\"og:type\" content=\"article\" \/>\n<meta property=\"og:title\" content=\"Canciller\u00eda busca fondos para apoyar a la comisi\u00f3n 20 de diciembre - Comision 20 de diciembre\" \/>\n<meta property=\"og:description\" content=\"FUENTE:\u00a0 TVN Dar\u00edo Chir\u00fa, secretario general de la Canciller\u00eda, dijo que pedir\u00e1n un traslado de partida al MEF para otorgar los dineros que hacen falta para culminar los trabajos de exhumaci\u00f3n de las v\u00edctimas del 20 de diciembre de 1989. http:\/\/comision20dediciembrede1989.org.pa\/wp-content\/uploads\/2020\/10\/Canciller\u00eda-busca-fondos-para-apoyar-a-la-Comisi\u00f3n-20-de-Diciembre.mp4\" \/>\n<meta property=\"og:url\" content=\"https:\/\/comision20dediciembrede1989.org.pa\/index.php\/2020\/10\/20\/cancilleria-busca-fondos-para-apoyar-a-la-comision-20-de-diciembre\/\" \/>\n<meta property=\"og:site_name\" content=\"Comision 20 de diciembre\" \/>\n<meta property=\"article:published_time\" content=\"2020-10-20T22:44:58+00:00\" \/>\n<meta property=\"article:modified_time\" content=\"2022-06-28T19:35:35+00:00\" \/>\n<meta property=\"og:image\" content=\"https:\/\/comision20dediciembrede1989.org.pa\/wp-content\/uploads\/2020\/07\/tvn-noticias2-e1603462811650.jpeg\" \/>\n\t<meta property=\"og:image:width\" content=\"288\" \/>\n\t<meta property=\"og:image:height\" content=\"294\" \/>\n\t<meta property=\"og:image:type\" content=\"image\/jpeg\" \/>\n<meta name=\"author\" content=\"MFadmin\" \/>\n<meta name=\"twitter:card\" content=\"summary_large_image\" \/>\n<meta name=\"twitter:label1\" content=\"Escrito por\" \/>\n\t<meta name=\"twitter:data1\" content=\"MFadmin\" \/>\n<script type=\"application\/ld+json\" class=\"yoast-schema-graph\">{\"@context\":\"https:\\\/\\\/schema.org\",\"@graph\":[{\"@type\":\"Article\",\"@id\":\"https:\\\/\\\/comision20dediciembrede1989.org.pa\\\/index.php\\\/2020\\\/10\\\/20\\\/cancilleria-busca-fondos-para-apoyar-a-la-comision-20-de-diciembre\\\/#article\",\"isPartOf\":{\"@id\":\"https:\\\/\\\/comision20dediciembrede1989.org.pa\\\/index.php\\\/2020\\\/10\\\/20\\\/cancilleria-busca-fondos-para-apoyar-a-la-comision-20-de-diciembre\\\/\"},\"author\":{\"name\":\"MFadmin\",\"@id\":\"https:\\\/\\\/comision20dediciembrede1989.org.pa\\\/#\\\/schema\\\/person\\\/0fea7be82c37e17f1362e93ba4ef2c6c\"},\"headline\":\"Canciller\u00eda busca fondos para apoyar a la comisi\u00f3n 20 de diciembre\",\"datePublished\":\"2020-10-20T22:44:58+00:00\",\"dateModified\":\"2022-06-28T19:35:35+00:00\",\"mainEntityOfPage\":{\"@id\":\"https:\\\/\\\/comision20dediciembrede1989.org.pa\\\/index.php\\\/2020\\\/10\\\/20\\\/cancilleria-busca-fondos-para-apoyar-a-la-comision-20-de-diciembre\\\/\"},\"wordCount\":67,\"image\":{\"@id\":\"https:\\\/\\\/comision20dediciembrede1989.org.pa\\\/index.php\\\/2020\\\/10\\\/20\\\/cancilleria-busca-fondos-para-apoyar-a-la-comision-20-de-diciembre\\\/#primaryimage\"},\"thumbnailUrl\":\"https:\\\/\\\/comision20dediciembrede1989.org.pa\\\/wp-content\\\/uploads\\\/2020\\\/07\\\/tvn-noticias2-e1603462811650.jpeg\",\"articleSection\":[\"2020\"],\"inLanguage\":\"es\"},{\"@type\":\"WebPage\",\"@id\":\"https:\\\/\\\/comision20dediciembrede1989.org.pa\\\/index.php\\\/2020\\\/10\\\/20\\\/cancilleria-busca-fondos-para-apoyar-a-la-comision-20-de-diciembre\\\/\",\"url\":\"https:\\\/\\\/comision20dediciembrede1989.org.pa\\\/index.php\\\/2020\\\/10\\\/20\\\/cancilleria-busca-fondos-para-apoyar-a-la-comision-20-de-diciembre\\\/\",\"name\":\"Canciller\u00eda busca fondos para apoyar a la comisi\u00f3n 20 de diciembre - Comision 20 de diciembre\",\"isPartOf\":{\"@id\":\"https:\\\/\\\/comision20dediciembrede1989.org.pa\\\/#website\"},\"primaryImageOfPage\":{\"@id\":\"https:\\\/\\\/comision20dediciembrede1989.org.pa\\\/index.php\\\/2020\\\/10\\\/20\\\/cancilleria-busca-fondos-para-apoyar-a-la-comision-20-de-diciembre\\\/#primaryimage\"},\"image\":{\"@id\":\"https:\\\/\\\/comision20dediciembrede1989.org.pa\\\/index.php\\\/2020\\\/10\\\/20\\\/cancilleria-busca-fondos-para-apoyar-a-la-comision-20-de-diciembre\\\/#primaryimage\"},\"thumbnailUrl\":\"https:\\\/\\\/comision20dediciembrede1989.org.pa\\\/wp-content\\\/uploads\\\/2020\\\/07\\\/tvn-noticias2-e1603462811650.jpeg\",\"datePublished\":\"2020-10-20T22:44:58+00:00\",\"dateModified\":\"2022-06-28T19:35:35+00:00\",\"author\":{\"@id\":\"https:\\\/\\\/comision20dediciembrede1989.org.pa\\\/#\\\/schema\\\/person\\\/0fea7be82c37e17f1362e93ba4ef2c6c\"},\"breadcrumb\":{\"@id\":\"https:\\\/\\\/comision20dediciembrede1989.org.pa\\\/index.php\\\/2020\\\/10\\\/20\\\/cancilleria-busca-fondos-para-apoyar-a-la-comision-20-de-diciembre\\\/#breadcrumb\"},\"inLanguage\":\"es\",\"potentialAction\":[{\"@type\":\"ReadAction\",\"target\":[\"https:\\\/\\\/comision20dediciembrede1989.org.pa\\\/index.php\\\/2020\\\/10\\\/20\\\/cancilleria-busca-fondos-para-apoyar-a-la-comision-20-de-diciembre\\\/\"]}]},{\"@type\":\"ImageObject\",\"inLanguage\":\"es\",\"@id\":\"https:\\\/\\\/comision20dediciembrede1989.org.pa\\\/index.php\\\/2020\\\/10\\\/20\\\/cancilleria-busca-fondos-para-apoyar-a-la-comision-20-de-diciembre\\\/#primaryimage\",\"url\":\"https:\\\/\\\/comision20dediciembrede1989.org.pa\\\/wp-content\\\/uploads\\\/2020\\\/07\\\/tvn-noticias2-e1603462811650.jpeg\",\"contentUrl\":\"https:\\\/\\\/comision20dediciembrede1989.org.pa\\\/wp-content\\\/uploads\\\/2020\\\/07\\\/tvn-noticias2-e1603462811650.jpeg\",\"width\":288,\"height\":294},{\"@type\":\"BreadcrumbList\",\"@id\":\"https:\\\/\\\/comision20dediciembrede1989.org.pa\\\/index.php\\\/2020\\\/10\\\/20\\\/cancilleria-busca-fondos-para-apoyar-a-la-comision-20-de-diciembre\\\/#breadcrumb\",\"itemListElement\":[{\"@type\":\"ListItem\",\"position\":1,\"name\":\"Portada\",\"item\":\"https:\\\/\\\/comision20dediciembrede1989.org.pa\\\/\"},{\"@type\":\"ListItem\",\"position\":2,\"name\":\"Canciller\u00eda busca fondos para apoyar a la comisi\u00f3n 20 de diciembre\"}]},{\"@type\":\"WebSite\",\"@id\":\"https:\\\/\\\/comision20dediciembrede1989.org.pa\\\/#website\",\"url\":\"https:\\\/\\\/comision20dediciembrede1989.org.pa\\\/\",\"name\":\"Comision 20 de diciembre\",\"description\":\"Por la Verdad, la Memoria y la Justicia\",\"potentialAction\":[{\"@type\":\"SearchAction\",\"target\":{\"@type\":\"EntryPoint\",\"urlTemplate\":\"https:\\\/\\\/comision20dediciembrede1989.org.pa\\\/?s={search_term_string}\"},\"query-input\":{\"@type\":\"PropertyValueSpecification\",\"valueRequired\":true,\"valueName\":\"search_term_string\"}}],\"inLanguage\":\"es\"},{\"@type\":\"Person\",\"@id\":\"https:\\\/\\\/comision20dediciembrede1989.org.pa\\\/#\\\/schema\\\/person\\\/0fea7be82c37e17f1362e93ba4ef2c6c\",\"name\":\"MFadmin\",\"url\":\"https:\\\/\\\/comision20dediciembrede1989.org.pa\\\/index.php\\\/author\\\/mfadmin\\\/\"}]}<\/script>\n<!-- \/ Yoast SEO plugin. -->","yoast_head_json":{"title":"Canciller\u00eda busca fondos para apoyar a la comisi\u00f3n 20 de diciembre - Comision 20 de diciembre","robots":{"index":"index","follow":"follow","max-snippet":"max-snippet:-1","max-image-preview":"max-image-preview:large","max-video-preview":"max-video-preview:-1"},"canonical":"https:\/\/comision20dediciembrede1989.org.pa\/index.php\/2020\/10\/20\/cancilleria-busca-fondos-para-apoyar-a-la-comision-20-de-diciembre\/","og_locale":"es_ES","og_type":"article","og_title":"Canciller\u00eda busca fondos para apoyar a la comisi\u00f3n 20 de diciembre - Comision 20 de diciembre","og_description":"FUENTE:\u00a0 TVN Dar\u00edo Chir\u00fa, secretario general de la Canciller\u00eda, dijo que pedir\u00e1n un traslado de partida al MEF para otorgar los dineros que hacen falta para culminar los trabajos de exhumaci\u00f3n de las v\u00edctimas del 20 de diciembre de 1989. http:\/\/comision20dediciembrede1989.org.pa\/wp-content\/uploads\/2020\/10\/Canciller\u00eda-busca-fondos-para-apoyar-a-la-Comisi\u00f3n-20-de-Diciembre.mp4","og_url":"https:\/\/comision20dediciembrede1989.org.pa\/index.php\/2020\/10\/20\/cancilleria-busca-fondos-para-apoyar-a-la-comision-20-de-diciembre\/","og_site_name":"Comision 20 de diciembre","article_published_time":"2020-10-20T22:44:58+00:00","article_modified_time":"2022-06-28T19:35:35+00:00","og_image":[{"width":288,"height":294,"url":"https:\/\/comision20dediciembrede1989.org.pa\/wp-content\/uploads\/2020\/07\/tvn-noticias2-e1603462811650.jpeg","type":"image\/jpeg"}],"author":"MFadmin","twitter_card":"summary_large_image","twitter_misc":{"Escrito por":"MFadmin"},"schema":{"@context":"https:\/\/schema.org","@graph":[{"@type":"Article","@id":"https:\/\/comision20dediciembrede1989.org.pa\/index.php\/2020\/10\/20\/cancilleria-busca-fondos-para-apoyar-a-la-comision-20-de-diciembre\/#article","isPartOf":{"@id":"https:\/\/comision20dediciembrede1989.org.pa\/index.php\/2020\/10\/20\/cancilleria-busca-fondos-para-apoyar-a-la-comision-20-de-diciembre\/"},"author":{"name":"MFadmin","@id":"https:\/\/comision20dediciembrede1989.org.pa\/#\/schema\/person\/0fea7be82c37e17f1362e93ba4ef2c6c"},"headline":"Canciller\u00eda busca fondos para apoyar a la comisi\u00f3n 20 de diciembre","datePublished":"2020-10-20T22:44:58+00:00","dateModified":"2022-06-28T19:35:35+00:00","mainEntityOfPage":{"@id":"https:\/\/comision20dediciembrede1989.org.pa\/index.php\/2020\/10\/20\/cancilleria-busca-fondos-para-apoyar-a-la-comision-20-de-diciembre\/"},"wordCount":67,"image":{"@id":"https:\/\/comision20dediciembrede1989.org.pa\/index.php\/2020\/10\/20\/cancilleria-busca-fondos-para-apoyar-a-la-comision-20-de-diciembre\/#primaryimage"},"thumbnailUrl":"https:\/\/comision20dediciembrede1989.org.pa\/wp-content\/uploads\/2020\/07\/tvn-noticias2-e1603462811650.jpeg","articleSection":["2020"],"inLanguage":"es"},{"@type":"WebPage","@id":"https:\/\/comision20dediciembrede1989.org.pa\/index.php\/2020\/10\/20\/cancilleria-busca-fondos-para-apoyar-a-la-comision-20-de-diciembre\/","url":"https:\/\/comision20dediciembrede1989.org.pa\/index.php\/2020\/10\/20\/cancilleria-busca-fondos-para-apoyar-a-la-comision-20-de-diciembre\/","name":"Canciller\u00eda busca fondos para apoyar a la comisi\u00f3n 20 de diciembre - Comision 20 de diciembre","isPartOf":{"@id":"https:\/\/comision20dediciembrede1989.org.pa\/#website"},"primaryImageOfPage":{"@id":"https:\/\/comision20dediciembrede1989.org.pa\/index.php\/2020\/10\/20\/cancilleria-busca-fondos-para-apoyar-a-la-comision-20-de-diciembre\/#primaryimage"},"image":{"@id":"https:\/\/comision20dediciembrede1989.org.pa\/index.php\/2020\/10\/20\/cancilleria-busca-fondos-para-apoyar-a-la-comision-20-de-diciembre\/#primaryimage"},"thumbnailUrl":"https:\/\/comision20dediciembrede1989.org.pa\/wp-content\/uploads\/2020\/07\/tvn-noticias2-e1603462811650.jpeg","datePublished":"2020-10-20T22:44:58+00:00","dateModified":"2022-06-28T19:35:35+00:00","author":{"@id":"https:\/\/comision20dediciembrede1989.org.pa\/#\/schema\/person\/0fea7be82c37e17f1362e93ba4ef2c6c"},"breadcrumb":{"@id":"https:\/\/comision20dediciembrede1989.org.pa\/index.php\/2020\/10\/20\/cancilleria-busca-fondos-para-apoyar-a-la-comision-20-de-diciembre\/#breadcrumb"},"inLanguage":"es","potentialAction":[{"@type":"ReadAction","target":["https:\/\/comision20dediciembrede1989.org.pa\/index.php\/2020\/10\/20\/cancilleria-busca-fondos-para-apoyar-a-la-comision-20-de-diciembre\/"]}]},{"@type":"ImageObject","inLanguage":"es","@id":"https:\/\/comision20dediciembrede1989.org.pa\/index.php\/2020\/10\/20\/cancilleria-busca-fondos-para-apoyar-a-la-comision-20-de-diciembre\/#primaryimage","url":"https:\/\/comision20dediciembrede1989.org.pa\/wp-content\/uploads\/2020\/07\/tvn-noticias2-e1603462811650.jpeg","contentUrl":"https:\/\/comision20dediciembrede1989.org.pa\/wp-content\/uploads\/2020\/07\/tvn-noticias2-e1603462811650.jpeg","width":288,"height":294},{"@type":"BreadcrumbList","@id":"https:\/\/comision20dediciembrede1989.org.pa\/index.php\/2020\/10\/20\/cancilleria-busca-fondos-para-apoyar-a-la-comision-20-de-diciembre\/#breadcrumb","itemListElement":[{"@type":"ListItem","position":1,"name":"Portada","item":"https:\/\/comision20dediciembrede1989.org.pa\/"},{"@type":"ListItem","position":2,"name":"Canciller\u00eda busca fondos para apoyar a la comisi\u00f3n 20 de diciembre"}]},{"@type":"WebSite","@id":"https:\/\/comision20dediciembrede1989.org.pa\/#website","url":"https:\/\/comision20dediciembrede1989.org.pa\/","name":"Comision 20 de diciembre","description":"Por la Verdad, la Memoria y la Justicia","potentialAction":[{"@type":"SearchAction","target":{"@type":"EntryPoint","urlTemplate":"https:\/\/comision20dediciembrede1989.org.pa\/?s={search_term_string}"},"query-input":{"@type":"PropertyValueSpecification","valueRequired":true,"valueName":"search_term_string"}}],"inLanguage":"es"},{"@type":"Person","@id":"https:\/\/comision20dediciembrede1989.org.pa\/#\/schema\/person\/0fea7be82c37e17f1362e93ba4ef2c6c","name":"MFadmin","url":"https:\/\/comision20dediciembrede1989.org.pa\/index.php\/author\/mfadmin\/"}]}},"_links":{"self":[{"href":"https:\/\/comision20dediciembrede1989.org.pa\/index.php\/wp-json\/wp\/v2\/posts\/1255","targetHints":{"allow":["GET"]}}],"collection":[{"href":"https:\/\/comision20dediciembrede1989.org.pa\/index.php\/wp-json\/wp\/v2\/posts"}],"about":[{"href":"https:\/\/comision20dediciembrede1989.org.pa\/index.php\/wp-json\/wp\/v2\/types\/post"}],"author":[{"embeddable":true,"href":"https:\/\/comision20dediciembrede1989.org.pa\/index.php\/wp-json\/wp\/v2\/users\/7"}],"replies":[{"embeddable":true,"href":"https:\/\/comision20dediciembrede1989.org.pa\/index.php\/wp-json\/wp\/v2\/comments?post=1255"}],"version-history":[{"count":5,"href":"https:\/\/comision20dediciembrede1989.org.pa\/index.php\/wp-json\/wp\/v2\/posts\/1255\/revisions"}],"predecessor-version":[{"id":1477,"href":"https:\/\/comision20dediciembrede1989.org.pa\/index.php\/wp-json\/wp\/v2\/posts\/1255\/revisions\/1477"}],"wp:featuredmedia":[{"embeddable":true,"href":"https:\/\/comision20dediciembrede1989.org.pa\/index.php\/wp-json\/wp\/v2\/media\/1209"}],"wp:attachment":[{"href":"https:\/\/comision20dediciembrede1989.org.pa\/index.php\/wp-json\/wp\/v2\/media?parent=1255"}],"wp:term":[{"taxonomy":"category","embeddable":true,"href":"https:\/\/comision20dediciembrede1989.org.pa\/index.php\/wp-json\/wp\/v2\/categories?post=1255"},{"taxonomy":"post_tag","embeddable":true,"href":"https:\/\/comision20dediciembrede1989.org.pa\/index.php\/wp-json\/wp\/v2\/tags?post=1255"}],"curies":[{"name":"wp","href":"https:\/\/api.w.org\/{rel}","templated":true}]}}