{"id":1212,"date":"2020-07-13T14:12:04","date_gmt":"2020-07-13T14:12:04","guid":{"rendered":"http:\/\/comision20dediciembrede1989.org.pa\/?p=1212"},"modified":"2022-06-28T19:35:35","modified_gmt":"2022-06-28T19:35:35","slug":"cancilleria-aun-no-define-futuro-de-la-comision-20-de-diciembre","status":"publish","type":"post","link":"https:\/\/comision20dediciembrede1989.org.pa\/index.php\/2020\/07\/13\/cancilleria-aun-no-define-futuro-de-la-comision-20-de-diciembre\/","title":{"rendered":"Canciller\u00eda a\u00fan no define futuro de la Comisi\u00f3n 20 de Diciembre"},"content":{"rendered":"\t\t<div data-elementor-type=\"wp-post\" data-elementor-id=\"1212\" class=\"elementor elementor-1212\">\n\t\t\t\t\t\t<section class=\"elementor-section elementor-top-section elementor-element elementor-element-c635eb2 elementor-section-boxed elementor-section-height-default elementor-section-height-default\" data-id=\"c635eb2\" data-element_type=\"section\" data-e-type=\"section\">\n\t\t\t\t\t\t<div class=\"elementor-container elementor-column-gap-default\">\n\t\t\t\t\t<div class=\"elementor-column elementor-col-100 elementor-top-column elementor-element elementor-element-2748eae\" data-id=\"2748eae\" data-element_type=\"column\" data-e-type=\"column\">\n\t\t\t<div class=\"elementor-widget-wrap elementor-element-populated\">\n\t\t\t\t\t\t<div class=\"elementor-element elementor-element-98b40ff elementor-widget elementor-widget-text-editor\" data-id=\"98b40ff\" data-element_type=\"widget\" data-e-type=\"widget\" data-widget_type=\"text-editor.default\">\n\t\t\t\t<div class=\"elementor-widget-container\">\n\t\t\t\t\t\t\t\t\t<p>FUENTE: <a href=\"https:\/\/www.laestrella.com.pa\/nacional\/200713\/cancilleria-define-futuro-comision\"><strong>LA ESTRELLA DE PANAMA<\/strong><\/a><\/p><p>A pesar que el pr\u00f3ximo lunes se vence el periodo de la Comisi\u00f3n 20 de Diciembre, que investiga violaciones de derechos humanos durante la invasi\u00f3n de Estados Unidos a Panam\u00e1, la Canciller\u00eda de la Rep\u00fablica no ha definido el futura de la entidad.<\/p>\t\t\t\t\t\t\t\t<\/div>\n\t\t\t\t<\/div>\n\t\t\t\t\t<\/div>\n\t\t<\/div>\n\t\t\t\t\t<\/div>\n\t\t<\/section>\n\t\t\t\t<section class=\"elementor-section elementor-top-section elementor-element elementor-element-4ee5ec3 elementor-section-boxed elementor-section-height-default elementor-section-height-default\" data-id=\"4ee5ec3\" data-element_type=\"section\" data-e-type=\"section\">\n\t\t\t\t\t\t<div class=\"elementor-container elementor-column-gap-default\">\n\t\t\t\t\t<div class=\"elementor-column elementor-col-100 elementor-top-column elementor-element elementor-element-cd33b59\" data-id=\"cd33b59\" data-element_type=\"column\" data-e-type=\"column\">\n\t\t\t<div class=\"elementor-widget-wrap elementor-element-populated\">\n\t\t\t\t\t\t<div class=\"elementor-element elementor-element-61ca39c elementor-widget elementor-widget-image\" data-id=\"61ca39c\" data-element_type=\"widget\" data-e-type=\"widget\" data-widget_type=\"image.default\">\n\t\t\t\t<div class=\"elementor-widget-container\">\n\t\t\t\t\t\t\t\t\t\t\t\t\t\t\t<img fetchpriority=\"high\" decoding=\"async\" width=\"700\" height=\"473\" src=\"https:\/\/comision20dediciembrede1989.org.pa\/wp-content\/uploads\/2020\/07\/5f0bac027ef63.jpeg\" class=\"attachment-large size-large wp-image-1214\" alt=\"\" srcset=\"https:\/\/comision20dediciembrede1989.org.pa\/wp-content\/uploads\/2020\/07\/5f0bac027ef63.jpeg 700w, https:\/\/comision20dediciembrede1989.org.pa\/wp-content\/uploads\/2020\/07\/5f0bac027ef63-300x203.jpeg 300w\" sizes=\"(max-width: 700px) 100vw, 700px\" \/>\t\t\t\t\t\t\t\t\t\t\t\t\t\t\t<\/div>\n\t\t\t\t<\/div>\n\t\t\t\t\t<\/div>\n\t\t<\/div>\n\t\t\t\t\t<\/div>\n\t\t<\/section>\n\t\t\t\t<section class=\"elementor-section elementor-top-section elementor-element elementor-element-8f2dd94 elementor-section-boxed elementor-section-height-default elementor-section-height-default\" data-id=\"8f2dd94\" data-element_type=\"section\" data-e-type=\"section\">\n\t\t\t\t\t\t<div class=\"elementor-container elementor-column-gap-default\">\n\t\t\t\t\t<div class=\"elementor-column elementor-col-100 elementor-top-column elementor-element elementor-element-edba041\" data-id=\"edba041\" data-element_type=\"column\" data-e-type=\"column\">\n\t\t\t<div class=\"elementor-widget-wrap elementor-element-populated\">\n\t\t\t\t\t\t<div class=\"elementor-element elementor-element-9b02091 elementor-widget elementor-widget-text-editor\" data-id=\"9b02091\" data-element_type=\"widget\" data-e-type=\"widget\" data-widget_type=\"text-editor.default\">\n\t\t\t\t<div class=\"elementor-widget-container\">\n\t\t\t\t\t\t\t\t\t<div id=\"m51-50-52\" class=\"article-content-image \"><div class=\"media-container\">La Comisi\u00f3n solicit\u00f3 el pasado 3 de marzo a la Canciller\u00eda extender el periodo de funcionamiento por 18 meses adicionales y una asignaci\u00f3n presupuestaria de al menos $465,000. Hasta el pasado viernes, la Canciller\u00eda no hab\u00eda emitido el Decreto Ejecutivo para extender el periodo y fuentes de la entidad informaron que solo faltaba la firma del canciller Alejandro Ferrer.<\/div><\/div><p id=\"m105-104-106\" class=\"paragraph \">En la Comisi\u00f3n 20 de Diciembre hay preocupaciones porque solo podr\u00e1n operar hasta el pr\u00f3ximo viernes.<\/p><div class=\"article-content-ad \" data-ad-position=\"content\" data-article-id=\"429640\" data-article-category=\"nacional\"><div class=\"article-content-ad\" data-article-id=\"429640\" data-ad-position=\"A\">Aunque la Canciller\u00eda firme el decreto, la Comisi\u00f3n 20 de Diciembre requiere que la instituci\u00f3n tambi\u00e9n extienda el periodo del acuerdo con la Fundaci\u00f3n Ciudad del Saber para el manejo de los fondos. Este acuerdo, al igual que el decreto que crea la Comisi\u00f3n, tambi\u00e9n necesita ser renovado y refrendado por la Contraloria para que los fondos puedan ser utilizados.<\/div><\/div><p id=\"m120-119-121\" class=\"paragraph \">Los directivos de la Comisi\u00f3n 20 de Diciembre dudan que todo esto ocurra en una semana, por lo que solo podr\u00e1n operar hasta el pr\u00f3ximo viernes.<\/p><p id=\"m125-124-126\" class=\"paragraph \">Esta realidad que debe enfrentar la Comisi\u00f3n en medio de los trabajos de estudios que deben realizar a los restos \u00f3seos que fueron exhumados de la fosa com\u00fan del Jard\u00edn de Paz de v\u00edctimas de la invasi\u00f3n.<\/p><p id=\"m135-134-136\" class=\"paragraph \">Los trabajos de exhumaci\u00f3n culminaron y, ahora, el Instituto de Medicina Legal requiere continuar con los an\u00e1lisis de los restos, incluyendo, contratar un laboratorio extranjero para el estudio de ADN. Estos trabajos son sufragados con fondos de la Comisi\u00f3n 20 de Diciembre que sale del presupuesto de la Canciller\u00eda.<\/p><p id=\"m140-139-141\" class=\"paragraph \">La Comisi\u00f3n solicit\u00f3, adem\u00e1s, al Ministerio P\u00fablico realizar exhumaciones en el cementerio de Monte Esperanza, en la provincia de Col\u00f3n, para continuar con la b\u00fasqueda e identificar de v\u00edctimas de la invasi\u00f3n, ocurrida el 20 de diciembre de 1989.<\/p><p id=\"m145-144-146\" class=\"paragraph \">Una fuente de la Canciller\u00eda indic\u00f3 que la extensi\u00f3n del periodo de la Comisi\u00f3n solo ser\u00e1 por 12 meses y no por 18 como lo hab\u00eda solicitado la Comisi\u00f3n.<\/p><div class=\"article-content-ad \" data-ad-position=\"content\" data-article-id=\"429640\" data-article-category=\"nacional\"><div class=\"article-content-ad\" data-article-id=\"429640\" data-ad-position=\"C\">\u00a0<\/div><\/div><p id=\"m155-154-156\" class=\"paragraph \">Parte del trabajo de la Comisi\u00f3n es determinar la cifra oficial de los paname\u00f1os que fallecieron durante la intervenci\u00f3n armada de los Estados Unidos.<\/p><p id=\"m160-159-161\" class=\"paragraph \"><strong>Recorrido de una comisi\u00f3n<\/strong><\/p><p id=\"m165-164-166\" class=\"paragraph \"><strong>Las familias de las v\u00edctimas de la invasi\u00f3n han reclamado justicia por 30 a\u00f1os<\/strong><\/p><p id=\"m170-169-171\" class=\"paragraph \"><strong>2016\u00a0<\/strong>El 20 de junio de ese a\u00f1o, el entonces presidente Juan Carlos Varela cre\u00f3 la Comisi\u00f3n 20 de Diciembre<\/p><p id=\"m175-174-176\" class=\"paragraph \"><strong>2017\u00a0<\/strong>En mayo la Contralor\u00eda refrend\u00f3 el acuerdo entre la Canciller\u00eda y Ciudad del Saber para el uso de los fondos<\/p><p id=\"m180-179-181\" class=\"paragraph \"><strong>2019\u00a0<\/strong>En marzo se emiti\u00f3 el Decreto Ejecutivo No. 51 que extiende el periodo de la Comisi\u00f3n 20 de Diciemrbe hasta el 20 de julio de este a\u00f1o.<\/p>\t\t\t\t\t\t\t\t<\/div>\n\t\t\t\t<\/div>\n\t\t\t\t\t<\/div>\n\t\t<\/div>\n\t\t\t\t\t<\/div>\n\t\t<\/section>\n\t\t\t\t<\/div>\n\t\t","protected":false},"excerpt":{"rendered":"<p>FUENTE: LA ESTRELLA DE PANAMA A pesar que el pr\u00f3ximo lunes se vence el periodo de la Comisi\u00f3n 20 de Diciembre, que investiga violaciones de derechos humanos durante la invasi\u00f3n de Estados Unidos a Panam\u00e1, la Canciller\u00eda de la Rep\u00fablica no ha definido el futura de la entidad. La Comisi\u00f3n solicit\u00f3 el pasado 3 de marzo a la Canciller\u00eda extender el periodo de funcionamiento por 18 meses adicionales y una asignaci\u00f3n presupuestaria de al menos $465,000. Hasta el pasado viernes, la Canciller\u00eda no hab\u00eda emitido el Decreto Ejecutivo para extender el periodo y fuentes de la entidad informaron que solo faltaba la firma del canciller Alejandro Ferrer. En la Comisi\u00f3n 20 de Diciembre hay preocupaciones porque solo podr\u00e1n operar hasta el pr\u00f3ximo viernes. Aunque la Canciller\u00eda firme el decreto, la Comisi\u00f3n 20 de Diciembre requiere que la instituci\u00f3n tambi\u00e9n extienda el periodo del acuerdo con la Fundaci\u00f3n Ciudad del Saber para el manejo de los fondos. Este acuerdo, al igual que el decreto que crea la Comisi\u00f3n, tambi\u00e9n necesita ser renovado y refrendado por la Contraloria para que los fondos puedan ser utilizados. Los directivos de la Comisi\u00f3n 20 de Diciembre dudan que todo esto ocurra en una semana, por lo que solo podr\u00e1n operar hasta el pr\u00f3ximo viernes. Esta realidad que debe enfrentar la Comisi\u00f3n en medio de los trabajos de estudios que deben realizar a los restos \u00f3seos que fueron exhumados de la fosa com\u00fan del Jard\u00edn de Paz de v\u00edctimas de la invasi\u00f3n. Los trabajos de exhumaci\u00f3n [&hellip;]<\/p>\n","protected":false},"author":7,"featured_media":1188,"comment_status":"closed","ping_status":"closed","sticky":false,"template":"","format":"standard","meta":{"footnotes":""},"categories":[7],"tags":[],"class_list":["post-1212","post","type-post","status-publish","format-standard","has-post-thumbnail","hentry","category-7"],"yoast_head":"<!-- This site is optimized with the Yoast SEO plugin v27.5 - https:\/\/yoast.com\/product\/yoast-seo-wordpress\/ -->\n<title>Canciller\u00eda a\u00fan no define futuro de la Comisi\u00f3n 20 de Diciembre - Comision 20 de diciembre<\/title>\n<meta name=\"robots\" content=\"index, follow, max-snippet:-1, max-image-preview:large, max-video-preview:-1\" \/>\n<link rel=\"canonical\" href=\"https:\/\/comision20dediciembrede1989.org.pa\/index.php\/2020\/07\/13\/cancilleria-aun-no-define-futuro-de-la-comision-20-de-diciembre\/\" \/>\n<meta property=\"og:locale\" content=\"es_ES\" \/>\n<meta property=\"og:type\" content=\"article\" \/>\n<meta property=\"og:title\" content=\"Canciller\u00eda a\u00fan no define futuro de la Comisi\u00f3n 20 de Diciembre - Comision 20 de diciembre\" \/>\n<meta property=\"og:description\" content=\"FUENTE: LA ESTRELLA DE PANAMA A pesar que el pr\u00f3ximo lunes se vence el periodo de la Comisi\u00f3n 20 de Diciembre, que investiga violaciones de derechos humanos durante la invasi\u00f3n de Estados Unidos a Panam\u00e1, la Canciller\u00eda de la Rep\u00fablica no ha definido el futura de la entidad. La Comisi\u00f3n solicit\u00f3 el pasado 3 de marzo a la Canciller\u00eda extender el periodo de funcionamiento por 18 meses adicionales y una asignaci\u00f3n presupuestaria de al menos $465,000. Hasta el pasado viernes, la Canciller\u00eda no hab\u00eda emitido el Decreto Ejecutivo para extender el periodo y fuentes de la entidad informaron que solo faltaba la firma del canciller Alejandro Ferrer. En la Comisi\u00f3n 20 de Diciembre hay preocupaciones porque solo podr\u00e1n operar hasta el pr\u00f3ximo viernes. Aunque la Canciller\u00eda firme el decreto, la Comisi\u00f3n 20 de Diciembre requiere que la instituci\u00f3n tambi\u00e9n extienda el periodo del acuerdo con la Fundaci\u00f3n Ciudad del Saber para el manejo de los fondos. Este acuerdo, al igual que el decreto que crea la Comisi\u00f3n, tambi\u00e9n necesita ser renovado y refrendado por la Contraloria para que los fondos puedan ser utilizados. Los directivos de la Comisi\u00f3n 20 de Diciembre dudan que todo esto ocurra en una semana, por lo que solo podr\u00e1n operar hasta el pr\u00f3ximo viernes. Esta realidad que debe enfrentar la Comisi\u00f3n en medio de los trabajos de estudios que deben realizar a los restos \u00f3seos que fueron exhumados de la fosa com\u00fan del Jard\u00edn de Paz de v\u00edctimas de la invasi\u00f3n. Los trabajos de exhumaci\u00f3n [&hellip;]\" \/>\n<meta property=\"og:url\" content=\"https:\/\/comision20dediciembrede1989.org.pa\/index.php\/2020\/07\/13\/cancilleria-aun-no-define-futuro-de-la-comision-20-de-diciembre\/\" \/>\n<meta property=\"og:site_name\" content=\"Comision 20 de diciembre\" \/>\n<meta property=\"article:published_time\" content=\"2020-07-13T14:12:04+00:00\" \/>\n<meta property=\"article:modified_time\" content=\"2022-06-28T19:35:35+00:00\" \/>\n<meta property=\"og:image\" content=\"https:\/\/comision20dediciembrede1989.org.pa\/wp-content\/uploads\/2020\/06\/logo-la-estrella-600x600.png\" \/>\n\t<meta property=\"og:image:width\" content=\"600\" \/>\n\t<meta property=\"og:image:height\" content=\"600\" \/>\n\t<meta property=\"og:image:type\" content=\"image\/png\" \/>\n<meta name=\"author\" content=\"MFadmin\" \/>\n<meta name=\"twitter:card\" content=\"summary_large_image\" \/>\n<meta name=\"twitter:label1\" content=\"Escrito por\" \/>\n\t<meta name=\"twitter:data1\" content=\"MFadmin\" \/>\n\t<meta name=\"twitter:label2\" content=\"Tiempo de lectura\" \/>\n\t<meta name=\"twitter:data2\" content=\"3 minutos\" \/>\n<script type=\"application\/ld+json\" class=\"yoast-schema-graph\">{\"@context\":\"https:\\\/\\\/schema.org\",\"@graph\":[{\"@type\":\"Article\",\"@id\":\"https:\\\/\\\/comision20dediciembrede1989.org.pa\\\/index.php\\\/2020\\\/07\\\/13\\\/cancilleria-aun-no-define-futuro-de-la-comision-20-de-diciembre\\\/#article\",\"isPartOf\":{\"@id\":\"https:\\\/\\\/comision20dediciembrede1989.org.pa\\\/index.php\\\/2020\\\/07\\\/13\\\/cancilleria-aun-no-define-futuro-de-la-comision-20-de-diciembre\\\/\"},\"author\":{\"name\":\"MFadmin\",\"@id\":\"https:\\\/\\\/comision20dediciembrede1989.org.pa\\\/#\\\/schema\\\/person\\\/0fea7be82c37e17f1362e93ba4ef2c6c\"},\"headline\":\"Canciller\u00eda a\u00fan no define futuro de la Comisi\u00f3n 20 de Diciembre\",\"datePublished\":\"2020-07-13T14:12:04+00:00\",\"dateModified\":\"2022-06-28T19:35:35+00:00\",\"mainEntityOfPage\":{\"@id\":\"https:\\\/\\\/comision20dediciembrede1989.org.pa\\\/index.php\\\/2020\\\/07\\\/13\\\/cancilleria-aun-no-define-futuro-de-la-comision-20-de-diciembre\\\/\"},\"wordCount\":523,\"image\":{\"@id\":\"https:\\\/\\\/comision20dediciembrede1989.org.pa\\\/index.php\\\/2020\\\/07\\\/13\\\/cancilleria-aun-no-define-futuro-de-la-comision-20-de-diciembre\\\/#primaryimage\"},\"thumbnailUrl\":\"https:\\\/\\\/comision20dediciembrede1989.org.pa\\\/wp-content\\\/uploads\\\/2020\\\/06\\\/logo-la-estrella-600x600.png\",\"articleSection\":[\"2020\"],\"inLanguage\":\"es\"},{\"@type\":\"WebPage\",\"@id\":\"https:\\\/\\\/comision20dediciembrede1989.org.pa\\\/index.php\\\/2020\\\/07\\\/13\\\/cancilleria-aun-no-define-futuro-de-la-comision-20-de-diciembre\\\/\",\"url\":\"https:\\\/\\\/comision20dediciembrede1989.org.pa\\\/index.php\\\/2020\\\/07\\\/13\\\/cancilleria-aun-no-define-futuro-de-la-comision-20-de-diciembre\\\/\",\"name\":\"Canciller\u00eda a\u00fan no define futuro de la Comisi\u00f3n 20 de Diciembre - Comision 20 de diciembre\",\"isPartOf\":{\"@id\":\"https:\\\/\\\/comision20dediciembrede1989.org.pa\\\/#website\"},\"primaryImageOfPage\":{\"@id\":\"https:\\\/\\\/comision20dediciembrede1989.org.pa\\\/index.php\\\/2020\\\/07\\\/13\\\/cancilleria-aun-no-define-futuro-de-la-comision-20-de-diciembre\\\/#primaryimage\"},\"image\":{\"@id\":\"https:\\\/\\\/comision20dediciembrede1989.org.pa\\\/index.php\\\/2020\\\/07\\\/13\\\/cancilleria-aun-no-define-futuro-de-la-comision-20-de-diciembre\\\/#primaryimage\"},\"thumbnailUrl\":\"https:\\\/\\\/comision20dediciembrede1989.org.pa\\\/wp-content\\\/uploads\\\/2020\\\/06\\\/logo-la-estrella-600x600.png\",\"datePublished\":\"2020-07-13T14:12:04+00:00\",\"dateModified\":\"2022-06-28T19:35:35+00:00\",\"author\":{\"@id\":\"https:\\\/\\\/comision20dediciembrede1989.org.pa\\\/#\\\/schema\\\/person\\\/0fea7be82c37e17f1362e93ba4ef2c6c\"},\"breadcrumb\":{\"@id\":\"https:\\\/\\\/comision20dediciembrede1989.org.pa\\\/index.php\\\/2020\\\/07\\\/13\\\/cancilleria-aun-no-define-futuro-de-la-comision-20-de-diciembre\\\/#breadcrumb\"},\"inLanguage\":\"es\",\"potentialAction\":[{\"@type\":\"ReadAction\",\"target\":[\"https:\\\/\\\/comision20dediciembrede1989.org.pa\\\/index.php\\\/2020\\\/07\\\/13\\\/cancilleria-aun-no-define-futuro-de-la-comision-20-de-diciembre\\\/\"]}]},{\"@type\":\"ImageObject\",\"inLanguage\":\"es\",\"@id\":\"https:\\\/\\\/comision20dediciembrede1989.org.pa\\\/index.php\\\/2020\\\/07\\\/13\\\/cancilleria-aun-no-define-futuro-de-la-comision-20-de-diciembre\\\/#primaryimage\",\"url\":\"https:\\\/\\\/comision20dediciembrede1989.org.pa\\\/wp-content\\\/uploads\\\/2020\\\/06\\\/logo-la-estrella-600x600.png\",\"contentUrl\":\"https:\\\/\\\/comision20dediciembrede1989.org.pa\\\/wp-content\\\/uploads\\\/2020\\\/06\\\/logo-la-estrella-600x600.png\",\"width\":600,\"height\":600},{\"@type\":\"BreadcrumbList\",\"@id\":\"https:\\\/\\\/comision20dediciembrede1989.org.pa\\\/index.php\\\/2020\\\/07\\\/13\\\/cancilleria-aun-no-define-futuro-de-la-comision-20-de-diciembre\\\/#breadcrumb\",\"itemListElement\":[{\"@type\":\"ListItem\",\"position\":1,\"name\":\"Portada\",\"item\":\"https:\\\/\\\/comision20dediciembrede1989.org.pa\\\/\"},{\"@type\":\"ListItem\",\"position\":2,\"name\":\"Canciller\u00eda a\u00fan no define futuro de la Comisi\u00f3n 20 de Diciembre\"}]},{\"@type\":\"WebSite\",\"@id\":\"https:\\\/\\\/comision20dediciembrede1989.org.pa\\\/#website\",\"url\":\"https:\\\/\\\/comision20dediciembrede1989.org.pa\\\/\",\"name\":\"Comision 20 de diciembre\",\"description\":\"Por la Verdad, la Memoria y la Justicia\",\"potentialAction\":[{\"@type\":\"SearchAction\",\"target\":{\"@type\":\"EntryPoint\",\"urlTemplate\":\"https:\\\/\\\/comision20dediciembrede1989.org.pa\\\/?s={search_term_string}\"},\"query-input\":{\"@type\":\"PropertyValueSpecification\",\"valueRequired\":true,\"valueName\":\"search_term_string\"}}],\"inLanguage\":\"es\"},{\"@type\":\"Person\",\"@id\":\"https:\\\/\\\/comision20dediciembrede1989.org.pa\\\/#\\\/schema\\\/person\\\/0fea7be82c37e17f1362e93ba4ef2c6c\",\"name\":\"MFadmin\",\"url\":\"https:\\\/\\\/comision20dediciembrede1989.org.pa\\\/index.php\\\/author\\\/mfadmin\\\/\"}]}<\/script>\n<!-- \/ Yoast SEO plugin. -->","yoast_head_json":{"title":"Canciller\u00eda a\u00fan no define futuro de la Comisi\u00f3n 20 de Diciembre - Comision 20 de diciembre","robots":{"index":"index","follow":"follow","max-snippet":"max-snippet:-1","max-image-preview":"max-image-preview:large","max-video-preview":"max-video-preview:-1"},"canonical":"https:\/\/comision20dediciembrede1989.org.pa\/index.php\/2020\/07\/13\/cancilleria-aun-no-define-futuro-de-la-comision-20-de-diciembre\/","og_locale":"es_ES","og_type":"article","og_title":"Canciller\u00eda a\u00fan no define futuro de la Comisi\u00f3n 20 de Diciembre - Comision 20 de diciembre","og_description":"FUENTE: LA ESTRELLA DE PANAMA A pesar que el pr\u00f3ximo lunes se vence el periodo de la Comisi\u00f3n 20 de Diciembre, que investiga violaciones de derechos humanos durante la invasi\u00f3n de Estados Unidos a Panam\u00e1, la Canciller\u00eda de la Rep\u00fablica no ha definido el futura de la entidad. La Comisi\u00f3n solicit\u00f3 el pasado 3 de marzo a la Canciller\u00eda extender el periodo de funcionamiento por 18 meses adicionales y una asignaci\u00f3n presupuestaria de al menos $465,000. Hasta el pasado viernes, la Canciller\u00eda no hab\u00eda emitido el Decreto Ejecutivo para extender el periodo y fuentes de la entidad informaron que solo faltaba la firma del canciller Alejandro Ferrer. En la Comisi\u00f3n 20 de Diciembre hay preocupaciones porque solo podr\u00e1n operar hasta el pr\u00f3ximo viernes. Aunque la Canciller\u00eda firme el decreto, la Comisi\u00f3n 20 de Diciembre requiere que la instituci\u00f3n tambi\u00e9n extienda el periodo del acuerdo con la Fundaci\u00f3n Ciudad del Saber para el manejo de los fondos. Este acuerdo, al igual que el decreto que crea la Comisi\u00f3n, tambi\u00e9n necesita ser renovado y refrendado por la Contraloria para que los fondos puedan ser utilizados. Los directivos de la Comisi\u00f3n 20 de Diciembre dudan que todo esto ocurra en una semana, por lo que solo podr\u00e1n operar hasta el pr\u00f3ximo viernes. Esta realidad que debe enfrentar la Comisi\u00f3n en medio de los trabajos de estudios que deben realizar a los restos \u00f3seos que fueron exhumados de la fosa com\u00fan del Jard\u00edn de Paz de v\u00edctimas de la invasi\u00f3n. Los trabajos de exhumaci\u00f3n [&hellip;]","og_url":"https:\/\/comision20dediciembrede1989.org.pa\/index.php\/2020\/07\/13\/cancilleria-aun-no-define-futuro-de-la-comision-20-de-diciembre\/","og_site_name":"Comision 20 de diciembre","article_published_time":"2020-07-13T14:12:04+00:00","article_modified_time":"2022-06-28T19:35:35+00:00","og_image":[{"width":600,"height":600,"url":"https:\/\/comision20dediciembrede1989.org.pa\/wp-content\/uploads\/2020\/06\/logo-la-estrella-600x600.png","type":"image\/png"}],"author":"MFadmin","twitter_card":"summary_large_image","twitter_misc":{"Escrito por":"MFadmin","Tiempo de lectura":"3 minutos"},"schema":{"@context":"https:\/\/schema.org","@graph":[{"@type":"Article","@id":"https:\/\/comision20dediciembrede1989.org.pa\/index.php\/2020\/07\/13\/cancilleria-aun-no-define-futuro-de-la-comision-20-de-diciembre\/#article","isPartOf":{"@id":"https:\/\/comision20dediciembrede1989.org.pa\/index.php\/2020\/07\/13\/cancilleria-aun-no-define-futuro-de-la-comision-20-de-diciembre\/"},"author":{"name":"MFadmin","@id":"https:\/\/comision20dediciembrede1989.org.pa\/#\/schema\/person\/0fea7be82c37e17f1362e93ba4ef2c6c"},"headline":"Canciller\u00eda a\u00fan no define futuro de la Comisi\u00f3n 20 de Diciembre","datePublished":"2020-07-13T14:12:04+00:00","dateModified":"2022-06-28T19:35:35+00:00","mainEntityOfPage":{"@id":"https:\/\/comision20dediciembrede1989.org.pa\/index.php\/2020\/07\/13\/cancilleria-aun-no-define-futuro-de-la-comision-20-de-diciembre\/"},"wordCount":523,"image":{"@id":"https:\/\/comision20dediciembrede1989.org.pa\/index.php\/2020\/07\/13\/cancilleria-aun-no-define-futuro-de-la-comision-20-de-diciembre\/#primaryimage"},"thumbnailUrl":"https:\/\/comision20dediciembrede1989.org.pa\/wp-content\/uploads\/2020\/06\/logo-la-estrella-600x600.png","articleSection":["2020"],"inLanguage":"es"},{"@type":"WebPage","@id":"https:\/\/comision20dediciembrede1989.org.pa\/index.php\/2020\/07\/13\/cancilleria-aun-no-define-futuro-de-la-comision-20-de-diciembre\/","url":"https:\/\/comision20dediciembrede1989.org.pa\/index.php\/2020\/07\/13\/cancilleria-aun-no-define-futuro-de-la-comision-20-de-diciembre\/","name":"Canciller\u00eda a\u00fan no define futuro de la Comisi\u00f3n 20 de Diciembre - Comision 20 de diciembre","isPartOf":{"@id":"https:\/\/comision20dediciembrede1989.org.pa\/#website"},"primaryImageOfPage":{"@id":"https:\/\/comision20dediciembrede1989.org.pa\/index.php\/2020\/07\/13\/cancilleria-aun-no-define-futuro-de-la-comision-20-de-diciembre\/#primaryimage"},"image":{"@id":"https:\/\/comision20dediciembrede1989.org.pa\/index.php\/2020\/07\/13\/cancilleria-aun-no-define-futuro-de-la-comision-20-de-diciembre\/#primaryimage"},"thumbnailUrl":"https:\/\/comision20dediciembrede1989.org.pa\/wp-content\/uploads\/2020\/06\/logo-la-estrella-600x600.png","datePublished":"2020-07-13T14:12:04+00:00","dateModified":"2022-06-28T19:35:35+00:00","author":{"@id":"https:\/\/comision20dediciembrede1989.org.pa\/#\/schema\/person\/0fea7be82c37e17f1362e93ba4ef2c6c"},"breadcrumb":{"@id":"https:\/\/comision20dediciembrede1989.org.pa\/index.php\/2020\/07\/13\/cancilleria-aun-no-define-futuro-de-la-comision-20-de-diciembre\/#breadcrumb"},"inLanguage":"es","potentialAction":[{"@type":"ReadAction","target":["https:\/\/comision20dediciembrede1989.org.pa\/index.php\/2020\/07\/13\/cancilleria-aun-no-define-futuro-de-la-comision-20-de-diciembre\/"]}]},{"@type":"ImageObject","inLanguage":"es","@id":"https:\/\/comision20dediciembrede1989.org.pa\/index.php\/2020\/07\/13\/cancilleria-aun-no-define-futuro-de-la-comision-20-de-diciembre\/#primaryimage","url":"https:\/\/comision20dediciembrede1989.org.pa\/wp-content\/uploads\/2020\/06\/logo-la-estrella-600x600.png","contentUrl":"https:\/\/comision20dediciembrede1989.org.pa\/wp-content\/uploads\/2020\/06\/logo-la-estrella-600x600.png","width":600,"height":600},{"@type":"BreadcrumbList","@id":"https:\/\/comision20dediciembrede1989.org.pa\/index.php\/2020\/07\/13\/cancilleria-aun-no-define-futuro-de-la-comision-20-de-diciembre\/#breadcrumb","itemListElement":[{"@type":"ListItem","position":1,"name":"Portada","item":"https:\/\/comision20dediciembrede1989.org.pa\/"},{"@type":"ListItem","position":2,"name":"Canciller\u00eda a\u00fan no define futuro de la Comisi\u00f3n 20 de Diciembre"}]},{"@type":"WebSite","@id":"https:\/\/comision20dediciembrede1989.org.pa\/#website","url":"https:\/\/comision20dediciembrede1989.org.pa\/","name":"Comision 20 de diciembre","description":"Por la Verdad, la Memoria y la Justicia","potentialAction":[{"@type":"SearchAction","target":{"@type":"EntryPoint","urlTemplate":"https:\/\/comision20dediciembrede1989.org.pa\/?s={search_term_string}"},"query-input":{"@type":"PropertyValueSpecification","valueRequired":true,"valueName":"search_term_string"}}],"inLanguage":"es"},{"@type":"Person","@id":"https:\/\/comision20dediciembrede1989.org.pa\/#\/schema\/person\/0fea7be82c37e17f1362e93ba4ef2c6c","name":"MFadmin","url":"https:\/\/comision20dediciembrede1989.org.pa\/index.php\/author\/mfadmin\/"}]}},"_links":{"self":[{"href":"https:\/\/comision20dediciembrede1989.org.pa\/index.php\/wp-json\/wp\/v2\/posts\/1212","targetHints":{"allow":["GET"]}}],"collection":[{"href":"https:\/\/comision20dediciembrede1989.org.pa\/index.php\/wp-json\/wp\/v2\/posts"}],"about":[{"href":"https:\/\/comision20dediciembrede1989.org.pa\/index.php\/wp-json\/wp\/v2\/types\/post"}],"author":[{"embeddable":true,"href":"https:\/\/comision20dediciembrede1989.org.pa\/index.php\/wp-json\/wp\/v2\/users\/7"}],"replies":[{"embeddable":true,"href":"https:\/\/comision20dediciembrede1989.org.pa\/index.php\/wp-json\/wp\/v2\/comments?post=1212"}],"version-history":[{"count":4,"href":"https:\/\/comision20dediciembrede1989.org.pa\/index.php\/wp-json\/wp\/v2\/posts\/1212\/revisions"}],"predecessor-version":[{"id":1483,"href":"https:\/\/comision20dediciembrede1989.org.pa\/index.php\/wp-json\/wp\/v2\/posts\/1212\/revisions\/1483"}],"wp:featuredmedia":[{"embeddable":true,"href":"https:\/\/comision20dediciembrede1989.org.pa\/index.php\/wp-json\/wp\/v2\/media\/1188"}],"wp:attachment":[{"href":"https:\/\/comision20dediciembrede1989.org.pa\/index.php\/wp-json\/wp\/v2\/media?parent=1212"}],"wp:term":[{"taxonomy":"category","embeddable":true,"href":"https:\/\/comision20dediciembrede1989.org.pa\/index.php\/wp-json\/wp\/v2\/categories?post=1212"},{"taxonomy":"post_tag","embeddable":true,"href":"https:\/\/comision20dediciembrede1989.org.pa\/index.php\/wp-json\/wp\/v2\/tags?post=1212"}],"curies":[{"name":"wp","href":"https:\/\/api.w.org\/{rel}","templated":true}]}}